{"id":99,"date":"2009-02-18T06:25:48","date_gmt":"2009-02-18T06:25:48","guid":{"rendered":"https:\/\/amagep.co.za\/fr\/2009\/02\/18\/mali-700-rebelles-touareg-ont-rendu-leurs-armes-a-kidal\/"},"modified":"2009-02-18T06:25:48","modified_gmt":"2009-02-18T06:25:48","slug":"mali-700-rebelles-touareg-ont-rendu-leurs-armes-a-kidal","status":"publish","type":"post","link":"https:\/\/amagep.co.za\/fr\/mali-700-rebelles-touareg-ont-rendu-leurs-armes-a-kidal\/","title":{"rendered":"Mali : 700 rebelles Touareg ont rendu leurs armes \u00e0 Kidal"},"content":{"rendered":"<p><strong><img loading=\"lazy\" class=\" size-full wp-image-98\" src=\"https:\/\/amagep.co.za\/fr\/wp-content\/uploads\/2009\/02\/45468166_mali_afp_226.jpg\" border=\"0\" width=\"226\" height=\"170\" \/><\/strong><\/p>\n<p><strong>La c\u00e9r\u00e9monie \u00e0 Kidal dans le nord du pays a \u00e9t\u00e9 le moment culminant du retour des ex-combattants Touareg au processus de paix commenc\u00e9 vendredi dernier. <!--more--> <\/strong><\/p>\n<p>Et pour l\u2019occasion, c\u2019est le principal n\u00e9gociateur malien, le g\u00e9n\u00e9ral Kafougouna Kon\u00e9, qui est aussi le ministre de l\u2019administration terriotriale qui a fait le d\u00e9placement de Kidal mardi matin, avec \u00e0 ses c\u00f4t\u00e9s le chef d\u2019Etat &#8211; commandant en chef des arm\u00e9es et l\u2019ambassadeur d\u2019Alg\u00e9rie au Mali. <\/p>\n<p class=\"storytext\">Et c\u2019est vers 10 heures que la longue colonne de v\u00e9hicules 4&#215;4 a fait son entr\u00e9e dans la ville de Kidal.<\/p>\n<p class=\"storytext\"><!-- end_story -->Selon nos sources, environ 700 combattants, dont 78 militaires d\u00e9serteurs, avec des officiers comme le colonel Hassan Fagaga, se sont ainsi pr\u00e9sent\u00e9s pour rendre leurs armes. <\/p>\n<p class=\"storytext\">Les jeunes civils, qui constitue le gros du lot, ont \u00e9t\u00e9 pri\u00e9s de rejoindre leur campement ou famille, alors que les militaires d\u00e9serteurs ont \u00e9t\u00e9 cantonn\u00e9s. <\/p>\n<p class=\"storytext\">Comme lors des pr\u00e9c\u00e9dentes op\u00e9rations de d\u00e9mobilisation, une importante quantit\u00e9 d\u2019armes de guerre et de munitions, ainsi que deux v\u00e9hicules 4&#215;4 ont \u00e9t\u00e9 rendus aux forces arm\u00e9es maliennes. <\/p>\n<p class=\"storytext\">Tous ceux qui ont r\u00e9gagn\u00e9 la ville de Kidal ce mardi appartiennent au groupe Rharous Kayoun, une aile importante de l\u2019alliance d\u00e9mocratique du 23 mai pour le changement. <\/p>\n<p class=\"storytext\">Avec la pr\u00e9sence des \u00e9l\u00e9ments comme Hassan Fagaga, Bamoussa et Haroun, c\u2019est le commandement militaire op\u00e9rationnel de la rebellion qui abandonne le maquis. <\/p>\n<p class=\"storytext\">En moins d\u2019une semaine, \u00e0 en croire le d\u00e9compte de nos sources, ce sont plus de 1500 combattants qui ont ainsi rejoint le processus de paix, apr\u00e8s les c\u00e9r\u00e9monies d\u2019Inabag, de Djounehan et de Kidal. <\/p>\n<p class=\"storytext\">Parmi eux, on d\u00e9nombre plus de 300 militaires et recrues d\u00e9serteurs.<\/p>\n<p class=\"storytext\">C&rsquo;est une bonne op\u00e9ration pour le gouvernement malien. <\/p>\n<p class=\"storytext\">Cependant on ignore le sort de Ibrahim Ag Bahanga, toujours en fuite.<\/p>\n<p class=\"storytext\">Source<\/p>\n<p class=\"storytext\"><a href=\"http:\/\/www.bbc.co.uk\/french\/news\/story\/2009\/02\/090217_mali_touareg.shtml\" title=\"bbc.co.uk\">Bbc.co.uk<\/a><\/p>\n<!-- AddThis Advanced Settings generic via filter on the_content --><!-- AddThis Share Buttons generic via filter on the_content -->","protected":false},"excerpt":{"rendered":"<p>La c\u00e9r\u00e9monie \u00e0 Kidal dans le nord du pays a \u00e9t\u00e9 le moment culminant du&#8230;<!-- AddThis Advanced Settings generic via filter on get_the_excerpt --><!-- AddThis Share Buttons generic via filter on get_the_excerpt --><\/p>\n","protected":false},"author":1,"featured_media":98,"comment_status":"open","ping_status":"open","sticky":false,"template":"","format":"standard","meta":[],"categories":[6],"tags":[],"_links":{"self":[{"href":"https:\/\/amagep.co.za\/fr\/wp-json\/wp\/v2\/posts\/99"}],"collection":[{"href":"https:\/\/amagep.co.za\/fr\/wp-json\/wp\/v2\/posts"}],"about":[{"href":"https:\/\/amagep.co.za\/fr\/wp-json\/wp\/v2\/types\/post"}],"author":[{"embeddable":true,"href":"https:\/\/amagep.co.za\/fr\/wp-json\/wp\/v2\/users\/1"}],"replies":[{"embeddable":true,"href":"https:\/\/amagep.co.za\/fr\/wp-json\/wp\/v2\/comments?post=99"}],"version-history":[{"count":0,"href":"https:\/\/amagep.co.za\/fr\/wp-json\/wp\/v2\/posts\/99\/revisions"}],"wp:featuredmedia":[{"embeddable":true,"href":"https:\/\/amagep.co.za\/fr\/wp-json\/wp\/v2\/media\/98"}],"wp:attachment":[{"href":"https:\/\/amagep.co.za\/fr\/wp-json\/wp\/v2\/media?parent=99"}],"wp:term":[{"taxonomy":"category","embeddable":true,"href":"https:\/\/amagep.co.za\/fr\/wp-json\/wp\/v2\/categories?post=99"},{"taxonomy":"post_tag","embeddable":true,"href":"https:\/\/amagep.co.za\/fr\/wp-json\/wp\/v2\/tags?post=99"}],"curies":[{"name":"wp","href":"https:\/\/api.w.org\/{rel}","templated":true}]}}