{"id":93,"date":"2009-02-11T13:16:15","date_gmt":"2009-02-11T13:16:15","guid":{"rendered":"https:\/\/amagep.co.za\/fr\/2009\/02\/11\/wazekwa-a-lolympia-le-14-avril-2009\/"},"modified":"2009-02-11T13:16:15","modified_gmt":"2009-02-11T13:16:15","slug":"wazekwa-a-lolympia-le-14-avril-2009","status":"publish","type":"post","link":"https:\/\/amagep.co.za\/fr\/wazekwa-a-lolympia-le-14-avril-2009\/","title":{"rendered":"Wazekwa \u00e0 l\u2019Olympia le 14 avril 2009"},"content":{"rendered":"<table border=\"0\" cellspacing=\"0\" cellpadding=\"0\" width=\"100%\">\n<tbody>\n<tr>\n<td class=\"chapeau\" align=\"left\">\n<p class=\"spip\"><img loading=\"lazy\" class=\" size-full wp-image-92\" src=\"https:\/\/amagep.co.za\/fr\/wp-content\/uploads\/2009\/02\/affiche_wazekwa_622.jpg\" border=\"0\" width=\"450\" height=\"622\" \/><\/p>\n<p class=\"spip\">Le chanteur congolais F\u00e9lix Wazekwa se produira, avec son groupe Cultura Pays Vie, le samedi 14 avril 2009 \u00e0 l\u2019Olympia de Paris. Une premi\u00e8re qui permettra \u00e0 cet artiste d\u2019ajouter une ligne prestigieuse sur son CV. Ce concert, conclu lors d\u2019un bref s\u00e9jour que vient de boucler le chanteur \u00e0 Paris , s\u2019inscrit dans le cadre d\u2019une tourn\u00e9e europ\u00e9enne qui d\u00e9butera le 1er avril.<\/p>\n<p> <!--more--> <\/td>\n<\/tr>\n<tr>\n<td class=\"textmilieu1\" align=\"left\">\n<p class=\"spip\">Cette production se pr\u00e9sente sous de bons augures car pr\u00e9c\u00e9d\u00e9e par le succ\u00e8s des deux derni\u00e8res r\u00e9alisations de l\u2019orchestre\u00a0: \u00ab\u00a0<em class=\"spip\">Que demande le peuple<\/em>\u00a0\u00bb et \u00ab\u00a0<em class=\"spip\"> <em class=\"spip\">La Ch\u00e8vre de M.\u00a0S\u00e9guin<\/em> <\/em>\u00a0\u00bb. Deux opus dont l\u2019audience vient de conna\u00eetre un regain de popularit\u00e9 apr\u00e8s leur sortie r\u00e9cente en vid\u00e9o clips.<\/p>\n<p class=\"spip\">R\u00e9put\u00e9 bon parolier, auteur et compositeur, F\u00e9lix Wazekwa saisira sans doute cette occasion pour afficher des qualit\u00e9s de b\u00eate de sc\u00e8ne que laissent entrevoir ses clips tr\u00e8s pris\u00e9s des m\u00e9lomanes.<\/p>\n<p class=\"spip\">Source<\/p>\n<p class=\"spip\"><a href=\"http:\/\/www.afriquechos.ch\/spip.php?article3889\" title=\"afriquechos.ch\">Afriquechos.ch<\/a><\/p>\n<\/td>\n<\/tr>\n<\/tbody>\n<\/table>\n<!-- AddThis Advanced Settings generic via filter on the_content --><!-- AddThis Share Buttons generic via filter on the_content -->","protected":false},"excerpt":{"rendered":"<p>Le chanteur congolais F\u00e9lix Wazekwa se produira, avec son groupe Cultura Pays Vie, le samedi&#8230;<!-- AddThis Advanced Settings generic via filter on get_the_excerpt --><!-- AddThis Share Buttons generic via filter on get_the_excerpt --><\/p>\n","protected":false},"author":1,"featured_media":92,"comment_status":"open","ping_status":"open","sticky":false,"template":"","format":"standard","meta":[],"categories":[8],"tags":[],"_links":{"self":[{"href":"https:\/\/amagep.co.za\/fr\/wp-json\/wp\/v2\/posts\/93"}],"collection":[{"href":"https:\/\/amagep.co.za\/fr\/wp-json\/wp\/v2\/posts"}],"about":[{"href":"https:\/\/amagep.co.za\/fr\/wp-json\/wp\/v2\/types\/post"}],"author":[{"embeddable":true,"href":"https:\/\/amagep.co.za\/fr\/wp-json\/wp\/v2\/users\/1"}],"replies":[{"embeddable":true,"href":"https:\/\/amagep.co.za\/fr\/wp-json\/wp\/v2\/comments?post=93"}],"version-history":[{"count":0,"href":"https:\/\/amagep.co.za\/fr\/wp-json\/wp\/v2\/posts\/93\/revisions"}],"wp:featuredmedia":[{"embeddable":true,"href":"https:\/\/amagep.co.za\/fr\/wp-json\/wp\/v2\/media\/92"}],"wp:attachment":[{"href":"https:\/\/amagep.co.za\/fr\/wp-json\/wp\/v2\/media?parent=93"}],"wp:term":[{"taxonomy":"category","embeddable":true,"href":"https:\/\/amagep.co.za\/fr\/wp-json\/wp\/v2\/categories?post=93"},{"taxonomy":"post_tag","embeddable":true,"href":"https:\/\/amagep.co.za\/fr\/wp-json\/wp\/v2\/tags?post=93"}],"curies":[{"name":"wp","href":"https:\/\/api.w.org\/{rel}","templated":true}]}}