{"id":9,"date":"2008-12-05T00:00:00","date_gmt":"2008-12-05T00:00:00","guid":{"rendered":"https:\/\/amagep.co.za\/fr\/2008\/12\/05\/suisse-500-personnes-ont-manifeste-contre-la-guerre-en-republique-democratique-du-congo\/"},"modified":"2008-12-05T00:00:00","modified_gmt":"2008-12-05T00:00:00","slug":"suisse-500-personnes-ont-manifeste-contre-la-guerre-en-republique-democratique-du-congo","status":"publish","type":"post","link":"https:\/\/amagep.co.za\/fr\/suisse-500-personnes-ont-manifeste-contre-la-guerre-en-republique-democratique-du-congo\/","title":{"rendered":"Suisse : 500 personnes ont manifest\u00e9 contre la guerre en R\u00e9publique d\u00e9mocratique du Congo"},"content":{"rendered":"<p>\u00c0 l\u2019appel du Conseil des Jeunes Congolais de l\u2019\u00c9tranger et avec l\u2019appui d\u2019Amnesty international, pr\u00e8s de 500 personnes se sont rassembl\u00e9es, samedi 29 novembre dernier, \u00e0 Helvetiaplaz \u00e0 Berne, la capitale de la conf\u00e9d\u00e9ration helv\u00e9tique. Objet de ce rassemblement\u00a0: exprimer publiquement leur solidarit\u00e9 et leur soutien aux victimes de la guerre en R\u00e9publique d\u00e9mocratique du Congo.  <!--more--> <\/p>\n<p class=\"spip\">Lors de cette manifestation, les participants ont appel\u00e9 le gouvernement congolais \u00e0 \u00ab\u00a0<em class=\"spip\">restaurer la paix, \u00e0 assurer la s\u00e9curit\u00e9 et la libre circulation des personnes ainsi que de leurs biens.<\/em>\u00a0\u00bb Quant \u00e0 la r\u00e9bellion, les 500 personnes ont demand\u00e9 \u00ab\u00a0<em class=\"spip\">au CNDP, le mouvement de Laurent Nlundabatware, et \u00e0 son parrain, le Rwanda, de d\u00e9poser imm\u00e9diatement les armes et de privil\u00e9gier le dialogue pour la r\u00e9solution du conflit<\/em>.\u00a0\u00bb Le m\u00eame appel a \u00e9t\u00e9 adress\u00e9 \u00e9galement aux forces dites n\u00e9gatives et des milices arm\u00e9es pr\u00e9sentes \u00e0 l\u2019est du pays, \u00e0 savoir les ex FAR, les Interhamwe, les milices hutus rwandaises et les Ma\u00ef Ma\u00ef.<\/p>\n<p class=\"spip\">Dans leurs propos, les organisateurs ont \u00e9galement souhait\u00e9 vivement que la MONUC (la force de maintien de paix des Nations-Unies) puisse \u00ab\u00a0<em class=\"spip\">assurer pleinement et en toute \u00e9quit\u00e9 son r\u00f4le de m\u00e9diatrice et renforcer ses effectifs pour mieux prot\u00e9ger les populations et leurs biens.<\/em>\u00a0\u00bb De m\u00eame, la Communaut\u00e9 internationale a \u00e9t\u00e9 interpell\u00e9e sur son r\u00f4le dans la recherche d\u2019une solution durable \u00e0 la guerre avec une exigence de respect absolu des droits humains et des libert\u00e9s fondamentales tels que d\u00e9finis dans la d\u00e9claration universelle de droits de l\u2019homme.<\/p>\n<p class=\"spip\">Concernant la relative faible mobilisation pour ce rassemblement, Jimmy Mpezo, du comit\u00e9 d\u2019organisation, l\u2019explique notamment par la d\u00e9livrance tr\u00e8s tardive, juste la veille, de l\u2019autorisation par les autorit\u00e9s helv\u00e9tiques d\u2019o\u00f9 l\u2019impossibilit\u00e9 de l\u2019annoncer \u00e0 temps \u00e0 travers les m\u00e9dias. | <a class=\"spip_out\" href=\"http:\/\/www.afriquechos.ch\/spip.php?article3744\"><strong><u><font color=\"#800080\">Jossart Muanza(AEM)<\/font><\/u><\/strong><\/a><\/p>\n<p>Source<\/p>\n<p><a href=\"http:\/\/www.afriquechos.ch\/spip.php?article3744\" title=\"www.afriquechos.ch\">www.afriquechos.ch<\/a><\/p>\n<!-- AddThis Advanced Settings generic via filter on the_content --><!-- AddThis Share Buttons generic via filter on the_content -->","protected":false},"excerpt":{"rendered":"<p>\u00c0 l\u2019appel du Conseil des Jeunes Congolais de l\u2019\u00c9tranger et avec l\u2019appui d\u2019Amnesty international, pr\u00e8s&#8230;<!-- AddThis Advanced Settings generic via filter on get_the_excerpt --><!-- AddThis Share Buttons generic via filter on get_the_excerpt --><\/p>\n","protected":false},"author":1,"featured_media":0,"comment_status":"open","ping_status":"open","sticky":false,"template":"","format":"standard","meta":[],"categories":[6],"tags":[],"_links":{"self":[{"href":"https:\/\/amagep.co.za\/fr\/wp-json\/wp\/v2\/posts\/9"}],"collection":[{"href":"https:\/\/amagep.co.za\/fr\/wp-json\/wp\/v2\/posts"}],"about":[{"href":"https:\/\/amagep.co.za\/fr\/wp-json\/wp\/v2\/types\/post"}],"author":[{"embeddable":true,"href":"https:\/\/amagep.co.za\/fr\/wp-json\/wp\/v2\/users\/1"}],"replies":[{"embeddable":true,"href":"https:\/\/amagep.co.za\/fr\/wp-json\/wp\/v2\/comments?post=9"}],"version-history":[{"count":0,"href":"https:\/\/amagep.co.za\/fr\/wp-json\/wp\/v2\/posts\/9\/revisions"}],"wp:attachment":[{"href":"https:\/\/amagep.co.za\/fr\/wp-json\/wp\/v2\/media?parent=9"}],"wp:term":[{"taxonomy":"category","embeddable":true,"href":"https:\/\/amagep.co.za\/fr\/wp-json\/wp\/v2\/categories?post=9"},{"taxonomy":"post_tag","embeddable":true,"href":"https:\/\/amagep.co.za\/fr\/wp-json\/wp\/v2\/tags?post=9"}],"curies":[{"name":"wp","href":"https:\/\/api.w.org\/{rel}","templated":true}]}}