{"id":89,"date":"2009-02-11T12:23:55","date_gmt":"2009-02-11T12:23:55","guid":{"rendered":"https:\/\/amagep.co.za\/fr\/2009\/02\/11\/lafrique-du-sud-rend-hommage-a-miriam-makeba-legende-du-continent-africain\/"},"modified":"2009-02-11T12:23:55","modified_gmt":"2009-02-11T12:23:55","slug":"lafrique-du-sud-rend-hommage-a-miriam-makeba-legende-du-continent-africain","status":"publish","type":"post","link":"https:\/\/amagep.co.za\/fr\/lafrique-du-sud-rend-hommage-a-miriam-makeba-legende-du-continent-africain\/","title":{"rendered":"L\u2019Afrique du Sud rend hommage \u00e0 Miriam Makeba, l\u00e9gende du continent africain"},"content":{"rendered":"<p class=\"spip\"><img loading=\"lazy\" class=\" size-full wp-image-88\" src=\"https:\/\/amagep.co.za\/fr\/wp-content\/uploads\/2009\/02\/makeba.jpg\" border=\"0\" width=\"350\" height=\"325\" srcset=\"https:\/\/amagep.co.za\/fr\/wp-content\/uploads\/2009\/02\/makeba.jpg 350w, https:\/\/amagep.co.za\/fr\/wp-content\/uploads\/2009\/02\/makeba-300x279.jpg 300w\" sizes=\"(max-width: 350px) 100vw, 350px\" \/>\u00a0<\/p>\n<p class=\"spip\">Des centaines de personnes se sont r\u00e9unies samedi \u00e0 Johannesburg pour rendre un dernier hommage \u00e0 la voix l\u00e9gendaire du continent africain et symbole de la lutte contre l\u2019apartheid, Miriam Makeba, d\u00e9c\u00e9d\u00e9e le week-end dernier en Italie.<\/p>\n<p> <!--more--> <\/p>\n<p class=\"spip\">&nbsp;<\/p>\n<p class=\"spip\">Des hommes politiques, musiciens et artistes sud-africains r\u00e9put\u00e9s se sont produits dans l\u2019une des plus importantes salles de concerts de Johannesburg pour saluer la m\u00e9moire de Miriam Makeba \u00e0 travers des chansons et des po\u00e8mes.<\/p>\n<p class=\"spip\">\u00ab\u00a0<em class=\"spip\">Elle faisait ce qu\u2019elle savait faire de mieux lorsqu\u2019elle est morte. Selon ses propres mots, elle aimait la musique plus que tout autre chose et elle \u00e9tait toujours heureuse lorsqu\u2019elle \u00e9tait sur sc\u00e8ne<\/em>\u00a0\u00bb, a d\u00e9clar\u00e9 le ministre de la Culture, Pallo Jordan.<\/p>\n<p class=\"spip\">Voix l\u00e9gendaire du continent africain et symbole de la lutte contre l\u2019apartheid, la chanteuse \u00e2g\u00e9e de 76 ans est d\u00e9c\u00e9d\u00e9e d\u2019une crise cardiaque apr\u00e8s un concert pour l\u2019\u00e9crivain italien menac\u00e9 de mort par la mafia Roberto Saviano, dans la nuit du 9 au 10 novembre, pr\u00e8s de Naples (sud de l\u2019Italie).<\/p>\n<p class=\"spip\">M.\u00a0Jordan a fait l\u2019\u00e9loge d\u2019une \u00ab\u00a0<em class=\"spip\">femme dont le nom est devenu le synonyme du combat pour la libert\u00e9 en Afrique du sud, une femme qui pendant plus de trois d\u00e9cennies a illustr\u00e9 \u00e0 travers sa musique le combat du peuple<\/em>\u00a0\u00bb.<\/p>\n<p class=\"spip\">N\u00e9e en Afrique du Sud le 4 mars 1932, Miriam Makeba \u00e9tait l\u2019une des chanteuses sud-africaines les plus connues dans son pays comme \u00e0 l\u2019\u00e9tranger o\u00f9 elle a acquis la c\u00e9l\u00e9brit\u00e9 gr\u00e2ce \u00e0 des succ\u00e8s comme \u00ab\u00a0Pata Pata\u00a0\u00bb ou \u00ab\u00a0The Click Song\u00a0\u00bb mais \u00e9galement \u00e0 travers ses prises de position contre l\u2019apartheid en vigueur dans son pays.<\/p>\n<p class=\"spip\">Bannie par le r\u00e9gime d\u2019apartheid en raison de son apparition dans un film d\u00e9non\u00e7ant la s\u00e9gr\u00e9gation blanche, elle a v\u00e9cu 31 ans en exil, notamment aux Etats-Unis et en Guin\u00e9e. Surnomm\u00e9e \u00ab\u00a0Mama Africa\u00a0\u00bb, Miriam Makeba \u00e9tait rentr\u00e9e dans son pays au d\u00e9but des ann\u00e9es 1990 apr\u00e8s la lib\u00e9ration de Nelson Mandela.<\/p>\n<p class=\"spip\">Source <\/p>\n<p class=\"spip\"><a href=\"http:\/\/www.afriquechos.ch\/spip.php?article3703\" title=\"afriqeuchos.ch\">Afriquechos.ch<\/a><\/p>\n<!-- AddThis Advanced Settings generic via filter on the_content --><!-- AddThis Share Buttons generic via filter on the_content -->","protected":false},"excerpt":{"rendered":"<p>\u00a0 Des centaines de personnes se sont r\u00e9unies samedi \u00e0 Johannesburg pour rendre un dernier&#8230;<!-- AddThis Advanced Settings generic via filter on get_the_excerpt --><!-- AddThis Share Buttons generic via filter on get_the_excerpt --><\/p>\n","protected":false},"author":1,"featured_media":88,"comment_status":"open","ping_status":"open","sticky":false,"template":"","format":"standard","meta":[],"categories":[8],"tags":[],"_links":{"self":[{"href":"https:\/\/amagep.co.za\/fr\/wp-json\/wp\/v2\/posts\/89"}],"collection":[{"href":"https:\/\/amagep.co.za\/fr\/wp-json\/wp\/v2\/posts"}],"about":[{"href":"https:\/\/amagep.co.za\/fr\/wp-json\/wp\/v2\/types\/post"}],"author":[{"embeddable":true,"href":"https:\/\/amagep.co.za\/fr\/wp-json\/wp\/v2\/users\/1"}],"replies":[{"embeddable":true,"href":"https:\/\/amagep.co.za\/fr\/wp-json\/wp\/v2\/comments?post=89"}],"version-history":[{"count":0,"href":"https:\/\/amagep.co.za\/fr\/wp-json\/wp\/v2\/posts\/89\/revisions"}],"wp:featuredmedia":[{"embeddable":true,"href":"https:\/\/amagep.co.za\/fr\/wp-json\/wp\/v2\/media\/88"}],"wp:attachment":[{"href":"https:\/\/amagep.co.za\/fr\/wp-json\/wp\/v2\/media?parent=89"}],"wp:term":[{"taxonomy":"category","embeddable":true,"href":"https:\/\/amagep.co.za\/fr\/wp-json\/wp\/v2\/categories?post=89"},{"taxonomy":"post_tag","embeddable":true,"href":"https:\/\/amagep.co.za\/fr\/wp-json\/wp\/v2\/tags?post=89"}],"curies":[{"name":"wp","href":"https:\/\/api.w.org\/{rel}","templated":true}]}}