{"id":87,"date":"2009-02-11T12:16:13","date_gmt":"2009-02-11T12:16:13","guid":{"rendered":"https:\/\/amagep.co.za\/fr\/2009\/02\/11\/luit-et-la-commission-europeenne-celebrent-le-safer-internet-day\/"},"modified":"2009-02-11T12:16:13","modified_gmt":"2009-02-11T12:16:13","slug":"luit-et-la-commission-europeenne-celebrent-le-safer-internet-day","status":"publish","type":"post","link":"https:\/\/amagep.co.za\/fr\/luit-et-la-commission-europeenne-celebrent-le-safer-internet-day\/","title":{"rendered":"L&rsquo;UIT et la Commission europ\u00e9enne c\u00e9l\u00e8brent le Safer Internet Day"},"content":{"rendered":"<h2 align=\"center\"><font face=\"Verdana\" size=\"3\">Pour la protection en ligne des enfants<br \/>\u00a0<\/font><\/h2>\n<p><span><strong><font face=\"Verdana\" size=\"2\"><u><\/p>\n<p>Publi\u00e9 simultan\u00e9ment par l&rsquo;UIT et par la Commission europ\u00e9enne<\/p>\n<p><\/u>Gen\u00e8ve, le 10 f\u00e9vrier 2009<\/font><\/strong><font face=\"Verdana\" size=\"2\"> \u2014 L&rsquo;UIT et la Commission europ\u00e9enne ont d\u00e9cid\u00e9 d&rsquo;unir leurs forces pour c\u00e9l\u00e9brer le Safer Internet day (Journ\u00e9e de la s\u00e9curit\u00e9 sur Internet). Cette ann\u00e9e, l&rsquo;accent est mis sur la protection en ligne des enfants.<\/font><font face=\"Verdana\" size=\"2\">  <!--more--> <\/p>\n<p>&nbsp;<\/p>\n<p>Ceux-ci sont en effet parmi les utilisateurs les plus actifs \u2014 et les plus vuln\u00e9rables \u2014 du cyberespace. Selon des enqu\u00eates r\u00e9centes, plus de 60% des enfants et des adolescents utilisent quotidiennement des forums de discussion en ligne. Trois enfants sur quatre en ligne sont pr\u00eats \u00e0 divulguer des informations personnelles sur eux-m\u00eames ou sur leur famille en \u00e9change de biens et de services. Un enfant sur cinq sera, chaque ann\u00e9e, la proie d&rsquo;un pr\u00e9dateur ou d&rsquo;un p\u00e9dophile. On voit donc qu&rsquo;il est manifestement de notre devoir de prot\u00e9ger les enfants dans le cyberespace.<\/p>\n<p>Ainsi que le fait remarquer Viviane Reding, Commissaire europ\u00e9en pour la soci\u00e9t\u00e9 de l&rsquo;information et les m\u00e9dias, \u00ab\u00a0Les enfants sont tr\u00e8s ing\u00e9nieux quand il s&rsquo;agit d&rsquo;utiliser au mieux les services en ligne comme les sites de r\u00e9seaux sociaux ou le t\u00e9l\u00e9phone mobile\u00a0\u00bb. \u00ab\u00a0Or, nombre d&rsquo;entre eux continuent \u00e0 sous-estimer les risques cach\u00e9s li\u00e9s \u00e0 l&rsquo;utilisation de ces sites, qu&rsquo;il s&rsquo;agisse de harc\u00e8lement en ligne ou d&rsquo;attirance \u00e0 des fins d&rsquo;abus sexuels. Aujourd&rsquo;hui, j&rsquo;en appelle \u00e0 tous les d\u00e9cideurs, du secteur public et du secteur priv\u00e9, pour qu&rsquo;ils \u00e9coutent les enfants, tirent des enseignements de leurs exp\u00e9riences et am\u00e9liorent les strat\u00e9gies et moyens de sensibilisation pour la protection des mineurs.\u00a0\u00bb Et, a-t-elle ajout\u00e9, \u00ab\u00a0L&rsquo;Internet relie tous les pays du monde. La s\u00e9curit\u00e9 des enfants qui l&rsquo;utilisent est donc pour chacun de nous un sujet de pr\u00e9occupation. Je suis par cons\u00e9quent tr\u00e8s heureuse que l&rsquo;UIT s&rsquo;associe avec nous dans cette t\u00e2che, aujourd&rsquo;hui \u00e0 l&rsquo;occasion du Safer Internet Day, de m\u00eame que tout au long de l&rsquo;ann\u00e9e\u00a0\u00bb.<\/p>\n<p>\u00ab\u00a0La s\u00e9curit\u00e9 en ligne des enfants doit figurer parmi les pr\u00e9occupations de tous les pays\u00a0\u00bb, a dit le Secr\u00e9taire g\u00e9n\u00e9ral de l&rsquo;UIT, Hamadoun I. Tour\u00e9. \u00ab\u00a0Nous devons faire en sorte que chacun soit conscient des dangers auxquels les enfants sont expos\u00e9s en ligne. Et nous voulons encourager et appuyer les nombreux et remarquables efforts d\u00e9ploy\u00e9s dans le monde, par exemple dans le cadre du programme \u00ab\u00a0Pour un Internet plus s\u00fbr\u00a0\u00bb, afin de limiter ces dangers.\u00a0\u00bb<\/p>\n<p>Cette ann\u00e9e, la 6<\/font><\/span><font face=\"Verdana\" size=\"2\">\u00e8me<\/font><span><font face=\"Verdana\" size=\"2\"> \u00e9dition du Safer Internet Day comporte \u00e0 son programme plus de 500 \u00e9v\u00e9nements dans le monde entier. L&rsquo;UIT et la Commission europ\u00e9enne collaboreront \u00e0 ces \u00e9v\u00e9nements ou \u00e0 d&rsquo;autres manifestations \u00e0 venir, comme la Journ\u00e9e mondiale des t\u00e9l\u00e9communications et de la soci\u00e9t\u00e9 de l&rsquo;information, le 17 mai 2009, dont le th\u00e8me est \u00ab\u00a0La protection des enfants dans le cyberespace\u00a0\u00bb. La Direction g\u00e9n\u00e9rale de la Commission europ\u00e9enne pour la soci\u00e9t\u00e9 de l&rsquo;information et les m\u00e9dias appuie sans r\u00e9serve l&rsquo;Initiative de l&rsquo;UIT pour la protection en ligne des enfants (COP).<\/font><\/span><span><font face=\"Verdana\" size=\"2\"> <\/p>\n<p>Le R\u00e9seau Ins@fe de la Commission europ\u00e9enne va inaugurer, \u00e0 l&rsquo;occasion du <a href=\"http:\/\/www.sidfair.org\/sinfer\/index.html\"><u><font color=\"#0000ff\">Safer Internet Day, une exposition virtuelle<\/font><\/u><\/a> qui h\u00e9bergera des pavillons dont les visiteurs pourront s&rsquo;informer sur les initiatives prises par les 50 pays participants. L&rsquo;UIT h\u00e9bergera pour sa part un pavillon virtuel d\u00e9crivant les efforts consentis par la Commission europ\u00e9enne pour sensibiliser les jeunes de 12 \u00e0 17 ans aux dangers du cyberespace. <\/p>\n<p><strong><\/p>\n<h4><font size=\"2\">L&rsquo;UIT et la protection en ligne des enfants (COP)<\/font><\/h4>\n<p><\/strong><\/p>\n<p>L&rsquo;UIT, dont la devise est \u00ab\u00a0D\u00e9termin\u00e9e \u00e0 connecter le monde\u00a0\u00bb, est aussi d\u00e9termin\u00e9e \u00e0 connecter le monde de fa\u00e7on responsable, autrement dit, \u00e0 collaborer pour garantir la cybers\u00e9curit\u00e9 et la cyberpaix et \u2014 surtout \u2014 pour prot\u00e9ger les enfants en ligne. Alors que des programmes de protection en ligne des enfants existent dans de nombreux pays d\u00e9velopp\u00e9s, ils sont tr\u00e8s rares dans les pays en d\u00e9veloppement \u2013 et la coordination entre eux est pour ainsi dire inexistante. <\/p>\n<p>L&rsquo;UIT a donc cr\u00e9\u00e9 un Programme mondial cybers\u00e9curit\u00e9 (GCA) et a lanc\u00e9 l&rsquo;Initiative pour la protection en ligne des enfants (COP), qui vise \u00e0 rassembler des partenaires de tous les secteurs de la communaut\u00e9 internationale pour faire en sorte que les enfants, partout dans le monde, puissent naviguer en ligne en toute s\u00e9curit\u00e9 et sans danger.<\/p>\n<p><\/font><\/span><span><font face=\"Verdana\" size=\"2\"><strong><\/p>\n<p>&nbsp;<\/p>\n<p><\/strong><\/font><\/span><\/p>\n<table border=\"0\" cellspacing=\"1\" cellpadding=\"5\" width=\"100%\" dir=\"ltr\">\n<tbody>\n<tr>\n<td width=\"49%\" valign=\"top\">\n<p><span>Source <\/span><\/p>\n<p><span><a href=\"http:\/\/www.itu.int\/newsroom\/press_releases\/2009\/01-fr.html\" title=\"Uti\">Uti<\/a><\/span><\/p>\n<\/td>\n<\/tr>\n<\/tbody>\n<\/table>\n<!-- AddThis Advanced Settings generic via filter on the_content --><!-- AddThis Share Buttons generic via filter on the_content -->","protected":false},"excerpt":{"rendered":"<p>Pour la protection en ligne des enfants\u00a0 Publi\u00e9 simultan\u00e9ment par l&rsquo;UIT et par la Commission&#8230;<!-- AddThis Advanced Settings generic via filter on get_the_excerpt --><!-- AddThis Share Buttons generic via filter on get_the_excerpt --><\/p>\n","protected":false},"author":1,"featured_media":0,"comment_status":"open","ping_status":"open","sticky":false,"template":"","format":"standard","meta":[],"categories":[5],"tags":[],"_links":{"self":[{"href":"https:\/\/amagep.co.za\/fr\/wp-json\/wp\/v2\/posts\/87"}],"collection":[{"href":"https:\/\/amagep.co.za\/fr\/wp-json\/wp\/v2\/posts"}],"about":[{"href":"https:\/\/amagep.co.za\/fr\/wp-json\/wp\/v2\/types\/post"}],"author":[{"embeddable":true,"href":"https:\/\/amagep.co.za\/fr\/wp-json\/wp\/v2\/users\/1"}],"replies":[{"embeddable":true,"href":"https:\/\/amagep.co.za\/fr\/wp-json\/wp\/v2\/comments?post=87"}],"version-history":[{"count":0,"href":"https:\/\/amagep.co.za\/fr\/wp-json\/wp\/v2\/posts\/87\/revisions"}],"wp:attachment":[{"href":"https:\/\/amagep.co.za\/fr\/wp-json\/wp\/v2\/media?parent=87"}],"wp:term":[{"taxonomy":"category","embeddable":true,"href":"https:\/\/amagep.co.za\/fr\/wp-json\/wp\/v2\/categories?post=87"},{"taxonomy":"post_tag","embeddable":true,"href":"https:\/\/amagep.co.za\/fr\/wp-json\/wp\/v2\/tags?post=87"}],"curies":[{"name":"wp","href":"https:\/\/api.w.org\/{rel}","templated":true}]}}