{"id":831,"date":"2019-03-25T11:40:56","date_gmt":"2019-03-25T11:40:56","guid":{"rendered":"https:\/\/amagep.co.za\/fr\/?p=831"},"modified":"2019-03-25T12:17:23","modified_gmt":"2019-03-25T12:17:23","slug":"jossart-nyoka-longo-zaiko-vient-de-realiser-la-plus-longue-tournee-internationale-jamais-realisee-par-un-orchestre-congolais-qui-plus-est-en-amerique","status":"publish","type":"post","link":"https:\/\/amagep.co.za\/fr\/jossart-nyoka-longo-zaiko-vient-de-realiser-la-plus-longue-tournee-internationale-jamais-realisee-par-un-orchestre-congolais-qui-plus-est-en-amerique\/","title":{"rendered":"Jossart N\u2019yoka Longo : \u00ab Za\u00efko vient de r\u00e9aliser la plus longue tourn\u00e9e internationale jamais r\u00e9alis\u00e9e par un orchestre congolais, qui plus est en Am\u00e9rique \u00bb"},"content":{"rendered":"<p class=\"has-drop-cap\"><strong><img loading=\"lazy\" class=\"alignnone wp-image-832 size-full\" src=\"https:\/\/amagep.co.za\/fr\/wp-content\/uploads\/2019\/03\/Yha_Nyoch.jpg\" alt=\"\" width=\"640\" height=\"640\" srcset=\"https:\/\/amagep.co.za\/fr\/wp-content\/uploads\/2019\/03\/Yha_Nyoch.jpg 640w, https:\/\/amagep.co.za\/fr\/wp-content\/uploads\/2019\/03\/Yha_Nyoch-150x150.jpg 150w, https:\/\/amagep.co.za\/fr\/wp-content\/uploads\/2019\/03\/Yha_Nyoch-300x300.jpg 300w\" sizes=\"(max-width: 640px) 100vw, 640px\" \/><\/strong><\/p>\n<p class=\"has-drop-cap\"><strong>C&rsquo;est une tourn\u00e9e qui tombe bien : Za\u00efko Langa Langa est en tourn\u00e9e en Am\u00e9rique depuis pr\u00e8s de 7 mois : un record. Une premi\u00e8re pour la musique congolaise qui tombe pile dans l\u2019ann\u00e9e du 50\u00e8me anniversaire de cet orchestre qui d\u00e9tient aussi un autre record : celui de la long\u00e9vit\u00e9 d\u2019un groupe congolais en activit\u00e9 sans discontinuer. Afriqu\u2019\u00c9chos Magazine a \u00e9chang\u00e9 avec le responsable du groupe, le chanteur Jossart Nyoka Longo qui \u00e9tait d\u00e9j\u00e0 l\u00e0 \u00e0 la cr\u00e9ation de l\u2019orchestre\u00a0en\u00a01969.<\/strong><!--more--><\/p>\n<p><strong>AFRIQU\u2019\u00c9CHOS MAGAZINE (AEM) : Six mois de tourn\u00e9e \u00e0 l\u2019\u00e9tranger, comment le groupe vit cette situation exceptionnelle\u00a0?<\/strong><\/p>\n<p><strong>JOSSART N\u2019YOKA LONGO (JNL):<\/strong>\u00a0Tr\u00e8s bien, tr\u00e8s bien, le moral est au Z\u00e9nith, tout se passe bien depuis notre arriv\u00e9e ici aux USA. Le 1<sup>er<\/sup>\u00a0septembre 2018 pour l\u2019ensemble du groupe que j\u2019ai rejoint le 5 septembre 2018. Nous sommes tr\u00e8s satisfaits de cette tourn\u00e9e. En ce moment nous sommes en route pour Houston (Texas), ( au moment de l\u2019interview, le 7.03.2019 ndlr. ); nous irons ensuite \u00e0 Dallas (Texas), puis \u00e0 Kansas city (dans le Midwest), Chicago (dans l\u2019Illinois) \u2026.<\/p>\n<p><strong>AEM: La date de retour est maintes fois repouss\u00e9e\u2026<\/strong><\/p>\n<p><strong>JNL<\/strong>: Effectivement, apr\u00e8s Chicago, nous allons rejoindre Los Angeles o\u00f9 nous avons \u00e9tabli notre quartier g\u00e9n\u00e9ral. Vous serez fix\u00e9s bient\u00f4t sur la fin de notre tourn\u00e9e.<\/p>\n<p><strong>AEM: Une tourn\u00e9e qui est la plus longue de l\u2019histoire de Za\u00efko Langa-Langa sur le continent am\u00e9ricain<\/strong>.<\/p>\n<p><strong>JNL<\/strong>: Une premi\u00e8re du genre, pas seulement pour notre groupe mais pour un groupe congolais : 6 mois \u00e0 la fin mars, qui plus est en Am\u00e9rique. Za\u00efko Langa Langa vient d\u2019\u00e9tablir un record.<\/p>\n<p><strong>AEM: Curieux\u00a0? Passionn\u00e9\u00a0? Enthousiaste ou dubitatif, comment r\u00e9agit le public am\u00e9ricain ?<\/strong><\/p>\n<p><strong>JNL:<\/strong>\u00a0Nous sommes bien accueillis partout o\u00f9 nous passons. Parmi le public qui afflue massivement \u00e0 chacune de nos prestations, outre des Am\u00e9ricains et sud-Am\u00e9ricains, on retrouve aussi bien des Congolais des deux rives, des Africains issus d\u2019autres communaut\u00e9s\u00a0comme des Zambiens, des Tanzaniens, des Nig\u00e9rians, et surtout des K\u00e9nyans.<\/p>\n<p>J\u2019ajouterais que lors de l\u2019un de nos spectacles, nous avons \u00e9t\u00e9 rejoints sur sc\u00e8ne par un groupe musical colombien qui a merveilleusement interpr\u00e9t\u00e9 quelques-uns de nos morceaux. Il s\u2019agit du groupe\u00a0<em>Bazurto All Stars.<\/em><\/p>\n<p><strong>AEM: Sans avoir r\u00e9p\u00e9t\u00e9 avec vous\u00a0?<\/strong><\/p>\n<p><strong>JNL:\u00a0<\/strong>Non, ce groupe bas\u00e9 en Colombiecomporte appr\u00e9cie tout simplement notre musique. C\u2019est un groupe de professionnels aguerri qui a l\u2019habitude d\u2019interpr\u00e9ter nos chansons. C\u2019est ainsi qu\u2019ils sont intervenus de mani\u00e8re spontan\u00e9e lors de notre double production au SOB\u2019S \u00e0 New York, le 4 janvier et le 6 janvier 2019. Nous leur avons d\u2019ailleurs lanc\u00e9 une invitation aux festivit\u00e9s du 50<sup>\u00e8me<\/sup>\u00a0anniversaire de Za\u00efko Langa \u2013 Langa \u00e0 Kinshasa.<\/p>\n<p><strong>AEM: Vous avez d\u00e9di\u00e9 une chanson \u00e0 la lutte contre la tuberculose qui vous a rapport\u00e9 un prix et une invitation \u00e0 une soir\u00e9e organis\u00e9e par l\u2019OMS \u00e0 New York City \u2026<\/strong><\/p>\n<p><strong>JNL:\u00a0<\/strong>Effectivement\u2026 La chanson a \u00e9t\u00e9 prim\u00e9e en raison de son impact dans la campagne mondiale de lutte contre la tuberculose. Elle sera d\u2019ailleurs traduite en 50 langues pour une large audience. Comme vous venez de le souligner, j\u2019ai \u00e9t\u00e9 invit\u00e9 \u00e0 une soir\u00e9e de gala organis\u00e9e \u00e0 New York city par l\u2019organisme charg\u00e9 de la lutte contre la tuberculose. L\u2019\u00e9v\u00e8nement avait \u00e9t\u00e9 rehauss\u00e9 de la pr\u00e9sence de nombreuses hautes personnalit\u00e9s africaines.\u00a0 J\u2019ai \u00e9t\u00e9 \u00e9galement invit\u00e9 \u00e0 une conf\u00e9rence qui se tiendra le 26 mars 2019 \u00e0 Kinshasa, mais j\u2019aurai encore des concerts \u00e0 livrer ici aux\u00a0<strong>\u00c9<\/strong>tats-Unis\u2026<\/p>\n<p><strong>AEM: Qu\u2019en est-il de votre prochain album qui n\u2019est pas sorti \u00e0 la date\u00a0pr\u00e9vue ?<\/strong><\/p>\n<p><strong>JNL:<\/strong>\u00a0Tout est fin pr\u00eat, cet opus qui\u00a0 va comporter 12 titres a d\u00e9j\u00e0 \u00e9t\u00e9 mix\u00e9 et grav\u00e9. Nous sommes au stade de l\u2019infographie, de la conception de la pochette et du livret qui va accompagner les supports. Vous en saurez plus d\u00e9but avril.<\/p>\n<p><strong>AEM: Un mot sur les festivit\u00e9s du 50<sup>\u00e8me<\/sup>\u00a0anniversaire de l\u2019orchestre \u00a0<\/strong><\/p>\n<p><strong>JNL:\u00a0<\/strong>Un comit\u00e9 d\u2019organisation des festivit\u00e9s du 50\u00e8me anniversaire de Za\u00efko Langa Langa est d\u00e9j\u00e0 \u00e0 pied d\u2019\u0153uvre; en font partie Freddy Elonga, Henri Tuluka, Lutu Nzolantima, Prof Patrick Missasi, L\u00e9opold Mavinga et bien \u00e9videmment Charles Tuluenga de la Maison RIDA Production, le promoteur de notre tourn\u00e9e actuelle aux USA. Sans oublier l\u2019Honorable Eva Muakassa et votre confr\u00e8re Jean Pierre Eale Ikabe.<\/p>\n<p>Parmi les activit\u00e9s pr\u00e9vues\u00a0: une exposition des photos, des disques vinyl, des CD et divers autres supports discographiques de Za\u00efko Langa Langa qui retracent l\u2019histoire de notre groupe depuis sa cr\u00e9ation.<\/p>\n<p>Est \u00e9galement pr\u00e9vu le vernissage de l\u2019ouvrage sur l\u2019histoire de Za\u00efko Langa Langa dont je suis le co-auteur avec le journaliste Augustin\u00a0Mayamba\u00a0Masika qui est mort r\u00e9cemment et dont je d\u00e9plore la disparition. Il s\u2019agit d\u2019un ouvrage qui sortira en 2 tomes, avec le soutien de Manda Tchebwa, le directeur g\u00e9n\u00e9ral du CICIBA, le centre international des civilisations bantoues bas\u00e9\u00a0 \u00e0 Libreville au Gabon. \u00a0Cet ouvrage reprend des t\u00e9moignages de plusieurs acteurs majeurs de cet \u00e9difice qu\u2019est Za\u00efko Langa-Langa parmi lesquels, les fondateurs Henri Mongombe, Marcelin Delo\u00a0; les chanteurs Papa Wemba, Mavuela\u2026pour ne pas les citer tous.<\/p>\n<p>La RTG (Radio T\u00e9l\u00e9vision Gabonaise) va d\u2019ailleurs diffuser une s\u00e9rie d\u2019\u00e9missions couvrant toutes ces activit\u00e9s d\u00e8s leur d\u00e9marrage jusqu\u2019au mois de d\u00e9cembre.<\/p>\n<p><strong>AEM: Cela promet une exposition tr\u00e8s riche\u2026<\/strong><\/p>\n<p><strong>JNL:\u00a0<\/strong>Elle peut et doit encore \u00eatre enrichie\u00a0: j\u2019invite tous les m\u00e9lomanes \u00e0 apporter des \u00e9l\u00e9ments et supports en rapport avec l\u2019orchestre\u00a0: CD, cassettes audio et vid\u00e9o, photos et autres supports. Ils peuvent nous contacter via notre adresse e-mail ci-dessous ou aux num\u00e9ros d\u2019appel + 243-998-13-60-40 |+ 243-81-99-42-777.|\u00a0e-mail: zaikoll@yahoo.fr \u00a0\u00a0\u00a0|<strong><em>Propos recueillis par\u00a0<\/em><a href=\"http:\/\/www.afriquechos.ch\/?page_id=98\" data-slimstat=\"5\">Jossart Muanza (AEM)<\/a><\/strong><\/p>\n<!-- AddThis Advanced Settings generic via filter on the_content --><!-- AddThis Share Buttons generic via filter on the_content -->","protected":false},"excerpt":{"rendered":"<p>C&rsquo;est une tourn\u00e9e qui tombe bien : Za\u00efko Langa Langa est en tourn\u00e9e en Am\u00e9rique&#8230;<!-- AddThis Advanced Settings generic via filter on get_the_excerpt --><!-- AddThis Share Buttons generic via filter on get_the_excerpt --><\/p>\n","protected":false},"author":4,"featured_media":832,"comment_status":"open","ping_status":"open","sticky":false,"template":"","format":"standard","meta":[],"categories":[8],"tags":[],"_links":{"self":[{"href":"https:\/\/amagep.co.za\/fr\/wp-json\/wp\/v2\/posts\/831"}],"collection":[{"href":"https:\/\/amagep.co.za\/fr\/wp-json\/wp\/v2\/posts"}],"about":[{"href":"https:\/\/amagep.co.za\/fr\/wp-json\/wp\/v2\/types\/post"}],"author":[{"embeddable":true,"href":"https:\/\/amagep.co.za\/fr\/wp-json\/wp\/v2\/users\/4"}],"replies":[{"embeddable":true,"href":"https:\/\/amagep.co.za\/fr\/wp-json\/wp\/v2\/comments?post=831"}],"version-history":[{"count":0,"href":"https:\/\/amagep.co.za\/fr\/wp-json\/wp\/v2\/posts\/831\/revisions"}],"wp:featuredmedia":[{"embeddable":true,"href":"https:\/\/amagep.co.za\/fr\/wp-json\/wp\/v2\/media\/832"}],"wp:attachment":[{"href":"https:\/\/amagep.co.za\/fr\/wp-json\/wp\/v2\/media?parent=831"}],"wp:term":[{"taxonomy":"category","embeddable":true,"href":"https:\/\/amagep.co.za\/fr\/wp-json\/wp\/v2\/categories?post=831"},{"taxonomy":"post_tag","embeddable":true,"href":"https:\/\/amagep.co.za\/fr\/wp-json\/wp\/v2\/tags?post=831"}],"curies":[{"name":"wp","href":"https:\/\/api.w.org\/{rel}","templated":true}]}}