{"id":82,"date":"2009-02-02T12:53:01","date_gmt":"2009-02-02T12:53:01","guid":{"rendered":"https:\/\/amagep.co.za\/fr\/2009\/02\/02\/joseph-kabila-fixe-les-congolais-sur-la-presence-militaire-rwandaise-en-rdc\/"},"modified":"2009-02-02T12:53:01","modified_gmt":"2009-02-02T12:53:01","slug":"joseph-kabila-fixe-les-congolais-sur-la-presence-militaire-rwandaise-en-rdc","status":"publish","type":"post","link":"https:\/\/amagep.co.za\/fr\/joseph-kabila-fixe-les-congolais-sur-la-presence-militaire-rwandaise-en-rdc\/","title":{"rendered":"Joseph Kabila fixe les Congolais sur la pr\u00e9sence militaire rwandaise en RDC"},"content":{"rendered":"<p><img loading=\"lazy\" class=\" size-full wp-image-81\" src=\"https:\/\/amagep.co.za\/fr\/wp-content\/uploads\/2009\/02\/kabila9_450-2.jpg\" border=\"0\" width=\"450\" height=\"329\" srcset=\"https:\/\/amagep.co.za\/fr\/wp-content\/uploads\/2009\/02\/kabila9_450-2.jpg 450w, https:\/\/amagep.co.za\/fr\/wp-content\/uploads\/2009\/02\/kabila9_450-2-300x219.jpg 300w\" sizes=\"(max-width: 450px) 100vw, 450px\" \/> <\/p>\n<table border=\"0\" cellspacing=\"0\" cellpadding=\"0\" width=\"100%\">\n<tbody>\n<tr>\n<td class=\"chapeau\" align=\"left\">\n<p class=\"spip\">&nbsp;<\/p>\n<p class=\"spip\">Le Pr\u00e9sident Joseph Kabila a rassur\u00e9 le peuple congolais, lors d\u2019une conf\u00e9rence de presse tenue samedi \u00e0 Kinshasa, que les troupes \u00e9trang\u00e8res impliqu\u00e9es dans les op\u00e9rations militaires men\u00e9es conjointement avec les FARDC (Forces arm\u00e9es de la R\u00e9publique D\u00e9mocratique du Congo) au Nord-Kivu et en province Orientale rentreront dans leurs pays respectifs dans les d\u00e9lais impartis.<\/p>\n<p> <!--more--> <\/p>\n<p class=\"spip\">&nbsp;<\/p>\n<p class=\"spip\">&nbsp;<\/p>\n<\/td>\n<\/tr>\n<tr>\n<td class=\"textmilieu1\" align=\"left\">\n<p class=\"spip\">Le Chef de l\u2019\u00c9tat congolais a confirm\u00e9 que dans quinze (15) jours, les unit\u00e9s de renseignement du Rwanda et les FARDC proc\u00e9deront \u00e0 l\u2019\u00e9valuation des op\u00e9rations conjointes qu\u2019elles m\u00e8nent au Nord-Kivu contre les r\u00e9fugi\u00e9s hutu rwandais constitu\u00e9s des ex-Forces arm\u00e9es rwandaises, des Interahamwe et des d\u00e9mocratiques pour la lib\u00e9ration du Rwanda (FDLR).<\/p>\n<p class=\"spip\">\u00ab\u00a0<em class=\"spip\">Le d\u00e9lai \u00e0 ne pas d\u00e9passer, c\u2019est le mois de f\u00e9vrier<\/em>\u00a0\u00bb, a-t-il insist\u00e9, estimant que ce qui compte, c\u2019est le r\u00e9sultat sur le terrain. Il s\u2019est par ailleurs r\u00e9joui d\u2019annoncer que depuis le d\u00e9but de ces op\u00e9rations dans la province du Nord-Kivu, le gouvernement congolais a r\u00e9cup\u00e9r\u00e9 toutes les positions jadis occup\u00e9es par le CNDP ( Congr\u00e8s national pour la d\u00e9fense du peuple). \u00ab\u00a0<em class=\"spip\">Demain, ce sera l\u2019ouverture du poste frontalier du Budagana<\/em>\u00a0\u00bb, a-t-il lanc\u00e9.<\/p>\n<p class=\"spip\">En ce qui concerne les op\u00e9rations militaires conjointes men\u00e9es en province Orientale par les FARDC, l\u2019arm\u00e9e ougandaise et les unit\u00e9s de l\u2019arm\u00e9e du Sud-Soudan, le Pr\u00e9sident Joseph Kabila Kabange a soutenu que celles-ci prendront fin le 13 f\u00e9vrier 2009.<\/p>\n<p class=\"spip\">Tout en se f\u00e9licitant des r\u00e9sultats obtenus sur le terrain qu\u2019il a qualifi\u00e9s de positifs, le Chef de l\u2019\u00c9tat congolais a indiqu\u00e9 que la situation est sous contr\u00f4le en province Orientale d\u00e8s lors que les \u00e9l\u00e9ments de l\u2019Arm\u00e9e de r\u00e9sistance du Seigneur (LRA) dirig\u00e9e par Joseph Kony sont dispers\u00e9s. Il a en outre apais\u00e9 les inqui\u00e9tudes des uns et des autres quant au respect par le gouvernement rwandais des engagements pris. \u00ab\u00a0<em class=\"spip\">On fera tout pour que ces engagements soient respect\u00e9s<\/em>\u00a0\u00bb a-t-il d\u00e9clar\u00e9.<\/p>\n<p class=\"spip\"><strong class=\"spip\">Le processus d\u2019extradition de l\u2019ex-g\u00e9n\u00e9ral Laurent Nkunda est en cours<\/strong><\/p>\n<p class=\"spip\">En r\u00e9ponse \u00e0 la question de savoir si l\u2019extradition du g\u00e9n\u00e9ral d\u00e9chu Nkunda du Rwanda \u00e0 la RDC est pr\u00e9vue, le Chef de l\u2019\u00c9tat a dit que \u00ab\u00a0<em class=\"spip\">la r\u00e9ponse, c\u2019est oui<\/em>\u00a0\u00bb, ajoutant que \u00ab\u00a0<em class=\"spip\"> c\u2019est un processus politique et diplomatique sur lequel on travaille<\/em>\u00a0\u00bb. C\u2019est \u00e0 cette occasion qu\u2019il a confirm\u00e9 l\u2019arrestation de M.\u00a0Laurent Nkunda, selon l\u2019information donn\u00e9e par les autorit\u00e9s rwandaises, r\u00e9agissant ainsi \u00e0 la pr\u00e9occupation des m\u00e9dias.<\/p>\n<p class=\"spip\">Le Pr\u00e9sident Kabila a r\u00e9fut\u00e9 les all\u00e9gations selon lesquelles l\u2019arrestation de Laurent Nkunda serait cons\u00e9cutive au marchandage entre Kigali et Kinshasa. \u00ab\u00a0<em class=\"spip\">C\u2019est le fruit d\u2019un accord sign\u00e9 entre les deux pays<\/em>\u00a0\u00bb, a-t-il expliqu\u00e9, estimant que les probl\u00e8mes pos\u00e9s par le CNDP ne peuvent pas \u00eatre r\u00e9solus sans trouver des solutions \u00e0 l\u2019existence des FDLR.<\/p>\n<p class=\"spip\">S\u2019agissant du g\u00e9n\u00e9ral Bosco Ntaganda issu du CNDP qui est sous le coup d\u2019un mandat de la Cour p\u00e9nale internationale, le Chef de l\u2019\u00c9tat congolais a privil\u00e9gi\u00e9 l\u2019option lev\u00e9e destin\u00e9e \u00e0 ramener la paix, la s\u00e9curit\u00e9 et la stabilit\u00e9 sur toute l\u2019\u00e9tendue de la province du Nord-Kivu. Il a \u00e9cart\u00e9 pour le moment toute id\u00e9e contraire pouvant mettre en cause la position du gouvernement de la R\u00e9publique. \u00ab\u00a0<em class=\"spip\">Il n\u2019y a pas un seul pays au monde qui a coop\u00e9r\u00e9 avec la CPI comme la RDC<\/em>\u00a0\u00bb, a-t-il soutenu.<\/p>\n<p class=\"spip\"><strong class=\"spip\">Le retour de la paix au Nord-Kivu est conditionn\u00e9 \u00e0 la d\u00e9capitation de toutes les milices du Kivu.<\/strong><\/p>\n<p class=\"spip\">Joseph Kabila a fait remarquer que le retour de la paix dans le Nord et Sud-Kivu est conditionn\u00e9 \u00e0 la \u00ab\u00a0<em class=\"spip\">d\u00e9capitation de toutes les milices<\/em>\u00a0\u00bb op\u00e9rant dans cette partie du pays, en d\u00e9pit de l\u2019arrestation de l\u2019ex-g\u00e9n\u00e9ral Laurent Nkunda.<\/p>\n<p class=\"spip\">\u00ab\u00a0<em class=\"spip\">C\u2019est presque chaque tribu du Nord et du Sud-Kivu qui dispose d\u2019une milice dont les tireurs de ficelles se trouvent soit sur place, soit \u00e0 Kinshasa<\/em>\u00a0\u00bb, a-t-il r\u00e9v\u00e9l\u00e9. Dans le m\u00eame registre, il a promis de prendre des mesures efficaces afin que les r\u00e9fugi\u00e9s hutu rwandais traqu\u00e9s se trouvant dans le Kivu ne puissent pas se disperser dans les for\u00eats du Maniema, de la province Orientale, de l\u2019\u00c9quateur, ou ailleurs.<\/p>\n<p class=\"spip\">R\u00e9agissant \u00e0 une pr\u00e9occupation de la presse ayant trait \u00e0 la qualit\u00e9 de la personne ayant repr\u00e9sent\u00e9 le gouvernement congolais dans l\u2019accord conclu \u00e0 Goma entre le Rwanda et la RDC, le Chef de l\u2019\u00c9tat a fait savoir que ce processus avait \u00e9t\u00e9 initi\u00e9 avant l\u2019av\u00e8nement de l\u2019actuel chef d\u2019\u00e9tat-major g\u00e9n\u00e9ral des FARDC par l\u2019inspecteur g\u00e9n\u00e9ral de la Police nationale congolaise, John Numbi. C\u2019est celui-ci qui a \u00e9t\u00e9 d\u00e9sign\u00e9 pour signer cet accord.<\/p>\n<p class=\"spip\"><strong class=\"spip\">Pas de richesses communes \u00e0 exploiter par le Rwanda et la RDC<\/strong><\/p>\n<p class=\"spip\">En vue d\u2019\u00e9clairer la lanterne des uns et des autres, le Pr\u00e9sident Joseph Kabila a dit haut et fort qu\u2019il n\u2019existe pas de richesses communes \u00e0 exploiter par le Rwanda et la RDC, \u00e0 l\u2019exception du gaz du Lac Kivu. \u00ab\u00a0<em class=\"spip\">Il y a du gaz dans le Lac Kivu et le Rwanda, de son c\u00f4t\u00e9, l\u2019a d\u00e9j\u00e0 exploit\u00e9<\/em>\u00a0\u00bb, a-t-il rassur\u00e9, ajoutant que \u00ab\u00a0<em class=\"spip\">M\u00eame avec l\u2019Ouganda, l\u2019exploitation commune du p\u00e9trole n\u2019est pas encore effective sur le Lac Albert<\/em>\u00a0\u00bb . \u00ab\u00a0<em class=\"spip\">Il n\u2019ya pas de richesses communes \u00e0 exploiter entre le Rwanda et la RDC<\/em>\u00a0\u00bb,a-t-il martel\u00e9.<\/p>\n<p class=\"spip\"><strong class=\"spip\">Le Chef de l\u2019\u00c9tat se refuse pour l\u2019heure de faire le bilan des 5 chantiers<\/strong><\/p>\n<p class=\"spip\">Le Chef de l\u2019\u00c9tat congolais s\u2019est refus\u00e9 \u00e0 dresser pour l\u2019heure le bilan des programmes des 5 chantiers de la R\u00e9publique qu\u2019il a initi\u00e9s, estimant qu\u2019il est tr\u00e8s impatient d\u00e8s lors que les travaux en cours n\u2019ont pas encore atteint la vitesse de croisi\u00e8re.<\/p>\n<p class=\"spip\">\u00ab\u00a0<em class=\"spip\">Je ne ferai pas le bilan \u00e0 ce stade, les travaux sont en cours \u00e0 travers le pays<\/em>\u00a0\u00bb, a-t-il indiqu\u00e9, avant d\u2019ajouter\u00a0: \u00ab\u00a0<em class=\"spip\">Je le ferai d\u2019ici le mois de mars ou d\u2019avril<\/em>\u00a0\u00bb. Face \u00e0 la crise financi\u00e8re et \u00e9conomique mondiale, le Chef de l\u2019\u00c9tat a estim\u00e9 qu\u2019il faille diversifier l\u2019\u00e9conomie du pays \u00e9tant donn\u00e9 que les cours des mati\u00e8res premi\u00e8res sont en chute libre. C\u2019est ainsi qu\u2019il a opt\u00e9 pour la m\u00e9canisation de l\u2019agriculture en vue d\u2019atteindre l\u2019autosuffisance alimentaire tout en important moins et en exportant plus. Dans cette optique, il a jug\u00e9 utile et n\u00e9cessaire l\u2019encadrement de la jeunesse dans de grandes villes, notamment celle de Kinshasa, en l\u2019orientant vers des travaux agricoles en vue de r\u00e9sorber tant soit peu le ch\u00f4mage.<\/p>\n<\/td>\n<\/tr>\n<\/tbody>\n<\/table>\n<p>&nbsp;<\/p>\n<p>Source <\/p>\n<p><a href=\"http:\/\/www.afriquechos.ch\/spip.php?article3866\" title=\"www.afriquechos.ch\">http:\/\/www.afriquechos.ch\/spip.php?article3866<\/a><\/p>\n<!-- AddThis Advanced Settings generic via filter on the_content --><!-- AddThis Share Buttons generic via filter on the_content -->","protected":false},"excerpt":{"rendered":"<p>&nbsp; Le Pr\u00e9sident Joseph Kabila a rassur\u00e9 le peuple congolais, lors d\u2019une conf\u00e9rence de presse&#8230;<!-- AddThis Advanced Settings generic via filter on get_the_excerpt --><!-- AddThis Share Buttons generic via filter on get_the_excerpt --><\/p>\n","protected":false},"author":1,"featured_media":81,"comment_status":"open","ping_status":"open","sticky":false,"template":"","format":"standard","meta":[],"categories":[6],"tags":[],"_links":{"self":[{"href":"https:\/\/amagep.co.za\/fr\/wp-json\/wp\/v2\/posts\/82"}],"collection":[{"href":"https:\/\/amagep.co.za\/fr\/wp-json\/wp\/v2\/posts"}],"about":[{"href":"https:\/\/amagep.co.za\/fr\/wp-json\/wp\/v2\/types\/post"}],"author":[{"embeddable":true,"href":"https:\/\/amagep.co.za\/fr\/wp-json\/wp\/v2\/users\/1"}],"replies":[{"embeddable":true,"href":"https:\/\/amagep.co.za\/fr\/wp-json\/wp\/v2\/comments?post=82"}],"version-history":[{"count":0,"href":"https:\/\/amagep.co.za\/fr\/wp-json\/wp\/v2\/posts\/82\/revisions"}],"wp:featuredmedia":[{"embeddable":true,"href":"https:\/\/amagep.co.za\/fr\/wp-json\/wp\/v2\/media\/81"}],"wp:attachment":[{"href":"https:\/\/amagep.co.za\/fr\/wp-json\/wp\/v2\/media?parent=82"}],"wp:term":[{"taxonomy":"category","embeddable":true,"href":"https:\/\/amagep.co.za\/fr\/wp-json\/wp\/v2\/categories?post=82"},{"taxonomy":"post_tag","embeddable":true,"href":"https:\/\/amagep.co.za\/fr\/wp-json\/wp\/v2\/tags?post=82"}],"curies":[{"name":"wp","href":"https:\/\/api.w.org\/{rel}","templated":true}]}}