{"id":80,"date":"2009-01-31T12:25:11","date_gmt":"2009-01-31T12:25:11","guid":{"rendered":"https:\/\/amagep.co.za\/fr\/2009\/01\/31\/la-federation-congolaise-de-ji-jutsu-2\/"},"modified":"2009-01-31T12:25:11","modified_gmt":"2009-01-31T12:25:11","slug":"la-federation-congolaise-de-ji-jutsu-2","status":"publish","type":"post","link":"https:\/\/amagep.co.za\/fr\/la-federation-congolaise-de-ji-jutsu-2\/","title":{"rendered":"La f\u00e9d\u00e9ration congolaise de ji jutsu"},"content":{"rendered":"<p><!--[if gte mso 9]><xml>  <w:WordDocument>   <w:View>Normal<\/w:View>   <w:Zoom>0<\/w:Zoom>   <w:PunctuationKerning\/>   <w:ValidateAgainstSchemas\/>   <w:SaveIfXMLInvalid>false<\/w:SaveIfXMLInvalid>   <w:IgnoreMixedContent>false<\/w:IgnoreMixedContent>   <w:AlwaysShowPlaceholderText>false<\/w:AlwaysShowPlaceholderText>   <w:Compatibility>    <w:BreakWrappedTables\/>    <w:SnapToGridInCell\/>    <w:WrapTextWithPunct\/>    <w:UseAsianBreakRules\/>    <w:DontGrowAutofit\/>   <\/w:Compatibility>   <w:BrowserLevel>MicrosoftInternetExplorer4<\/w:BrowserLevel>  <\/w:WordDocument> <\/xml><![endif]--><!--[if gte mso 9]><xml>  <w:LatentStyles DefLockedState=\"false\" LatentStyleCount=\"156\">  <\/w:LatentStyles> <\/xml><![endif]--><!--[if !mso]>\n\n<div   classid=\"clsid:38481807-CA0E-42D2-BF39-B33AF135CC4D\" id=ieooui><\/div>\n\n \n\n<style> st1\\:*{behavior:url(#ieooui) } <\/style>\n\n <![endif]--> <!--  \/* Style Definitions *\/  p.MsoNormal, li.MsoNormal, div.MsoNormal \t{mso-style-parent:\"\"; \tmargin:0in; \tmargin-bottom:.0001pt; \tmso-pagination:widow-orphan; \tfont-size:12.0pt; \tfont-family:\"Times New Roman\"; \tmso-fareast-font-family:\"Times New Roman\";} @page Section1 \t{size:8.5in 11.0in; \tmargin:1.0in 1.25in 1.0in 1.25in; \tmso-header-margin:.5in; \tmso-footer-margin:.5in; \tmso-paper-source:0;} div.Section1 \t{page:Section1;} --> <!--[if gte mso 10]> \n\n<style>  \/* Style Definitions *\/  table.MsoNormalTable \t{mso-style-name:\"Table Normal\"; \tmso-tstyle-rowband-size:0; \tmso-tstyle-colband-size:0; \tmso-style-noshow:yes; \tmso-style-parent:\"\"; \tmso-padding-alt:0in 5.4pt 0in 5.4pt; \tmso-para-margin:0in; \tmso-para-margin-bottom:.0001pt; \tmso-pagination:widow-orphan; \tfont-size:10.0pt; \tfont-family:\"Times New Roman\"; \tmso-ansi-language:#0400; \tmso-fareast-language:#0400; \tmso-bidi-language:#0400;} <\/style>\n\n <![endif]-->  <\/p>\n<p class=\"MsoNormal\"><img loading=\"lazy\" class=\" size-full wp-image-76\" src=\"https:\/\/amagep.co.za\/fr\/wp-content\/uploads\/2009\/01\/jujuti.jpg\" border=\"0\" width=\"500\" height=\"325\" srcset=\"https:\/\/amagep.co.za\/fr\/wp-content\/uploads\/2009\/01\/jujuti.jpg 500w, https:\/\/amagep.co.za\/fr\/wp-content\/uploads\/2009\/01\/jujuti-300x195.jpg 300w\" sizes=\"(max-width: 500px) 100vw, 500px\" \/>La f\u00e9d\u00e9ration congolaise de ji jutsu et self d\u00e9fense\u00a0\u00bbfecojus\u00a0\u00bb se pr\u00e9pare pour se<\/p>\n<p class=\"MsoNormal\">rendre en Angola entre du 15 au 21 fevrier 2009 pour quinze jours avec une<\/p>\n<p class=\"MsoNormal\">d\u00e9l\u00e9gation de onze personnes dont sept athl\u00e8tes, un directeur technique national<\/p>\n<p class=\"MsoNormal\">ma\u00eetre beya bukasa,ainsi que deux experts f\u00e9d\u00e9raux le secr\u00e9taire g\u00e9n\u00e9ral de la<\/p>\n<p class=\"MsoNormal\">f\u00e9d\u00e9ration Gaby mpongo et le pr\u00e9sident de la f\u00e9d\u00e9ration Daniel kangalu <\/p>\n<p> <!--more-->   <\/p>\n<p class=\"MsoNormal\">&nbsp;<\/p>\n<p class=\"MsoNormal\">Il faut noter que, entre la f\u00e9d\u00e9ration congolaise et angolaise il y a un protocole<\/p>\n<p class=\"MsoNormal\">d\u2019accord pour assistance mat\u00e9riel et technique, en outre des combats et stages de<\/p>\n<p class=\"MsoNormal\">formation sont programm\u00e9s et a travers le stage , on veut d\u00e9velopper le jijutsu en<\/p>\n<p class=\"MsoNormal\"><span>Angola car la conf\u00e9d\u00e9ration africaine de ji jutsu a par l\u2019entremise de son pr\u00e9sident<\/span><\/p>\n<p class=\"MsoNormal\">colins a demand\u00e9 a la fecojijus\u00a0 de vulgariser cette discipline en Afrique centrale<\/p>\n<p class=\"MsoNormal\">.<\/p>\n<p class=\"MsoNormal\">&nbsp;<\/p>\n<p class=\"MsoNormal\">Au m\u00eame p\u00e9riode du 15 fevrier la fecojus avec son comit\u00e9 de presse, marketing et<\/p>\n<p class=\"MsoNormal\">relations publiques sera observateur en France au 3\u00e8 open international ju jitsu de<\/p>\n<p class=\"MsoNormal\">Marseille \u2026pour des contacts qui vont servir de partenariat entre la France et la<\/p>\n<p class=\"MsoNormal\">Rdc au niveau de cette discipline.<\/p>\n<p class=\"MsoNormal\">&nbsp;<\/p>\n<p class=\"MsoNormal\">Au mois de mars l\u2019assembl\u00e9e g\u00e9n\u00e9ral est annonc\u00e9e a kinshasa.<\/p>\n<p class=\"MsoNormal\">&nbsp;<\/p>\n<p class=\"MsoNormal\">En juin 2009, le jujitsu de la Rdc va recevoir des experts de la conf\u00e9d\u00e9ration pour<\/p>\n<p class=\"MsoNormal\">un stage technique et d\u2019arbitrage.<\/p>\n<p class=\"MsoNormal\">&nbsp;<\/p>\n<p class=\"MsoNormal\">En octobre ,un stage technique est pr\u00e9vu en suisse pour 13 athl\u00e8tes dont le s\u00e9jours<\/p>\n<p class=\"MsoNormal\">sera en charge de la f\u00e9d\u00e9ration suisse , jusque la la fecojijus attend le programme<\/p>\n<p class=\"MsoNormal\">officiel qui sera envoy\u00e9 par le ma\u00eetre lodjima julien (deuxi\u00e8me dan)le repr\u00e9sentant<\/p>\n<p class=\"MsoNormal\">congolais en suisse \u2026enfin la fecojijus opte pour la formation et d\u00e9veloppement des<\/p>\n<p class=\"MsoNormal\">jeunes filles car ces derni\u00e8res sont sensibles et ma\u00eetrisent facilement les mati\u00e8res<\/p>\n<p class=\"MsoNormal\">par rapport aux gar\u00e7ons , d\u00e9j\u00e0 il y a six filles dont une a\u00een\u00e9e ceinture noire ,<\/p>\n<p class=\"MsoNormal\">bref le secr\u00e9taire g\u00e9n\u00e9ral Gaby mpongo exhorte les parents congolais de laisser<\/p>\n<p class=\"MsoNormal\">leurs filles a pratiquer cette discipline sportive\u00a0\u00bb le jijutsu\u00a0\u00bb qui va les aider<\/p>\n<p class=\"MsoNormal\">\u00a0a se d\u00e9velopper \u00a0sur le plan mental&#8230;.<\/p>\n<!-- AddThis Advanced Settings generic via filter on the_content --><!-- AddThis Share Buttons generic via filter on the_content -->","protected":false},"excerpt":{"rendered":"<p>La f\u00e9d\u00e9ration congolaise de ji jutsu et self d\u00e9fense\u00a0\u00bbfecojus\u00a0\u00bb se pr\u00e9pare pour se rendre en&#8230;<!-- AddThis Advanced Settings generic via filter on get_the_excerpt --><!-- AddThis Share Buttons generic via filter on get_the_excerpt --><\/p>\n","protected":false},"author":1,"featured_media":76,"comment_status":"open","ping_status":"open","sticky":false,"template":"","format":"standard","meta":[],"categories":[7],"tags":[],"_links":{"self":[{"href":"https:\/\/amagep.co.za\/fr\/wp-json\/wp\/v2\/posts\/80"}],"collection":[{"href":"https:\/\/amagep.co.za\/fr\/wp-json\/wp\/v2\/posts"}],"about":[{"href":"https:\/\/amagep.co.za\/fr\/wp-json\/wp\/v2\/types\/post"}],"author":[{"embeddable":true,"href":"https:\/\/amagep.co.za\/fr\/wp-json\/wp\/v2\/users\/1"}],"replies":[{"embeddable":true,"href":"https:\/\/amagep.co.za\/fr\/wp-json\/wp\/v2\/comments?post=80"}],"version-history":[{"count":0,"href":"https:\/\/amagep.co.za\/fr\/wp-json\/wp\/v2\/posts\/80\/revisions"}],"wp:featuredmedia":[{"embeddable":true,"href":"https:\/\/amagep.co.za\/fr\/wp-json\/wp\/v2\/media\/76"}],"wp:attachment":[{"href":"https:\/\/amagep.co.za\/fr\/wp-json\/wp\/v2\/media?parent=80"}],"wp:term":[{"taxonomy":"category","embeddable":true,"href":"https:\/\/amagep.co.za\/fr\/wp-json\/wp\/v2\/categories?post=80"},{"taxonomy":"post_tag","embeddable":true,"href":"https:\/\/amagep.co.za\/fr\/wp-json\/wp\/v2\/tags?post=80"}],"curies":[{"name":"wp","href":"https:\/\/api.w.org\/{rel}","templated":true}]}}