{"id":79,"date":"2009-01-29T15:50:27","date_gmt":"2009-01-29T15:50:27","guid":{"rendered":"https:\/\/amagep.co.za\/fr\/2009\/01\/29\/coupe-du-monde-de-la-fifa-2010-grande-confiance-chez-les-sud-africains\/"},"modified":"2009-01-29T15:50:27","modified_gmt":"2009-01-29T15:50:27","slug":"coupe-du-monde-de-la-fifa-2010-grande-confiance-chez-les-sud-africains","status":"publish","type":"post","link":"https:\/\/amagep.co.za\/fr\/coupe-du-monde-de-la-fifa-2010-grande-confiance-chez-les-sud-africains\/","title":{"rendered":"Coupe du Monde de la FIFA 2010 : grande confiance chez les Sud-Africains"},"content":{"rendered":"<p><img loading=\"lazy\" class=\" size-full wp-image-78\" src=\"https:\/\/amagep.co.za\/fr\/wp-content\/uploads\/2009\/01\/images.jpg\" border=\"0\" width=\"124\" height=\"88\" \/>\u00a0<\/p>\n<p>\u00c0 moins de 500 jours du lancement de la Coupe du Monde de la FIFA 2010, un grand<br \/>optimisme entoure l&rsquo;organisation par l&rsquo;Afrique du Sud de la plus grande comp\u00e9tition<br \/>de football du monde. Une \u00e9tude de march\u00e9 command\u00e9e par la FIFA a montr\u00e9 que trois<br \/>personnes sur quatre sont convaincues que l&rsquo;Afrique du Sud sera pr\u00eate \u00e0 temps pour<br \/>le d\u00e9but de la comp\u00e9tition, pr\u00e9vu le 11 juin 2010.<\/p>\n<p> <!--more--> <\/p>\n<p>Selon les r\u00e9sultats de la premi\u00e8re des six phases d&rsquo;une enqu\u00eate publique d&rsquo;opinion<br \/>r\u00e9alis\u00e9e aupr\u00e8s de la population sud-africaine par la soci\u00e9t\u00e9 internationale<br \/>d&rsquo;\u00e9tudes de march\u00e9 SPORT+MARKT, un tr\u00e8s grand sentiment de fiert\u00e9 est partag\u00e9e par<br \/>le plus grand nombre \u00e0 l&rsquo;id\u00e9e d&rsquo;accueillir la comp\u00e9tition : 88% des personnes<br \/>interrog\u00e9es se disent \u00ab fi\u00e8res que l&rsquo;Afrique du Sud accueille la Coupe du Monde de<br \/>la FIFA \u00bb. Soulignant la grande influence que l&rsquo;\u00e9v\u00e9nement peut exercer sur l&rsquo;avenir<br \/>social d&rsquo;un pays h\u00f4te, les trois quarts des personnes interrog\u00e9es pensent que la<br \/>comp\u00e9tition \u00ab permettra d&rsquo;unir les populations d&rsquo;Afrique du Sud \u00bb. En outre, 77% ont<br \/>affirm\u00e9 \u00eatre plus convaincues aujourd&rsquo;hui que le tournoi sera une r\u00e9ussite qu&rsquo;elles<br \/>ne l&rsquo;\u00e9taient en 2004, lorsque l&rsquo;Afrique du Sud a \u00e9t\u00e9 choisie pour organiser la Coupe<br \/>du Monde de la FIFA 2010.<br \/>La grande majorit\u00e9 des Sud-Africains reconnaissent les avantages li\u00e9s au r\u00f4le<br \/>d&rsquo;organisateur de la comp\u00e9tition. 91% d&rsquo;entre eux pensent que la Coupe du Monde de<br \/>la FIFA aura des effets positifs sur le tourisme sud-africain, et pr\u00e8s de neuf<br \/>personnes sur dix (87%) s&rsquo;attendent \u00e0 des am\u00e9liorations dans les infrastructures du<br \/>pays telles que les routes, les transports publics et les t\u00e9l\u00e9communications.<br \/>L&rsquo;importance du r\u00f4le d&rsquo;organisateur est \u00e9galement bien reconnue puisque 83% des<br \/>personnes interrog\u00e9es pensent que \u00ab la Coupe du Monde de la FIFA 2010 permettra<br \/>d&rsquo;am\u00e9liorer l&rsquo;image de l&rsquo;Afrique du Sud \u00e0 l&rsquo;\u00e9tranger \u00bb.\u00a0<\/p>\n<p>Par ailleurs, les Sud-Africains se disent inquiets de plusieurs facteurs : 58%<br \/>d&rsquo;entre eux pensent que la Coupe du Monde de la FIFA entra\u00eenera une inflation des<br \/>prix pour les locaux ; 53% s&rsquo;attendent \u00e0 un encombrement accru du trafic routier ;<br \/>et un peu plus de la moiti\u00e9 (53%) s&rsquo;inqui\u00e8tent du niveau de criminalit\u00e9 pendant la<br \/>Coupe du Monde de la FIFA en juin et juillet 2010 (36% ne s&rsquo;en inqui\u00e8tent pas\u00a0 et<br \/>11% sont ind\u00e9cis).\u00a0<\/p>\n<p>Malgr\u00e9 ces pr\u00e9occupations, les r\u00e9sultats de l&rsquo;enqu\u00eate sont de bon augure pour la<br \/>Coupe du Monde de la FIFA puisque l&rsquo;Afrique du Sud semble reconna\u00eetre les nombreux<br \/>avantages li\u00e9s \u00e0 l&rsquo;organisation de la comp\u00e9tition. Cette enqu\u00eate sera r\u00e9alis\u00e9e \u00e0<br \/>intervalles r\u00e9guliers jusqu&rsquo;\u00e0 la Coupe du Monde de la FIFA 2010, ce qui permettra<br \/>d&rsquo;\u00e9valuer l&rsquo;\u00e9volution des opinions jusqu&rsquo;au d\u00e9but des festivit\u00e9s.\u00a0<\/p>\n<p>N. B. : cette enqu\u00eate d&rsquo;opinion a \u00e9t\u00e9 r\u00e9alis\u00e9e aupr\u00e8s de 1 007 Sud-Africains dans<br \/>les principales villes du pays et les villes h\u00f4tes de la Coupe du Monde de la FIFA<br \/>2010, avec des quotas repr\u00e9sentatifs d&rsquo;ethnies, d&rsquo;\u00e2ges et de genres. Les personnes<br \/>ont \u00e9t\u00e9 interrog\u00e9es en face-\u00e0-face au cours des semaines 49 et 50 de l&rsquo;ann\u00e9e 2008.\u00a0<\/p>\n<p>Pour de plus amples informations, pri\u00e8re de s&rsquo;adresser \u00e0 : <\/p>\n<p>D\u00e9partement des M\u00e9dias de la FIFA<\/p>\n<p>T\u00e9l. : +41-43\/222 7272 &#8211; Fax : +41-43 222 7373 &#8211; Courriel : <a href=\"..\/3rdparty\/squirrelmail\/src\/compose.php?send_to=media%40fifa.org\"><u><font color=\"#0000ff\">media@fifa.org<\/font><\/u><\/a><\/p>\n<p>DIVISION COMMUNICATION ET AFFAIRES PUBLIQUES DE LA FIFA \/ Zurich, le 28 janvier 2009<br \/>\/ 2009-07-FIFA-2010-Public opinion survey-F.doc<\/p>\n<p>Source <\/p>\n<p><a href=\"http:\/\/www.fifa.com\/\" title=\"www.fifa.org\">http:\/\/www.fifa.com\/<\/a><\/p>\n<!-- AddThis Advanced Settings generic via filter on the_content --><!-- AddThis Share Buttons generic via filter on the_content -->","protected":false},"excerpt":{"rendered":"<p>\u00a0 \u00c0 moins de 500 jours du lancement de la Coupe du Monde de la&#8230;<!-- AddThis Advanced Settings generic via filter on get_the_excerpt --><!-- AddThis Share Buttons generic via filter on get_the_excerpt --><\/p>\n","protected":false},"author":1,"featured_media":78,"comment_status":"open","ping_status":"open","sticky":false,"template":"","format":"standard","meta":[],"categories":[7],"tags":[],"_links":{"self":[{"href":"https:\/\/amagep.co.za\/fr\/wp-json\/wp\/v2\/posts\/79"}],"collection":[{"href":"https:\/\/amagep.co.za\/fr\/wp-json\/wp\/v2\/posts"}],"about":[{"href":"https:\/\/amagep.co.za\/fr\/wp-json\/wp\/v2\/types\/post"}],"author":[{"embeddable":true,"href":"https:\/\/amagep.co.za\/fr\/wp-json\/wp\/v2\/users\/1"}],"replies":[{"embeddable":true,"href":"https:\/\/amagep.co.za\/fr\/wp-json\/wp\/v2\/comments?post=79"}],"version-history":[{"count":0,"href":"https:\/\/amagep.co.za\/fr\/wp-json\/wp\/v2\/posts\/79\/revisions"}],"wp:featuredmedia":[{"embeddable":true,"href":"https:\/\/amagep.co.za\/fr\/wp-json\/wp\/v2\/media\/78"}],"wp:attachment":[{"href":"https:\/\/amagep.co.za\/fr\/wp-json\/wp\/v2\/media?parent=79"}],"wp:term":[{"taxonomy":"category","embeddable":true,"href":"https:\/\/amagep.co.za\/fr\/wp-json\/wp\/v2\/categories?post=79"},{"taxonomy":"post_tag","embeddable":true,"href":"https:\/\/amagep.co.za\/fr\/wp-json\/wp\/v2\/tags?post=79"}],"curies":[{"name":"wp","href":"https:\/\/api.w.org\/{rel}","templated":true}]}}