{"id":77,"date":"2009-01-29T14:36:34","date_gmt":"2009-01-29T14:36:34","guid":{"rendered":"https:\/\/amagep.co.za\/fr\/2009\/01\/29\/la-federation-congolaise-de-ji-jutsu\/"},"modified":"2009-01-29T14:36:34","modified_gmt":"2009-01-29T14:36:34","slug":"la-federation-congolaise-de-ji-jutsu","status":"publish","type":"post","link":"https:\/\/amagep.co.za\/fr\/la-federation-congolaise-de-ji-jutsu\/","title":{"rendered":"La f\u00e9d\u00e9ration Congolaise de Ji jutsu"},"content":{"rendered":"<p style=\"margin: 0cm 0cm 0pt\" class=\"MsoNormal\"><font face=\"Times New Roman\" size=\"3\" color=\"#000000\"><img loading=\"lazy\" class=\" size-full wp-image-76\" src=\"https:\/\/amagep.co.za\/fr\/wp-content\/uploads\/2009\/01\/jujuti.jpg\" border=\"0\" width=\"500\" height=\"325\" srcset=\"https:\/\/amagep.co.za\/fr\/wp-content\/uploads\/2009\/01\/jujuti.jpg 500w, https:\/\/amagep.co.za\/fr\/wp-content\/uploads\/2009\/01\/jujuti-300x195.jpg 300w\" sizes=\"(max-width: 500px) 100vw, 500px\" \/><\/font><\/p>\n<p style=\"margin: 0cm 0cm 0pt\" class=\"MsoNormal\"><font face=\"Times New Roman\" size=\"3\" color=\"#000000\">La f\u00e9d\u00e9ration congolaise de Ji jutsu et self d\u00e9fense\u00a0\u00bbfecojus\u00a0\u00bb se pr\u00e9pare pour se<\/font><\/p>\n<p style=\"margin: 0cm 0cm 0pt\" class=\"MsoNormal\"><font face=\"Times New Roman\" size=\"3\" color=\"#000000\">rendre en Angola entre du 15 au 21 fevrier 2009 pour quinze jours avec une<\/font><\/p>\n<p style=\"margin: 0cm 0cm 0pt\" class=\"MsoNormal\"><font face=\"Times New Roman\" size=\"3\" color=\"#000000\">d\u00e9l\u00e9gation de onze personnes dont sept athl\u00e8tes, un directeur technique national <!--more--> <\/font><\/p>\n<p style=\"margin: 0cm 0cm 0pt\" class=\"MsoNormal\"><font face=\"Times New Roman\" size=\"3\" color=\"#000000\">ma\u00eetre beya bukasa,ainsi que deux experts f\u00e9d\u00e9raux le secr\u00e9taire g\u00e9n\u00e9ral de la<\/font><\/p>\n<p style=\"margin: 0cm 0cm 0pt\" class=\"MsoNormal\"><font face=\"Times New Roman\" size=\"3\" color=\"#000000\">f\u00e9d\u00e9ration Gaby mpongo et le pr\u00e9sident de la f\u00e9d\u00e9ration Daniel kangalu <\/font><\/p>\n<p style=\"margin: 0cm 0cm 0pt\" class=\"MsoNormal\">&nbsp;<\/p>\n<p style=\"margin: 0cm 0cm 0pt\" class=\"MsoNormal\"><font face=\"Times New Roman\" size=\"3\" color=\"#000000\">Il faut noter que, entre la f\u00e9d\u00e9ration congolaise et angolaise il y a un protocole<\/font><\/p>\n<p style=\"margin: 0cm 0cm 0pt\" class=\"MsoNormal\"><font face=\"Times New Roman\" size=\"3\" color=\"#000000\">d\u2019accord pour assistance mat\u00e9riel et technique, en outre des combats et stages de<\/font><\/p>\n<p style=\"margin: 0cm 0cm 0pt\" class=\"MsoNormal\"><font face=\"Times New Roman\" size=\"3\" color=\"#000000\">formation sont programm\u00e9s et a travers le stage , on veut d\u00e9velopper le jijutsu en<\/font><\/p>\n<p><span><font size=\"3\"><font color=\"#000000\"><font face=\"Times New Roman\">Angola car la conf\u00e9d\u00e9ration africaine de ji jutsu a par l\u2019entremise de son pr\u00e9sident<\/font><\/font><\/font><\/span> <\/p>\n<p style=\"margin: 0cm 0cm 0pt\" class=\"MsoNormal\"><font face=\"Times New Roman\" size=\"3\" color=\"#000000\">colins a demand\u00e9 a la fecojijus\u00a0 de vulgariser cette discipline en Afrique centrale<\/font><\/p>\n<p style=\"margin: 0cm 0cm 0pt\" class=\"MsoNormal\"><font face=\"Times New Roman\" size=\"3\" color=\"#000000\">.<\/font><font face=\"Times New Roman\" size=\"3\" color=\"#000000\">Au m\u00eame p\u00e9riode du 15 fevrier la fecojus avec son comit\u00e9 de presse, marketing et<\/font><\/p>\n<p style=\"margin: 0cm 0cm 0pt\" class=\"MsoNormal\"><font face=\"Times New Roman\" size=\"3\" color=\"#000000\">relations publiques sera observateur en France au 3\u00e8 open international Ju jitsu de<\/font><\/p>\n<p style=\"margin: 0cm 0cm 0pt\" class=\"MsoNormal\"><font face=\"Times New Roman\" size=\"3\" color=\"#000000\">Marseille \u2026pour des contacts qui vont servir de partenariat entre la France et la<\/font><\/p>\n<p style=\"margin: 0cm 0cm 0pt\" class=\"MsoNormal\"><font face=\"Times New Roman\" size=\"3\" color=\"#000000\">Rdc au niveau de cette discipline.<\/font><\/p>\n<p style=\"margin: 0cm 0cm 0pt\" class=\"MsoNormal\"><font face=\"Times New Roman\" size=\"3\" color=\"#000000\">Au mois de mars l\u2019assembl\u00e9e g\u00e9n\u00e9ral est annonc\u00e9e a kinshasa.<\/font><\/p>\n<p style=\"margin: 0cm 0cm 0pt\" class=\"MsoNormal\"><font face=\"Times New Roman\" size=\"3\" color=\"#000000\">En juin 2009, le jujitsu de la Rdc va recevoir des experts de la conf\u00e9d\u00e9ration pour<\/font><\/p>\n<p style=\"margin: 0cm 0cm 0pt\" class=\"MsoNormal\"><font face=\"Times New Roman\" size=\"3\" color=\"#000000\">un stage technique et d\u2019arbitrage.<\/font><\/p>\n<p style=\"margin: 0cm 0cm 0pt\" class=\"MsoNormal\">&nbsp;<\/p>\n<p style=\"margin: 0cm 0cm 0pt\" class=\"MsoNormal\"><font face=\"Times New Roman\" size=\"3\" color=\"#000000\">En octobre ,un stage technique est pr\u00e9vu en suisse pour 13 athl\u00e8tes dont le s\u00e9jours<\/font><\/p>\n<p style=\"margin: 0cm 0cm 0pt\" class=\"MsoNormal\"><font face=\"Times New Roman\" size=\"3\" color=\"#000000\">sera en charge de la f\u00e9d\u00e9ration suisse , jusque la la fecojijus attend le programme<\/font><\/p>\n<p style=\"margin: 0cm 0cm 0pt\" class=\"MsoNormal\"><font face=\"Times New Roman\" size=\"3\" color=\"#000000\">officiel qui sera envoy\u00e9 par le ma\u00eetre lodjima julien (deuxi\u00e8me dan)le repr\u00e9sentant<\/font><\/p>\n<p style=\"margin: 0cm 0cm 0pt\" class=\"MsoNormal\"><font face=\"Times New Roman\" size=\"3\" color=\"#000000\">congolais en suisse \u2026enfin la fecojijus opte pour la formation et d\u00e9veloppement des<\/font><\/p>\n<p style=\"margin: 0cm 0cm 0pt\" class=\"MsoNormal\"><font face=\"Times New Roman\" size=\"3\" color=\"#000000\">jeunes filles car ces derni\u00e8res sont sensibles et ma\u00eetrisent facilement les mati\u00e8res<\/font><\/p>\n<p style=\"margin: 0cm 0cm 0pt\" class=\"MsoNormal\"><font face=\"Times New Roman\" size=\"3\" color=\"#000000\">par rapport aux gar\u00e7ons , d\u00e9j\u00e0 il y a six filles dont une a\u00een\u00e9e ceinture noire ,<\/font><\/p>\n<p style=\"margin: 0cm 0cm 0pt\" class=\"MsoNormal\"><font face=\"Times New Roman\" size=\"3\" color=\"#000000\">bref le secr\u00e9taire g\u00e9n\u00e9ral Gaby mpongo exhorte les parents congolais de laisser<\/font><\/p>\n<p style=\"margin: 0cm 0cm 0pt\" class=\"MsoNormal\"><font face=\"Times New Roman\" size=\"3\" color=\"#000000\">leurs filles a pratiquer cette discipline sportive\u00a0\u00bb le jijutsu\u00a0\u00bb qui va les aider<\/font><\/p>\n<p style=\"margin: 0cm 0cm 0pt\" class=\"MsoNormal\"><font face=\"Times New Roman\" size=\"3\" color=\"#000000\">\u00a0a se d\u00e9velopper \u00a0sur le plan mental&#8230;.<\/font><\/p>\n<!-- AddThis Advanced Settings generic via filter on the_content --><!-- AddThis Share Buttons generic via filter on the_content -->","protected":false},"excerpt":{"rendered":"<p>La f\u00e9d\u00e9ration congolaise de Ji jutsu et self d\u00e9fense\u00a0\u00bbfecojus\u00a0\u00bb se pr\u00e9pare pour se rendre en&#8230;<!-- AddThis Advanced Settings generic via filter on get_the_excerpt --><!-- AddThis Share Buttons generic via filter on get_the_excerpt --><\/p>\n","protected":false},"author":1,"featured_media":76,"comment_status":"open","ping_status":"open","sticky":false,"template":"","format":"standard","meta":[],"categories":[7],"tags":[],"_links":{"self":[{"href":"https:\/\/amagep.co.za\/fr\/wp-json\/wp\/v2\/posts\/77"}],"collection":[{"href":"https:\/\/amagep.co.za\/fr\/wp-json\/wp\/v2\/posts"}],"about":[{"href":"https:\/\/amagep.co.za\/fr\/wp-json\/wp\/v2\/types\/post"}],"author":[{"embeddable":true,"href":"https:\/\/amagep.co.za\/fr\/wp-json\/wp\/v2\/users\/1"}],"replies":[{"embeddable":true,"href":"https:\/\/amagep.co.za\/fr\/wp-json\/wp\/v2\/comments?post=77"}],"version-history":[{"count":0,"href":"https:\/\/amagep.co.za\/fr\/wp-json\/wp\/v2\/posts\/77\/revisions"}],"wp:featuredmedia":[{"embeddable":true,"href":"https:\/\/amagep.co.za\/fr\/wp-json\/wp\/v2\/media\/76"}],"wp:attachment":[{"href":"https:\/\/amagep.co.za\/fr\/wp-json\/wp\/v2\/media?parent=77"}],"wp:term":[{"taxonomy":"category","embeddable":true,"href":"https:\/\/amagep.co.za\/fr\/wp-json\/wp\/v2\/categories?post=77"},{"taxonomy":"post_tag","embeddable":true,"href":"https:\/\/amagep.co.za\/fr\/wp-json\/wp\/v2\/tags?post=77"}],"curies":[{"name":"wp","href":"https:\/\/api.w.org\/{rel}","templated":true}]}}