{"id":754,"date":"2018-10-07T13:25:56","date_gmt":"2018-10-07T13:25:56","guid":{"rendered":"https:\/\/amagep.co.za\/fr\/2018\/10\/07\/prix-nobel-de-la-paix-2018-le-congolais-denis-mukwege-et-la-yezidie-nadia-murad\/"},"modified":"2018-10-07T13:25:56","modified_gmt":"2018-10-07T13:25:56","slug":"prix-nobel-de-la-paix-2018-le-congolais-denis-mukwege-et-la-yezidie-nadia-murad","status":"publish","type":"post","link":"https:\/\/amagep.co.za\/fr\/prix-nobel-de-la-paix-2018-le-congolais-denis-mukwege-et-la-yezidie-nadia-murad\/","title":{"rendered":"Prix Nobel de la paix 2018: le Congolais Denis Mukwege et la Y\u00e9zidie Nadia Murad"},"content":{"rendered":"<p><img loading=\"lazy\" class=\"image__src\" src=\"https:\/\/o.aolcdn.com\/images\/dims3\/GLOB\/crop\/998x500+0+52\/resize\/630x315!\/format\/jpg\/quality\/85\/http%3A%2F%2Fo.aolcdn.com%2Fhss%2Fstorage%2Fmidas%2F6d0243661a320d6afe0dce7ee76fc220%2F206716062%2Fpaix2.png\" border=\"0\" alt=\"Le prix Nobel de la paix 2018 d\u00e9cern\u00e9 \u00e0 Denis Mukwege et Nadia Murad\" width=\"547\" height=\"315\" \/><\/p>\n<p>INTERNATIONAL &#8211; Le <a href=\"https:\/\/www.huffingtonpost.fr\/news\/prix-nobel\/\" target=\"_blank\">prix Nobel<\/a> de la paix 2018 a \u00e9t\u00e9 attribu\u00e9 \u00e0 Denis Mukwege et Nadia Murad pour  leurs efforts pour mettre fin \u00e0 l&rsquo;utilisation de la violence sexuelle  comme arme de guerre, a annonc\u00e9 le <a href=\"https:\/\/www.nobelprize.org\/\" target=\"_blank\">comit\u00e9 Nobel<\/a> norv\u00e9gien ce vendredi 5 octobre \u00e0 Olso.<\/p>\n<p>\u00a0<\/p>\n<p>  <!--more-->  <\/p>\n<p>\u00a0<\/p>\n<p>\u00a0<\/p>\n<p>Denis  Mukwege, 63 ans, \u00ab\u00a0a d\u00e9di\u00e9 sa vie \u00e0 d\u00e9fendre des victimes de violences  sexuelles en temps de guerre\u00a0\u00bb, a pr\u00e9cis\u00e9 le comit\u00e9, notamment en  R\u00e9publique d\u00e9mocratique du Congo. Avec son \u00e9quipe, il a \u00ab\u00a0sauv\u00e9 des  milliers de patients victimes de tels assauts\u00a0\u00bb.<\/p>\n<p>\u00a0<\/p>\n<p>Il a r\u00e9guli\u00e8rement  condamn\u00e9 l&rsquo;impunit\u00e9 des viols collectifs et \u00ab\u00a0critiqu\u00e9 le gouvernement  congolais et d&rsquo;autres pays pour ne pas en faire assez pour faire cesser  l&rsquo;usage des violences sexuelles contre les femmes dans leur strat\u00e9gie et  comme arme de guerre\u00a0\u00bb, pr\u00e9cise le comit\u00e9 Nobel.<\/p>\n<p>\u00a0<\/p>\n<p>Nadia Murad, 25 ans, est \u00ab\u00a0le t\u00e9moin qui raconte les abus perp\u00e9tr\u00e9s  contre elle et d&rsquo;autres\u00a0\u00bb. Elle a fait preuve d&rsquo;un \u00ab\u00a0courage rare en  racontant ses propres souffrances et en s&rsquo;exprimant au nom des autres  victimes\u00a0\u00bb. C&rsquo;est l&rsquo;une des 3000 femmes Y\u00e9zidies qui ont \u00e9t\u00e9 victimes de  viol et d&rsquo;autres abus de la part de l&rsquo;arm\u00e9e de Daech. \u00ab\u00a0Ces abus \u00e9taient  syst\u00e9matiques et faisaient partie d&rsquo;une strat\u00e9gie militaire\u00a0\u00bb, explique  le comit\u00e9 Nobel. Une arme dans le combat de Daech contre \u00ab\u00a0les Y\u00e9zidis et  les autres minorit\u00e9s religieuses\u00a0\u00bb.<\/p>\n<p>En 2016, Nadia Murad a \u00e9t\u00e9 nomm\u00e9 ambassadeur de l&rsquo;ONU pour la dignit\u00e9 des survivants de la traite d&rsquo;\u00eatres humains.<\/p>\n<p>\u00a0<\/p>\n<p>Lors d&rsquo;une conf\u00e9rence de presse, la pr\u00e9sidente du comit\u00e9 Nobel  norv\u00e9gien, Berit Reiss-Andersen, a pr\u00e9cis\u00e9 que le prix Nobel de la paix  2018 visait \u00e0 \u00ab\u00a0faire prendre conscience que les femmes repr\u00e9sentent la  moiti\u00e9 de la population et sont utilis\u00e9es comme des armes de guerre.  Elles ont besoin de protection et les auteurs de ces crimes doivent \u00eatre  poursuivis\u00a0\u00bb.<\/p>\n<p>\u00a0<\/p>\n<p>C&rsquo;est un \u00ab\u00a0pr\u00e9requis fondamental pour la paix\u00a0\u00bb,  estime-t-elle. Interrog\u00e9e sur un possible lien avec le mouvement #MeToo,  Berit Reiss-Andersen a r\u00e9pondu que ce mouvement \u00ab\u00a0et les crimes de  guerre ne sont pas la m\u00eame choses\u00a0\u00bb. Mais il y a en commun \u00ab\u00a0le fait de  voir la souffrance des femmes, les abus, et de les partager\u00a0\u00bb.<\/p>\n<p>\u00a0<\/p>\n<p>Les  Nations unies ont salu\u00e9 une annonce \u00ab\u00a0fantastique\u00a0\u00bb qui \u00ab\u00a0aidera \u00e0 faire  avancer le combat contre les violences sexuelles comme arme de guerre  dans les conflits\u00a0\u00bb. \u00ab\u00a0C&rsquo;est une cause ch\u00e8re aux Nations unies\u00a0\u00bb, a pr\u00e9cis\u00e9  la porte-parole de l&rsquo;ONU \u00e0 Gen\u00e8ve, Alessandra Vellucci.<\/p>\n<p>\u00a0<\/p>\n<p>Les laur\u00e9ats <a href=\"https:\/\/www.huffingtonpost.fr\/2017\/10\/06\/le-prix-nobel-de-la-paix-2017-recompense-la-campagne-internationale-pour-labolition-des-armes-nucleaires_a_23234722\/\" target=\"_blank\">succ\u00e8dent \u00e0 l&rsquo;organisation ICAN<\/a>, la Campagne internationale pour l&rsquo;abolition des armes nucl\u00e9aires, d\u00e9cor\u00e9e en 2017. C&rsquo;\u00e9tait la 28e organisation \u00e0 \u00eatre <a href=\"https:\/\/www.huffingtonpost.fr\/2017\/10\/06\/prix-nobel-de-la-paix-2017-avant-lican-ces-fois-ou-une-organisation-plutot-quune-personne-a-ete-primee_a_23234761\/\" target=\"_blank\">r\u00e9compens\u00e9e par un prix Nobel de la paix<\/a>.  L&rsquo;ICAN a d&rsquo;ailleurs r\u00e9agi \u00e0 cette annonce en f\u00e9licitant Denis Mukwege  et Nadia Murad. \u00ab\u00a0Nous souhaitons travailler avec eux en tant que  laur\u00e9ats Nobel pour oeuvrer \u00e0 un monde en paix et d\u00e9barrass\u00e9 des menaces  des armes nucl\u00e9aires et de l&rsquo;utilisation des violences sexuelles comme  arme de guerre\u00a0\u00bb, a pr\u00e9cis\u00e9 dans un communiqu\u00e9 l&rsquo;organisation.<\/p>\n<p>\u00a0<\/p>\n<p>Il y avait cette ann\u00e9e <a href=\"https:\/\/www.huffingtonpost.fr\/2018\/10\/04\/prix-nobel-de-la-paix-2018-comment-donald-trump-et-kim-jong-un-peuvent-bien-se-retrouver-nommes_a_23550882\/?utm_hp_ref=fr-homepage\" target=\"_blank\">331 candidats pour le prix Nobel de la paix<\/a>,  dont 216 individus et 115 organisations. C&rsquo;est la deuxi\u00e8me plus longue  liste de l&rsquo;histoire du prix, apr\u00e8s 2016 et ses 376 candidats. Si des  noms \u00e9taient \u00e9voqu\u00e9s, la liste officielle restera secr\u00e8te pendant 50  ans.<\/p>\n<p>\u00a0<\/p>\n<p>Apr\u00e8s le prix Nobel de <a href=\"https:\/\/www.huffingtonpost.fr\/2018\/10\/01\/le-prix-nobel-de-medecine-2018-decerne-a-james-p-allison-et-tasuku-honjo-pour-leurs-travaux-sur-le-traitement-du-cancer_a_23546982\/\" target=\"_blank\">m\u00e9decine<\/a>, de <a href=\"https:\/\/www.huffingtonpost.fr\/2018\/10\/03\/le-prix-nobel-de-chimie-2018-decerne-a-frances-arnold-george-smith-et-gregory-winter-pour-leurs-travaux-sur-le-controle-de-levolution_a_23549224\/\" target=\"_blank\">chimie<\/a>, de <a href=\"https:\/\/www.huffingtonpost.fr\/2018\/10\/02\/gerard-mourou-un-francais-remporte-le-prix-nobel-de-physique-2018-aux-cotes-dun-americain-et-dune-canadienne_a_23548131\/\" target=\"_blank\">physique<\/a> et de la paix, reste celui de l&rsquo;\u00e9conomie, le seul qui n&rsquo;\u00e9tait pas dans  le testament d&rsquo;Alfred Nobel, qui sera d\u00e9voil\u00e9 lundi 8 octobre. Le <a href=\"https:\/\/www.huffingtonpost.fr\/2018\/09\/29\/il-ny-aura-pas-de-nobel-de-litterature-en-2018-mais-un-prix-alternatif-va-etre-decerne_a_23542243\/?utm_hp_ref=fr-prix-nobel\" target=\"_blank\">prix Nobel de litt\u00e9rature<\/a> a \u00e9t\u00e9 report\u00e9 en raison d&rsquo;un <a href=\"https:\/\/www.huffingtonpost.fr\/2018\/10\/01\/scandale-nobel-jean-claude-arnault-condamne-a-deux-ans-de-prison-en-suede-pour-viol_a_23546935\/?utm_hp_ref=fr-prix-nobel\" target=\"_blank\">scandale sexuel<\/a>.<\/p>\n<p>\u00a0<\/p>\n<p>source<\/p>\n<p>\u00a0<\/p>\n<p>\u00a0<\/p>\n<p><a href=\"https:\/\/www.huffingtonpost.fr\/2018\/10\/05\/le-prix-nobel-de-la-paix-2018-decerne-a-denis-mukwege-et-nadia-murad_a_23551773\/\" title=\"www.huffingtonpost.fr\">HUFFINGTONPOST.FR<\/a><\/p>\n<!-- AddThis Advanced Settings generic via filter on the_content --><!-- AddThis Share Buttons generic via filter on the_content -->","protected":false},"excerpt":{"rendered":"<p>INTERNATIONAL &#8211; Le prix Nobel de la paix 2018 a \u00e9t\u00e9 attribu\u00e9 \u00e0 Denis Mukwege&#8230;<!-- AddThis Advanced Settings generic via filter on get_the_excerpt --><!-- AddThis Share Buttons generic via filter on get_the_excerpt --><\/p>\n","protected":false},"author":1,"featured_media":0,"comment_status":"open","ping_status":"open","sticky":false,"template":"","format":"standard","meta":[],"categories":[5],"tags":[],"_links":{"self":[{"href":"https:\/\/amagep.co.za\/fr\/wp-json\/wp\/v2\/posts\/754"}],"collection":[{"href":"https:\/\/amagep.co.za\/fr\/wp-json\/wp\/v2\/posts"}],"about":[{"href":"https:\/\/amagep.co.za\/fr\/wp-json\/wp\/v2\/types\/post"}],"author":[{"embeddable":true,"href":"https:\/\/amagep.co.za\/fr\/wp-json\/wp\/v2\/users\/1"}],"replies":[{"embeddable":true,"href":"https:\/\/amagep.co.za\/fr\/wp-json\/wp\/v2\/comments?post=754"}],"version-history":[{"count":0,"href":"https:\/\/amagep.co.za\/fr\/wp-json\/wp\/v2\/posts\/754\/revisions"}],"wp:attachment":[{"href":"https:\/\/amagep.co.za\/fr\/wp-json\/wp\/v2\/media?parent=754"}],"wp:term":[{"taxonomy":"category","embeddable":true,"href":"https:\/\/amagep.co.za\/fr\/wp-json\/wp\/v2\/categories?post=754"},{"taxonomy":"post_tag","embeddable":true,"href":"https:\/\/amagep.co.za\/fr\/wp-json\/wp\/v2\/tags?post=754"}],"curies":[{"name":"wp","href":"https:\/\/api.w.org\/{rel}","templated":true}]}}