{"id":752,"date":"2018-10-01T12:40:39","date_gmt":"2018-10-01T12:40:39","guid":{"rendered":"https:\/\/amagep.co.za\/fr\/2018\/10\/01\/la-communaute-francophone-de-johannesburg-recoit-le-carfinal-monsengwo\/"},"modified":"2018-10-01T12:40:39","modified_gmt":"2018-10-01T12:40:39","slug":"la-communaute-francophone-de-johannesburg-recoit-le-carfinal-monsengwo","status":"publish","type":"post","link":"https:\/\/amagep.co.za\/fr\/la-communaute-francophone-de-johannesburg-recoit-le-carfinal-monsengwo\/","title":{"rendered":"LA COMMUNAUTE FRANCOPHONE DE JOHANNESBURG RECOIT LE CARFINAL MONSENGWO"},"content":{"rendered":"<p>\u00a0<\/p>\n<p>Le 6 juin 2018, la Communaut\u00e9 Francophone de Johannesburg a re\u00e7u Son Excellence le Cardinal Laurent Mosengwo. Depuis l&rsquo;\u00e9tablissement de croyants francophones dans la paroisse Notre-Dame de Lourdes, situ\u00e9e \u00e0 City Deep, la communaut\u00e9 a re\u00e7u deux les autorit\u00e9s.<\/p>\n<p class=\"MsoNormal\" style=\"margin-bottom: .0001pt; line-height: normal;\">\u00a0<\/p>\n<p><span style=\"font-size: 12.0pt; font-family: \"> <\/span><\/p>\n<p>  <!--more-->  <\/p>\n<p>\u00a0<\/p>\n<p>\u00a0<\/p>\n<p class=\"MsoNormal\" style=\"margin-bottom: .0001pt; line-height: normal;\">\u00a0<\/p>\n<p class=\"MsoNormal\" style=\"margin-bottom: .0001pt; line-height: normal;\"><span style=\"font-size: 12.0pt; font-family: \"> Il y a des ann\u00e9es, le cur\u00e9 de la paroisse, le P\u00e8re Blaise Mambu, a invit\u00e9 l&rsquo;archev\u00eaque de Johannesburg, Bhuti Tagale. Il est venu honorer et prier avec les membres de la communaut\u00e9 qui appartiennent \u00e0 son domaine de pouvoir. Depuis lors, la communaut\u00e9 a cherch\u00e9 une autre personnalit\u00e9 qui prierait avec eux et c\u00e9l\u00e9brerait leur temps prosp\u00e8re dans la r\u00e9gion industrielle de Johannesburg.<\/span><\/p>\n<p class=\"MsoNormal\" style=\"margin-bottom: .0001pt; line-height: normal;\"><span style=\"font-size: 12.0pt; font-family: \"><br \/><\/span><\/p>\n<p class=\"MsoNormal\" style=\"margin-bottom: .0001pt; line-height: normal;\"><span style=\"font-size: 12.0pt; font-family: \"> <\/span><span style=\"font-size: 12.0pt; font-family: \">La communaut\u00e9 francophone a \u00e9t\u00e9 \u00e9tablie d\u00e9finitivement en 2008 apr\u00e8s des ann\u00e9es de mouvements autour des paroisses de Johannesburg Central comprenant St Fran\u00e7ois \u00e0 Yeoville et la cath\u00e9drale de Berea parmi beaucoup d&rsquo;autres endroits o\u00f9 les membres priaient en fran\u00e7ais une fois par mois. Les anciens membres de la communaut\u00e9 retracent l&rsquo;unit\u00e9 et l&rsquo;initiative de l&rsquo;assembl\u00e9e depuis 1993.<\/span><\/p>\n<p class=\"MsoNormal\" style=\"margin-bottom: .0001pt; line-height: normal;\"><span style=\"font-size: 12.0pt; font-family: \"><br \/><\/span><\/p>\n<p class=\"MsoNormal\" style=\"margin-bottom: .0001pt; line-height: normal;\"><span style=\"font-size: 12.0pt; font-family: \"> <\/span><span style=\"font-size: 12.0pt; font-family: \">Ils ont aim\u00e9 voir beaucoup de pr\u00eatres venir et partir. Le dernier pr\u00eatre \u00e0 venir dans la communaut\u00e9 est le p\u00e8re Blaise, qui travaille depuis plus de 10 ans dans la communaut\u00e9.<\/span><\/p>\n<p class=\"MsoNormal\" style=\"margin-bottom: .0001pt; line-height: normal;\"><span style=\"font-size: 12.0pt; font-family: \">L&rsquo;invitation de l&rsquo;archev\u00eaque de Kinshasa, le cardinal Monsengwo, \u00e9tait d&rsquo;abord de c\u00e9l\u00e9brer les 10 ans de l&rsquo;\u00e9tablissement de la communaut\u00e9 francophone de Johannesburg.<\/span><\/p>\n<p class=\"MsoNormal\" style=\"margin-bottom: .0001pt; line-height: normal;\"><span style=\"font-size: 12.0pt; font-family: \"><br \/><\/span><\/p>\n<p class=\"MsoNormal\" style=\"margin-bottom: .0001pt; line-height: normal;\"><span style=\"font-size: 12.0pt; font-family: \">Cependant, cette occasion est venue \u00e0 une \u00e9poque o\u00f9 le Cardinal se fait entendre au Congo pour une meilleure situation politique dans le pays.<\/span><\/p>\n<p class=\"MsoNormal\" style=\"margin-bottom: .0001pt; line-height: normal;\"><span style=\"font-size: 12.0pt; font-family: \">Sa position contre toute violation de la constitution par la direction politique actuelle en place l&rsquo;a rendu tr\u00e8s populaire parmi les congolais de diff\u00e9rentes religions.<\/span><\/p>\n<p class=\"MsoNormal\" style=\"margin-bottom: .0001pt; line-height: normal;\"><span style=\"font-size: 12.0pt; font-family: \"><br \/><\/span><\/p>\n<p class=\"MsoNormal\" style=\"margin-bottom: .0001pt; line-height: normal;\"><span style=\"font-size: 12.0pt; font-family: \">Le Cardinal \u00e9tait depuis une double c\u00e9l\u00e9brit\u00e9 dans ce cas. Beaucoup de congolais sont venus \u00e9couter aussi ce qu&rsquo;il dirait non seulement en tant que pr\u00eatre mais en tant que leader oustpoken dans le pays.<\/span><\/p>\n<p class=\"MsoNormal\" style=\"margin-bottom: .0001pt; line-height: normal;\"><span style=\"font-size: 12.0pt; font-family: \">City Deep n&rsquo;a jamais vu autant de personnes dans ses locaux.<\/span><\/p>\n<p class=\"MsoNormal\" style=\"margin-bottom: .0001pt; line-height: normal;\"><span style=\"font-size: 12.0pt; font-family: \"><br \/><\/span><\/p>\n<p class=\"MsoNormal\" style=\"margin-bottom: .0001pt; line-height: normal;\"><span style=\"font-size: 12.0pt; font-family: \">Le message du cardinal \u00e9tait centr\u00e9 sur l&rsquo;amour. Il a pr\u00each\u00e9 que les gens devraient s&rsquo;aimer. L&rsquo;amour est le moyen de pardonner et de servir les autres.<\/span><\/p>\n<p class=\"MsoNormal\" style=\"margin-bottom: .0001pt; line-height: normal;\"><span style=\"font-size: 12.0pt; font-family: \">Il a appel\u00e9 les gens a avoir un sens du service. Servir les autres exige de l&rsquo;engagement et de l&rsquo;honn\u00eatet\u00e9. Beaucoup d&rsquo;Africains connaissent le cardinal parce qu&rsquo;il est l&rsquo;un des 8 meilleurs cardinaux qui dirigent l&rsquo;\u00e9glise catholique de la Cit\u00e9 du Vatican.<\/span><\/p>\n<p class=\"MsoNormal\" style=\"margin-bottom: .0001pt; line-height: normal;\"><span style=\"font-size: 12.0pt; font-family: \"><br \/><\/span><\/p>\n<p class=\"MsoNormal\" style=\"margin-bottom: .0001pt; line-height: normal;\"><span style=\"font-size: 12.0pt; font-family: \">Il appartient au cercle le plus proche des conseillers de Pope pour la r\u00e9forme de l&rsquo;\u00e9glise mondiale.<\/span><\/p>\n<p class=\"MsoNormal\" style=\"margin-bottom: .0001pt; line-height: normal;\"><span style=\"font-size: 12.0pt; font-family: \">Le Cardinal \u00e9tait reconnaissant envers la communaut\u00e9 pour la qualit\u00e9 de son organisation. Il a c\u00e9l\u00e9br\u00e9 la messe en rite congolais qui a apport\u00e9 de nombreux souvenirs aux croyants.<\/span><\/p>\n<p class=\"MsoNormal\" style=\"margin-bottom: .0001pt; line-height: normal;\"><span style=\"font-size: 12.0pt; font-family: \"><br \/><\/span><\/p>\n<p class=\"MsoNormal\" style=\"margin-bottom: .0001pt; line-height: normal;\"><span style=\"font-size: 12.0pt; font-family: \">Apr\u00e8s la messe, diff\u00e9rentes organisations principalement congolaises ont \u00e9t\u00e9 rassembl\u00e9es \u00e0 l&rsquo;ext\u00e9rieur de l&rsquo;\u00e9glise pour une c\u00e9r\u00e9monie officielle par le cardinal. Il a adress\u00e9 \u00e0 la foule insitant sur l&rsquo;amour qui conduirait les gens de r\u00e9aliser leur espoir parce qu&rsquo;ils ne vivent pas seuls dans ce monde. Les gens devraient penser aux autres dans leur profession. Apr\u00e8s le bref temps pass\u00e9 \u00e0 l&rsquo;ext\u00e9rieur, il est parti pour continuer dans un d\u00e9jeuner sp\u00e9cial.<\/span><\/p>\n<p class=\"MsoNormal\" style=\"margin-bottom: .0001pt; line-height: normal;\"><span style=\"font-size: 12.0pt; font-family: \"><br \/><\/span><\/p>\n<p class=\"MsoNormal\" style=\"margin-bottom: .0001pt; line-height: normal;\"><span style=\"font-size: 12.0pt; font-family: \">Cela a \u00e9t\u00e9 pr\u00e9par\u00e9 et pay\u00e9 par des membres de la communaut\u00e9 qui pouvaient se le permettre. Le \u00ab\u00a0Agape\u00a0\u00bb a \u00e9t\u00e9 organis\u00e9 miles de City Deep dans une r\u00e9serve naturelle recul\u00e9e au-del\u00e0 d&rsquo;Edenval.<\/span><\/p>\n<p class=\"MsoNormal\" style=\"margin-bottom: .0001pt; line-height: normal;\"><span style=\"font-size: 12.0pt; font-family: \">Beaucoup de gens ont appr\u00e9ci\u00e9 la messe parce que c&rsquo;\u00e9tait d&rsquo;abord un \u00e9v\u00e9nement pour la communaut\u00e9.<\/span><\/p>\n<p class=\"MsoNormal\" style=\"margin-bottom: .0001pt; line-height: normal;\"><span style=\"font-size: 12.0pt; font-family: \">Un tel moment historique restera dans la t\u00eate des membres qui ont re\u00e7u un grand pasteur.<\/span><\/p>\n<p>\u00a0<\/p>\n<!-- AddThis Advanced Settings generic via filter on the_content --><!-- AddThis Share Buttons generic via filter on the_content -->","protected":false},"excerpt":{"rendered":"<p>\u00a0 Le 6 juin 2018, la Communaut\u00e9 Francophone de Johannesburg a re\u00e7u Son Excellence le&#8230;<!-- AddThis Advanced Settings generic via filter on get_the_excerpt --><!-- AddThis Share Buttons generic via filter on get_the_excerpt --><\/p>\n","protected":false},"author":1,"featured_media":0,"comment_status":"open","ping_status":"open","sticky":false,"template":"","format":"standard","meta":[],"categories":[5],"tags":[],"_links":{"self":[{"href":"https:\/\/amagep.co.za\/fr\/wp-json\/wp\/v2\/posts\/752"}],"collection":[{"href":"https:\/\/amagep.co.za\/fr\/wp-json\/wp\/v2\/posts"}],"about":[{"href":"https:\/\/amagep.co.za\/fr\/wp-json\/wp\/v2\/types\/post"}],"author":[{"embeddable":true,"href":"https:\/\/amagep.co.za\/fr\/wp-json\/wp\/v2\/users\/1"}],"replies":[{"embeddable":true,"href":"https:\/\/amagep.co.za\/fr\/wp-json\/wp\/v2\/comments?post=752"}],"version-history":[{"count":0,"href":"https:\/\/amagep.co.za\/fr\/wp-json\/wp\/v2\/posts\/752\/revisions"}],"wp:attachment":[{"href":"https:\/\/amagep.co.za\/fr\/wp-json\/wp\/v2\/media?parent=752"}],"wp:term":[{"taxonomy":"category","embeddable":true,"href":"https:\/\/amagep.co.za\/fr\/wp-json\/wp\/v2\/categories?post=752"},{"taxonomy":"post_tag","embeddable":true,"href":"https:\/\/amagep.co.za\/fr\/wp-json\/wp\/v2\/tags?post=752"}],"curies":[{"name":"wp","href":"https:\/\/api.w.org\/{rel}","templated":true}]}}