{"id":750,"date":"2018-08-22T12:08:16","date_gmt":"2018-08-22T12:08:16","guid":{"rendered":"https:\/\/amagep.co.za\/fr\/2018\/08\/22\/deces-de-lancien-secretaire-general-de-lonu-kofi-annan-reactions-et-emotion\/"},"modified":"2018-08-22T12:08:16","modified_gmt":"2018-08-22T12:08:16","slug":"deces-de-lancien-secretaire-general-de-lonu-kofi-annan-reactions-et-emotion","status":"publish","type":"post","link":"https:\/\/amagep.co.za\/fr\/deces-de-lancien-secretaire-general-de-lonu-kofi-annan-reactions-et-emotion\/","title":{"rendered":"D\u00e9c\u00e8s de l\u2019ancien secr\u00e9taire g\u00e9n\u00e9ral de l\u2019ONU, Kofi Annan: r\u00e9actions et \u00e9motion"},"content":{"rendered":"<h2><img loading=\"lazy\" class=\"image-transition image-loaded\" src=\"http:\/\/scd.rfi.fr\/sites\/filesrfi\/imagecache\/rfi_16x9_1024_578\/sites\/images.rfi.fr\/files\/aef_image\/2018-08-18t100537z_205362631_rc161663b9f0_rtrmadp_3_people-kofiannan.jpg\" border=\"0\" width=\"565\" height=\"578\" \/><\/h2>\n<h2>L\u2019ancien secr\u00e9taire g\u00e9n\u00e9ral de l\u2019ONU et prix Nobel de la paix, le  Ghan\u00e9en Kofi Annan, est d\u00e9c\u00e9d\u00e9, ce samedi 18 ao\u00fbt, \u00e0 l\u2019\u00e2ge de 80 ans,  apr\u00e8s \u00ab\u00a0une courte maladie\u00a0\u00bb, a annonc\u00e9 \u00e0 Gen\u00e8ve la Fondation Kofi Annan  dans un communiqu\u00e9. Les r\u00e9actions, en Afrique et dans le reste du  monde, lui rendant hommage, se multiplient. L&rsquo;actuel secr\u00e9taire g\u00e9n\u00e9ral  des Nations unies, Antonio Guterres, a salu\u00e9 \u00ab\u00a0une force qui guidait  vers le bien\u00a0\u00bb.<\/h2>\n<h2 \/>  <!--more-->  <\/h2>\n<p>\u00ab\u00a0<em>De bien des mani\u00e8res, Kofi Annan incarnait les Nations unies.  Il est sorti des rangs pour diriger l\u2019organisation vers le nouveau  mill\u00e9naire avec dignit\u00e9 et une d\u00e9termination sans \u00e9gales<\/em> \u00bb, a soulign\u00e9 le secr\u00e9taire g\u00e9n\u00e9ral de l\u2019ONU, Antonio Guterres.<\/p>\n<p>\u00ab\u00a0<em>Kofi Annan \u00e9tait un internationaliste qui ne voyait aucune  contradiction entre ses origines africaines et son personnage comme  citoyen du monde<\/em>, explique sur RFI Bijane Farnudi, porte-parole de Kofi Annan et de la fondation qui porte son nom<em>.  Il voyait le monde comme un endroit o\u00f9 la paix, le d\u00e9veloppement et les  droits humains \u00e9taient fondamentaux pour qu\u2019une soci\u00e9t\u00e9 puisse exister  de mani\u00e8re paisible et en harmonie. C\u2019est quelqu\u2019un qui a ouvert  l\u2019organisation aux citoyens. Il interpr\u00e9tait la charte des Nations unies  comme <\/em>\u00ab\u00a0Nous, le peuple\u00a0\u00bb<em> et pas comme <\/em>\u00ab\u00a0Nous, les Etats\u00a0\u00bb<em>,  et a donc engag\u00e9 la soci\u00e9t\u00e9 civile mais aussi le secteur priv\u00e9 en  discussion. Il les a int\u00e9gr\u00e9s au c\u0153ur de cette organisation et c\u2019est  d\u2019ailleurs, entre autres, pour cela qu\u2019<strong><a href=\"http:\/\/www1.rfi.fr\/actufr\/articles\/022\/article_10987.asp\" target=\"_blank\">il a re\u00e7u le prix Nobel de la paix en 2001<\/a><\/strong><\/em>.\u00a0\u00bb<\/p>\n<p><strong>\u00ab<\/strong> <em><strong>C\u2019\u00e9tait notre voix<\/strong><\/em> <strong>\u00bb<\/strong><\/p>\n<p>Joint par RFI, le Camerounais Sammy Kum Buo et ancien directeur  Afrique de l&rsquo;ONU, d\u00e9sormais retrait\u00e9, est tr\u00e8s \u00e9mu. Lui et Kofi Annan  ont fait carri\u00e8re, c\u00f4te \u00e0 c\u00f4te, durant pr\u00e8s de 40\u00a0ans.<\/p>\n<p>\u00ab\u00a0<em>C&rsquo;est quelqu&rsquo;un que je connaissais bien. Quand j&rsquo;ai rejoint  l&rsquo;ONU, j&rsquo;avais 22 ans, et mon premier contact au travail c&rsquo;\u00e9tait lui, <\/em>raconte-t-il sur RFI<em>. Je l&rsquo;ai connu tout au long des 38<\/em> <em>ann\u00e9es  de ma carri\u00e8re. C&rsquo;\u00e9tait plus que mon patron, c&rsquo;\u00e9tait mon grand fr\u00e8re,  nous \u00e9tions tous deux africains. C&rsquo;est une grande perte parce que m\u00eame  depuis sa retraite de l&rsquo;ONU, il \u00e9tait actif, il d\u00e9fendait les grandes  valeurs et, par-dessus tout, c&rsquo;\u00e9tait notre voix sur ce continent et  maintenant elle est r\u00e9duite au silence. Je ne sais pas qui a cette  influence\u2026 <strong><a href=\"http:\/\/webdoc.rfi.fr\/mort_nelson_mandela\/05-apartheid\/index.html\" target=\"_blank\">Mandela est parti<\/a><\/strong>,  il est parti, Boutros-Ghali aussi. C&rsquo;\u00e9taient les leaders qui nous ont  donn\u00e9 une place de haut niveau \u00e0 l&rsquo;\u00e9chelle internationale<\/em>.\u00a0\u00bb<\/p>\n<p>\u00a0<\/p>\n<p><strong>Emotion au sein de la SADC, r\u00e9unie en sommet \u00e0 Windhoek<\/strong><\/p>\n<p>L\u2019annonce de <strong><a href=\"http:\/\/www.rfi.fr\/afrique\/20180818-kofi-annan-est-mort\" target=\"_blank\">la mort de Kofi Annan<\/a><\/strong> a mis brutalement un terme \u00e0 la conf\u00e9rence de presse finale du<strong><a href=\"http:\/\/www.rfi.fr\/afrique\/20180817-sadc-afrique-australe-ouverture-sommet-kabila-namibie-windhoek-ramaphosa\" target=\"_blank\"> 38e sommet de la SADC<\/a><\/strong>,  le Communaut\u00e9 de d\u00e9veloppement de l&rsquo;Afrique australe. Le pr\u00e9sident  namibien, Hage Geingob, pr\u00e9sident en exercice de l\u2019organisation, a bien  connu Kofi Annan puisque lui aussi a fait une partie de sa carri\u00e8re aux  Nations unies. Il ne cache pas son \u00e9motion\u00a0:<\/p>\n<p>\u00ab\u00a0<em>Je suis vraiment choqu\u00e9, je suis terriblement choqu\u00e9. On devait  se voir \u00e0 Lagos et il n\u2019a pas pu venir. On \u00e9tait ensemble aux Nations  unies. C\u2019est une perte pour moi. Il a bien travaill\u00e9 pour l\u2019Afrique et  le monde. Pour moi, en tant qu\u2019Africain, en tant que secr\u00e9taire g\u00e9n\u00e9ral  de l\u2019ONU, il a r\u00e9ussi \u00e0 faire son travail et \u00e0 finir son mandat avec  beaucoup de dignit\u00e9. Alors, il a eu quelques petits probl\u00e8mes avec son  fils, mais il a bien servi l\u2019Afrique, il a bien servi le monde. Et puis,  vraiment, ses capacit\u00e9s intellectuelles aussi&#8230; tout ce qu\u2019il a fait  aux Nations unies<\/em> <em>! Je suis vraiment d\u00e9sol\u00e9. Il va me manquer<\/em> \u00bb, a r\u00e9agi le chef de l\u2019Etat namibien.<\/p>\n<p>\u00a0<\/p>\n<p><strong>\u00ab<\/strong> <strong>Ce que le Ghana avait de meilleur \u00e0 offrir<\/strong> <strong>\u00bb<\/strong><\/p>\n<p>Pour Fritz Baffour, journaliste, homme politique et ancien ministre  ghan\u00e9en de l\u2019Information, Kofi Annan \u00e9tait ce que le Ghana avait de  meilleur \u00e0 offrir. \u00ab\u00a0<em>Le Ghana a toujours \u00e9t\u00e9 surnomm\u00e9 l&rsquo;\u00e9toile noire  de l&rsquo;Afrique et \u00e9tait une des avant-gardes du continent. Et Kofi Annan a  repr\u00e9sent\u00e9 le Ghana \u00e0 un si haut niveau de responsabilit\u00e9\u00a0! Malgr\u00e9 sa  retraite, il restait tr\u00e8s actif dans des causes importantes pour le pays  et restait, dans tous les cas, un tr\u00e8s bon conseiller pour les forces  politiques du pays<\/em> \u00bb.<\/p>\n<p>L&rsquo;actuel ministre de l&rsquo;Information de son pays, Kojo Oppong Nkrumah, d\u00e9plore aussi une \u00ab\u00a0<em>\u00e9norme perte pour le Ghana et pour l&rsquo;Afrique<\/em> \u00bb. \u00ab\u00a0<em>M.  Kofi Annan, l&rsquo;homme d&rsquo;une immense exp\u00e9rience diplomatique, sur la  gouvernance \u00e0 l&rsquo;international. Et, de temps en temps, ici au Ghana il  nous a apport\u00e9 son expertise sur de multiples questions d&rsquo;importance \u00e0  commencer par l&rsquo;un de ses domaines de pr\u00e9dilection<\/em> <em>: la  s\u00e9curit\u00e9 alimentaire. Nous allons perdre cela et \u00e7a va nous manquer. En  Afrique, vous savez que nous avons souvent des soucis de gouvernance ou  d&rsquo;\u00e9lections. Il est parmi ceux \u00e0 qui on pouvait faire appel pour g\u00e9rer  la situation. On va aussi perdre \u00e7a. Enfin, il fait aussi partie des  a\u00een\u00e9s, une plateforme d&rsquo;hommes d&rsquo;Etat exp\u00e9riment\u00e9 qui conseillent les  gouvernements africains et les aident \u00e0 se concentrer sur les questions  de parit\u00e9. Encore une fois, il va nous manquer dans ce domaine<\/em>.\u00a0\u00bb<\/p>\n<p><strong>La gratitude de la France<\/strong><\/p>\n<p>Dans un communiqu\u00e9, le ministre fran\u00e7ais des Affaires \u00e9trang\u00e8res,  Jean-Yves Le Drian, a salu\u00e9 l\u2019engagement constant de l\u2019ancien secr\u00e9taire  g\u00e9n\u00e9ral des Nations unies, sur tous les continents.<\/p>\n<p>\u00ab\u00a0<em>De Gen\u00e8ve \u00e0 New York, en passant par Addis-Abeba, Kofi Annan a  \u00e9t\u00e9 un acteur engag\u00e9 sur tous les continents et pendant plus d\u2019un  demi-si\u00e8cle, au service des plus grandes causes et \u00e0 l\u2019assaut des grands  d\u00e9fis de l\u2019\u00e8re contemporaine<\/em> <em>: la paix, le d\u00e9veloppement, la promotion des droits de l\u2019homme, la lutte contre la pauvret\u00e9 et les discriminations<\/em><em>.  Au tournant de ce si\u00e8cle, Kofi Annan a permis \u00e0 l\u2019ONU de se moderniser  pour mieux faire face aux bouleversements d\u2019un monde divis\u00e9 qu\u2019il a  toujours essay\u00e9 de rassembler<\/em>. <em>Je rends hommage \u00e0 sa m\u00e9moire et souhaite exprimer la gratitude de la France pour son action inlassable au service de la paix<\/em> \u00bb, a d\u00e9clar\u00e9 le chef de la diplomatie fran\u00e7aise, suivi par le pr\u00e9sident Emmanuel Macron sur Twitter.<\/p>\n<p>\u00a0<\/p>\n<p>SOURCE<\/p>\n<p>\u00a0<\/p>\n<p><a href=\"http:\/\/www.rfi.fr\/afrique\/20180818-ghana-onu-deces-kofi-annan-secretaire-general-reactions-emotion\" title=\"www.rfi.fr\">RFI.FR<\/a><\/p>\n<!-- AddThis Advanced Settings generic via filter on the_content --><!-- AddThis Share Buttons generic via filter on the_content -->","protected":false},"excerpt":{"rendered":"<p>L\u2019ancien secr\u00e9taire g\u00e9n\u00e9ral de l\u2019ONU et prix Nobel de la paix, le Ghan\u00e9en Kofi Annan,&#8230;<!-- AddThis Advanced Settings generic via filter on get_the_excerpt --><!-- AddThis Share Buttons generic via filter on get_the_excerpt --><\/p>\n","protected":false},"author":1,"featured_media":0,"comment_status":"open","ping_status":"open","sticky":false,"template":"","format":"standard","meta":[],"categories":[5],"tags":[],"_links":{"self":[{"href":"https:\/\/amagep.co.za\/fr\/wp-json\/wp\/v2\/posts\/750"}],"collection":[{"href":"https:\/\/amagep.co.za\/fr\/wp-json\/wp\/v2\/posts"}],"about":[{"href":"https:\/\/amagep.co.za\/fr\/wp-json\/wp\/v2\/types\/post"}],"author":[{"embeddable":true,"href":"https:\/\/amagep.co.za\/fr\/wp-json\/wp\/v2\/users\/1"}],"replies":[{"embeddable":true,"href":"https:\/\/amagep.co.za\/fr\/wp-json\/wp\/v2\/comments?post=750"}],"version-history":[{"count":0,"href":"https:\/\/amagep.co.za\/fr\/wp-json\/wp\/v2\/posts\/750\/revisions"}],"wp:attachment":[{"href":"https:\/\/amagep.co.za\/fr\/wp-json\/wp\/v2\/media?parent=750"}],"wp:term":[{"taxonomy":"category","embeddable":true,"href":"https:\/\/amagep.co.za\/fr\/wp-json\/wp\/v2\/categories?post=750"},{"taxonomy":"post_tag","embeddable":true,"href":"https:\/\/amagep.co.za\/fr\/wp-json\/wp\/v2\/tags?post=750"}],"curies":[{"name":"wp","href":"https:\/\/api.w.org\/{rel}","templated":true}]}}