{"id":744,"date":"2018-06-01T14:45:55","date_gmt":"2018-06-01T14:45:55","guid":{"rendered":"https:\/\/amagep.co.za\/fr\/2018\/06\/01\/triple-champion-deurope-en-titre-zinedine-zidane-quitte-le-real-madrid\/"},"modified":"2018-06-01T14:45:55","modified_gmt":"2018-06-01T14:45:55","slug":"triple-champion-deurope-en-titre-zinedine-zidane-quitte-le-real-madrid","status":"publish","type":"post","link":"https:\/\/amagep.co.za\/fr\/triple-champion-deurope-en-titre-zinedine-zidane-quitte-le-real-madrid\/","title":{"rendered":"Triple-champion d&rsquo;Europe en titre, Zin\u00e9dine Zidane quitte le Real Madrid"},"content":{"rendered":"<h2><img loading=\"lazy\" class=\"main\" src=\"https:\/\/dj0j0ofql4htg.cloudfront.net\/cms2\/image_manager\/uploads\/News\/295916\/7\/default.jpg\" border=\"0\" alt=\"Default\" title=\"Reports: Real's Top Candidate To Replace Zidane Emerges\" width=\"543\" height=\"372\" \/><\/h2>\n<h2>Coup de tonnerre au Real Madrid, o\u00f9 l&rsquo;entra\u00eeneur triple-vainqueur de  la Ligue des champions Zin\u00e9dine Zidane a d\u00e9cid\u00e9 de quitter le club  merengue. Une d\u00e9cision qui a pris par surprise l&rsquo;encadrement mais aussi  les supporters du club madril\u00e8ne.<\/h2>\n<p>\u00a0<\/p>\n<p>  <!--more-->  <\/p>\n<p>\u00a0<\/p>\n<p>\u00a0<\/p>\n<p>C&rsquo;est  une d\u00e9cision pour le moins inattendue. Alors que la star portugaise du  Real Madrid Cristiano Ronaldo avait laiss\u00e9 entendre, ces derniers jours,  <a href=\"http:\/\/sport24.lefigaro.fr\/football\/ligue-des-champions\/actualites\/en-pleine-liesse-cristiano-ronaldo-evoque-son-depart-du-real-910777\" target=\"_blank\">qu&rsquo;il pourrait quitter le club<\/a>, c&rsquo;est finalement l&rsquo;entra\u00eeneur du <a href=\"http:\/\/www.france24.com\/fr\/20180526-football-direct-real-madrid-liverpool-live-finale-ligue-champions-score-resultat\" target=\"_blank\">triple-champion d&rsquo;Europe<\/a> Zin\u00e9dine Zidane qui a d\u00e9cid\u00e9 de rendre son tablier.<\/p>\n<p>\u00a0<\/p>\n<p>Un d\u00e9part qui, de l&rsquo;aveu m\u00eame du pr\u00e9sident du Real Madrid Florentino  Perez, est aussi \u00ab\u00a0inattendu que regrettable\u00a0\u00bb, m\u00eame s&rsquo;il a assur\u00e9 en  conf\u00e9rence de presse qu&rsquo;il \u00e9tait persuad\u00e9 que Zidane \u00ab\u00a0ferait son retour  un jour\u00a0\u00bb.<\/p>\n<p>\u00a0<\/p>\n<p>L&rsquo;ancien num\u00e9ro 10 des Bleus, qui a connu une s\u00e9rie de  succ\u00e8s in\u00e9dite au cours de sa toute jeune carri\u00e8re d&rsquo;entra\u00eeneur, a  notamment expliqu\u00e9 son choix par le fait \u00ab\u00a0qu&rsquo;il \u00e9tait n\u00e9cessaire que le  Real connaisse quelques changements pour continuer \u00e0 gagner\u00a0\u00bb.<\/p>\n<p>\u00a0<\/p>\n<p><strong>Zidane ne cherche pas d&rsquo;autre club<\/strong><\/p>\n<p>\u00ab\u00a0Un moment donn\u00e9, il faut savoir aussi s&rsquo;arr\u00eater. ce que je veux pour  le bien de ce club, c&rsquo;est qu&rsquo;il continue \u00e0 gagner. Je pense qu&rsquo;avec  moi, ce serait peut-\u00eatre compliqu\u00e9. [&#8230;]. Il y a eu des bons moments  mais aussi des moments difficiles&#8230; Moi, je ne les oublie pas ces  moments difficiles. Moi, ce club, je l&rsquo;ai dans mon coeur. \u00c7a s&rsquo;est  termin\u00e9 tr\u00e8s bien en tant que joueur, et je veux que \u00e7a se termine bien  aussi en tant qu&rsquo;entra\u00eeneur\u00a0\u00bb, a expliqu\u00e9 Zidane en conf\u00e9rence de presse.<\/p>\n<p>\u00a0<\/p>\n<p>Il a par ailleurs confirm\u00e9 qu&rsquo;il n&rsquo;\u00e9tait pas \u00e0 la recherche d&rsquo;un  nouveau club, mais qu&rsquo;il comptait bel et bien prendre un \u00ab\u00a0break\u00a0\u00bb apr\u00e8s  cette exp\u00e9rience de deux saisons et demie \u00e0 la t\u00eate de la \u00ab\u00a0maison  blanche\u00a0\u00bb.<\/p>\n<p>\u00a0<\/p>\n<p>\u00ab\u00a0Zizou\u00a0\u00bb quitte donc son club de coeur avec un palmar\u00e8s d\u00e9j\u00e0 riche,  puisqu&rsquo;outre ses trois succ\u00e8s historiques en Ligue des champions (2016,  2017, 2018), il a \u00e9galement gagn\u00e9 la Liga en 2017, deux Coupes du monde  des clubs de la Fifa (2016, 2017), deux Supercoupes de l&rsquo;UEFA (2016 et  2017) ainsi qu&rsquo;une Supercoupe d&rsquo;Espagne (2017)<\/p>\n<p>\u00a0<\/p>\n<p>\u00a0<\/p>\n<p>SOURCE<\/p>\n<p>\u00a0<\/p>\n<p><a href=\"http:\/\/www.france24.com\/fr\/20180531-football-liga-real-madrid-depart-zinedine-zidane-cristiano-ronaldo\" title=\"www.frace24.com\">FRANCE24.COM<\/a><\/p>\n<!-- AddThis Advanced Settings generic via filter on the_content --><!-- AddThis Share Buttons generic via filter on the_content -->","protected":false},"excerpt":{"rendered":"<p>Coup de tonnerre au Real Madrid, o\u00f9 l&rsquo;entra\u00eeneur triple-vainqueur de la Ligue des champions Zin\u00e9dine&#8230;<!-- AddThis Advanced Settings generic via filter on get_the_excerpt --><!-- AddThis Share Buttons generic via filter on get_the_excerpt --><\/p>\n","protected":false},"author":1,"featured_media":0,"comment_status":"open","ping_status":"open","sticky":false,"template":"","format":"standard","meta":[],"categories":[7],"tags":[],"_links":{"self":[{"href":"https:\/\/amagep.co.za\/fr\/wp-json\/wp\/v2\/posts\/744"}],"collection":[{"href":"https:\/\/amagep.co.za\/fr\/wp-json\/wp\/v2\/posts"}],"about":[{"href":"https:\/\/amagep.co.za\/fr\/wp-json\/wp\/v2\/types\/post"}],"author":[{"embeddable":true,"href":"https:\/\/amagep.co.za\/fr\/wp-json\/wp\/v2\/users\/1"}],"replies":[{"embeddable":true,"href":"https:\/\/amagep.co.za\/fr\/wp-json\/wp\/v2\/comments?post=744"}],"version-history":[{"count":0,"href":"https:\/\/amagep.co.za\/fr\/wp-json\/wp\/v2\/posts\/744\/revisions"}],"wp:attachment":[{"href":"https:\/\/amagep.co.za\/fr\/wp-json\/wp\/v2\/media?parent=744"}],"wp:term":[{"taxonomy":"category","embeddable":true,"href":"https:\/\/amagep.co.za\/fr\/wp-json\/wp\/v2\/categories?post=744"},{"taxonomy":"post_tag","embeddable":true,"href":"https:\/\/amagep.co.za\/fr\/wp-json\/wp\/v2\/tags?post=744"}],"curies":[{"name":"wp","href":"https:\/\/api.w.org\/{rel}","templated":true}]}}