{"id":739,"date":"2018-04-02T17:46:06","date_gmt":"2018-04-02T17:46:06","guid":{"rendered":"https:\/\/amagep.co.za\/fr\/2018\/04\/02\/mort-de-winnie-mandela\/"},"modified":"2018-04-02T17:46:06","modified_gmt":"2018-04-02T17:46:06","slug":"mort-de-winnie-mandela","status":"publish","type":"post","link":"https:\/\/amagep.co.za\/fr\/mort-de-winnie-mandela\/","title":{"rendered":"Mort de Winnie Mandela"},"content":{"rendered":"<p>\u00a0<\/p>\n<p class=\"MsoNormal\" style=\"mso-margin-top-alt: auto; mso-margin-bottom-alt: auto; line-height: normal;\"><img loading=\"lazy\" class=\"img-responsive \" src=\"http:\/\/cdn1-europe1.new2.ladmedia.fr\/var\/europe1\/storage\/images\/europe1\/international\/afrique-du-sud-deces-de-winnie-mandela-lex-epouse-de-nelson-mandela-3615791\/47490449-1-fre-FR\/Afrique-du-Sud-deces-de-Winnie-Mandela-l-ex-epouse-de-Nelson-Mandela.jpg\" border=\"0\" alt=\"Afrique du Sud : mort de Winnie Mandela, l'ex-\u00e9pouse de Nelson Mandela\" width=\"577\" height=\"275\" \/><\/p>\n<p class=\"MsoNormal\" style=\"mso-margin-top-alt: auto; mso-margin-bottom-alt: auto; line-height: normal;\">Winnie Mandela, l\u2019ex-\u00e9pouse du premier pr\u00e9sident sud-africain noir Nelson Mandela, est d\u00e9c\u00e9d\u00e9e lundi \u00e0 l\u2018\u00e2ge de 81 ans des suites \u201cd\u2019une longue maladie\u201d, suscitant une pluie d\u2019hommages pour la \u201cm\u00e8re de la nation\u201d au parcours toutefois controvers\u00e9.<\/p>\n<p class=\"MsoNormal\" style=\"mso-margin-top-alt: auto; mso-margin-bottom-alt: auto; line-height: normal;\">\u00a0<\/p>\n<p \/><span style=\"font-size: 12.0pt; font-family: \" \/>   <!--more-->  <\/span><\/p>\n<p>\u00a0<\/p>\n<p class=\"MsoNormal\" style=\"mso-margin-top-alt: auto; mso-margin-bottom-alt: auto; line-height: normal;\">\u00a0<\/p>\n<p class=\"MsoNormal\" style=\"mso-margin-top-alt: auto; mso-margin-bottom-alt: auto; line-height: normal;\"><span style=\"font-size: 12.0pt; font-family: \">\u201cC\u2019est avec une grande tristesse que nous informons le public que Mme Winnie Madikizela Mandela est d\u00e9c\u00e9d\u00e9e \u00e0 l\u2019h\u00f4pital Milpark de Johannesburg lundi 2 avril\u201d, a d\u00e9clar\u00e9 Victor Dlamini dans un communiqu\u00e9.<\/span><\/p>\n<p class=\"MsoNormal\" style=\"mso-margin-top-alt: auto; mso-margin-bottom-alt: auto; line-height: normal;\">\u00a0<\/p>\n<p class=\"MsoNormal\" style=\"mso-margin-top-alt: auto; mso-margin-bottom-alt: auto; line-height: normal;\"><span style=\"font-size: 12.0pt; font-family: \">\u201cElle est d\u00e9c\u00e9d\u00e9e des suites d\u2019une longue maladie, pour laquelle elle a \u00e9t\u00e9 hospitalis\u00e9e \u00e0 plusieurs reprises depuis le d\u00e9but de l\u2019ann\u00e9e. Elle est partie en paix en tout d\u00e9but d\u2019apr\u00e8s-midi lundi, entour\u00e9e de sa famille\u201d, a-t-il ajout\u00e9.<\/span><\/p>\n<p class=\"MsoNormal\" style=\"mso-margin-top-alt: auto; mso-margin-bottom-alt: auto; line-height: normal;\">\u00a0<\/p>\n<p class=\"MsoNormal\" style=\"mso-margin-top-alt: auto; mso-margin-bottom-alt: auto; line-height: normal;\"><span style=\"font-size: 12.0pt; font-family: \">Winnie Madikizela Mandela, qui \u201c\u00e9tait l\u2019une des plus grandes ic\u00f4nes de la lutte contre l\u2019apartheid, s\u2019est battue vaillamment contre le r\u00e9gime de l\u2019apartheid et a sacrifi\u00e9 sa vie pour la libert\u00e9 de l\u2019Afrique du Sud\u201d, a-t-il soulign\u00e9. <\/span><\/p>\n<p class=\"MsoNormal\" style=\"mso-margin-top-alt: auto; mso-margin-bottom-alt: auto; line-height: normal;\">\u00a0<\/p>\n<p class=\"MsoNormal\" style=\"mso-margin-top-alt: auto; mso-margin-bottom-alt: auto; line-height: normal;\"><span style=\"font-size: 12.0pt; font-family: \">Le Congr\u00e8s national africain (ANC, au pouvoir), fer de lance de la lutte contre le r\u00e9gime s\u00e9gr\u00e9gationniste, a salu\u00e9, par la voix de l\u2019un de ses responsables Mbalula Fikile, une femme qui \u201csymbolisait la force, la r\u00e9sistance et une \u00e2me \u00e9ternelle de la libert\u00e9\u201d. <\/span><\/p>\n<p class=\"MsoNormal\" style=\"mso-margin-top-alt: auto; mso-margin-bottom-alt: auto; line-height: normal;\">\u00a0<\/p>\n<p class=\"MsoNormal\" style=\"mso-margin-top-alt: auto; mso-margin-bottom-alt: auto; line-height: normal;\"><span style=\"font-size: 12.0pt; font-family: \">\u201cElle s\u2019est battue sans rel\u00e2che pour que nous ayons une soci\u00e9t\u00e9 juste et \u00e9galitaire. Elle a consacr\u00e9 sa vie au service du peuple africain\u201d, a-t-il insist\u00e9.<\/span><\/p>\n<p class=\"MsoNormal\" style=\"mso-margin-top-alt: auto; mso-margin-bottom-alt: auto; line-height: normal;\"><span style=\"font-size: 12.0pt; font-family: \">Le prix Nobel de la paix Desmond Tutu a salu\u00e9 un \u201csymbole majeur\u201d de la lutte anti-apartheid.<\/span><\/p>\n<p class=\"MsoNormal\" style=\"mso-margin-top-alt: auto; mso-margin-bottom-alt: auto; line-height: normal;\"><span style=\"font-size: 12.0pt; font-family: \">\u201cElle a refus\u00e9 de c\u00e9der face \u00e0 l\u2019incarc\u00e9ration de son mari, le harc\u00e8lement perp\u00e9tuel de sa famille par les forces de s\u00e9curit\u00e9, les d\u00e9tentions, les interdictions et son bannissement. Son attitude de d\u00e9fi m\u2019a profond\u00e9ment inspir\u00e9, ainsi que des g\u00e9n\u00e9rations de militants\u201d, a d\u00e9clar\u00e9 l\u2019ancien archev\u00eaque anglican sud-africain, ami proche de feu Nelson Mandela.<\/span><\/p>\n<p class=\"MsoNormal\" style=\"mso-margin-top-alt: auto; mso-margin-bottom-alt: auto; line-height: normal;\">\u00a0<\/p>\n<p class=\"MsoNormal\" style=\"mso-margin-top-alt: auto; mso-margin-bottom-alt: auto; line-height: normal;\"><span style=\"font-size: 12.0pt; font-family: \">C\u2019est en 1958 que celle que l\u2019on surnomme affectueusement \u201cWinnie\u201d, une flamboyante jeune femme au caract\u00e8re tremp\u00e9, \u00e9pouse Nelson Mandela. <\/span><\/p>\n<p class=\"MsoNormal\" style=\"mso-margin-top-alt: auto; mso-margin-bottom-alt: auto; line-height: normal;\"><span style=\"font-size: 12.0pt; font-family: \">Mais tr\u00e8s vite le couple est s\u00e9par\u00e9 par les activit\u00e9s politiques croissantes de Nelson Mandela, qui est condamn\u00e9 en 1964 \u00e0 la prison \u00e0 perp\u00e9tuit\u00e9.<\/span><\/p>\n<p class=\"MsoNormal\" style=\"mso-margin-top-alt: auto; mso-margin-bottom-alt: auto; line-height: normal;\"><span style=\"font-size: 12.0pt; font-family: \">&#8211; \u2018Pasionaria des townships\u2019 \u2013 <\/span><\/p>\n<p class=\"MsoNormal\" style=\"margin-bottom: .0001pt; line-height: normal;\"><span style=\"font-size: 12.0pt; font-family: \">Pendant les 27 ann\u00e9es d\u2019emprisonnement de Nelson Mandela, lib\u00e9r\u00e9 en 1990, \u201cWinnie\u201d r\u00e9siste aux pers\u00e9cutions du r\u00e9gime raciste et devient l\u2018\u00e9g\u00e9rie de la lutte anti-apartheid. Elle ne plie pas devant les astreintes \u00e0 domicile, les attaques \u00e0 la bombe, les pressions incessantes. <\/span><\/p>\n<p class=\"MsoNormal\" style=\"mso-margin-top-alt: auto; mso-margin-bottom-alt: auto; line-height: normal;\">\u00a0<\/p>\n<p class=\"MsoNormal\" style=\"mso-margin-top-alt: auto; mso-margin-bottom-alt: auto; line-height: normal;\"><span style=\"font-size: 12.0pt; font-family: \">A la sortie de prison de Nelson Mandela en 1990, la \u201cm\u00e8re de la nation\u201d marche main dans la main aux c\u00f4t\u00e9s de son \u00e9poux. Le couple est accueilli en h\u00e9ros par des dizaines de milliers de ses partisans, l\u2019image fait le tour du monde.<\/span><\/p>\n<p class=\"MsoNormal\" style=\"mso-margin-top-alt: auto; mso-margin-bottom-alt: auto; line-height: normal;\"><span style=\"font-size: 12.0pt; font-family: \">Les lois d\u2019apartheid sont ensuite abolies et, en 1994, Nelson Mandela devient le premier pr\u00e9sident noir d\u2019Afrique du Sud, au cours des premi\u00e8res \u00e9lections d\u00e9mocratiques dans ce pays, son \u00e9pouse entre dans le gouvernement.<\/span><\/p>\n<p class=\"MsoNormal\" style=\"mso-margin-top-alt: auto; mso-margin-bottom-alt: auto; line-height: normal;\">\u00a0<\/p>\n<p class=\"MsoNormal\" style=\"mso-margin-top-alt: auto; mso-margin-bottom-alt: auto; line-height: normal;\"><span style=\"font-size: 12.0pt; font-family: \">Mais les ann\u00e9es de d\u00e9tention ont port\u00e9 un coup fatal \u00e0 leur relation. Pendant les ann\u00e9es de d\u00e9tention de son mari, Winnie est devenue la pasionaria des townships. Elle encourage la violence pour lutter contre le r\u00e9gime s\u00e9gr\u00e9gationniste.<\/span><\/p>\n<p class=\"MsoNormal\" style=\"mso-margin-top-alt: auto; mso-margin-bottom-alt: auto; line-height: normal;\"><span style=\"font-size: 12.0pt; font-family: \">Winnie Mandela est reconnue coupable de complicit\u00e9 dans l\u2019enl\u00e8vement d\u2019un adolescent, soup\u00e7onn\u00e9 d\u2018\u00eatre un agent du r\u00e9gime blanc et tu\u00e9 par ses gardes du corps.<\/span><\/p>\n<p class=\"MsoNormal\" style=\"mso-margin-top-alt: auto; mso-margin-bottom-alt: auto; line-height: normal;\">\u00a0<\/p>\n<p class=\"MsoNormal\" style=\"mso-margin-top-alt: auto; mso-margin-bottom-alt: auto; line-height: normal;\"><span style=\"font-size: 12.0pt; font-family: \">Les frasques de cette femme de caract\u00e8re, son discours violent et des accusations de meurtre port\u00e9es contre ses gardes du corps l\u2018\u00e9loignent de son \u00e9poux. Le couple se d\u00e9chire et le divorce est prononc\u00e9 en 1996.<\/span><\/p>\n<p class=\"MsoNormal\" style=\"mso-margin-top-alt: auto; mso-margin-bottom-alt: auto; line-height: normal;\"><span style=\"font-size: 12.0pt; font-family: \">A sa mort en 2013, Nelson Mandela qui s\u2018\u00e9tait entre temps remari\u00e9 avec Gra\u00e7a Machel ne lui a rien l\u00e9gu\u00e9. Winnie est am\u00e8re. Elle saisit la justice, en vain.<\/span><\/p>\n<p class=\"MsoNormal\" style=\"mso-margin-top-alt: auto; mso-margin-bottom-alt: auto; line-height: normal;\">\u00a0<\/p>\n<p class=\"MsoNormal\" style=\"mso-margin-top-alt: auto; mso-margin-bottom-alt: auto; line-height: normal;\"><span style=\"font-size: 12.0pt; font-family: \">L\u2019une de ses derni\u00e8res apparitions publiques remonte \u00e0 la derni\u00e8re conf\u00e9rence de l\u2019ANC en d\u00e9cembre \u00e0 Johannesburg, o\u00f9 elle avait \u00e9t\u00e9 salu\u00e9e par des applaudissements nourris. <\/span><\/p>\n<p class=\"MsoNormal\" style=\"mso-margin-top-alt: auto; mso-margin-bottom-alt: auto; line-height: normal;\"><span style=\"font-size: 12.0pt; font-family: \">Quelques semaines plus tard, elle \u00e9tait hospitalis\u00e9e pour une infection r\u00e9nale et \u00e9puisement. Elle en \u00e9tait sortie une dizaine de jours plus tard, avant d\u2019y \u00eatre de nouveau admise ce week-end.<\/span><\/p>\n<p>\u00a0<\/p>\n<!-- AddThis Advanced Settings generic via filter on the_content --><!-- AddThis Share Buttons generic via filter on the_content -->","protected":false},"excerpt":{"rendered":"<p>\u00a0 Winnie Mandela, l\u2019ex-\u00e9pouse du premier pr\u00e9sident sud-africain noir Nelson Mandela, est d\u00e9c\u00e9d\u00e9e lundi \u00e0&#8230;<!-- AddThis Advanced Settings generic via filter on get_the_excerpt --><!-- AddThis Share Buttons generic via filter on get_the_excerpt --><\/p>\n","protected":false},"author":1,"featured_media":0,"comment_status":"open","ping_status":"open","sticky":false,"template":"","format":"standard","meta":[],"categories":[6],"tags":[],"_links":{"self":[{"href":"https:\/\/amagep.co.za\/fr\/wp-json\/wp\/v2\/posts\/739"}],"collection":[{"href":"https:\/\/amagep.co.za\/fr\/wp-json\/wp\/v2\/posts"}],"about":[{"href":"https:\/\/amagep.co.za\/fr\/wp-json\/wp\/v2\/types\/post"}],"author":[{"embeddable":true,"href":"https:\/\/amagep.co.za\/fr\/wp-json\/wp\/v2\/users\/1"}],"replies":[{"embeddable":true,"href":"https:\/\/amagep.co.za\/fr\/wp-json\/wp\/v2\/comments?post=739"}],"version-history":[{"count":0,"href":"https:\/\/amagep.co.za\/fr\/wp-json\/wp\/v2\/posts\/739\/revisions"}],"wp:attachment":[{"href":"https:\/\/amagep.co.za\/fr\/wp-json\/wp\/v2\/media?parent=739"}],"wp:term":[{"taxonomy":"category","embeddable":true,"href":"https:\/\/amagep.co.za\/fr\/wp-json\/wp\/v2\/categories?post=739"},{"taxonomy":"post_tag","embeddable":true,"href":"https:\/\/amagep.co.za\/fr\/wp-json\/wp\/v2\/tags?post=739"}],"curies":[{"name":"wp","href":"https:\/\/api.w.org\/{rel}","templated":true}]}}