{"id":737,"date":"2018-02-18T15:26:40","date_gmt":"2018-02-18T15:26:40","guid":{"rendered":"https:\/\/amagep.co.za\/fr\/2018\/02\/18\/pour-bien-feter-ses-20-ans-dans-la-chorale-notre-soeur-feza-lingosa-ekese-rend-gloire-a-jesus-christ\/"},"modified":"2018-02-18T15:26:40","modified_gmt":"2018-02-18T15:26:40","slug":"pour-bien-feter-ses-20-ans-dans-la-chorale-notre-soeur-feza-lingosa-ekese-rend-gloire-a-jesus-christ","status":"publish","type":"post","link":"https:\/\/amagep.co.za\/fr\/pour-bien-feter-ses-20-ans-dans-la-chorale-notre-soeur-feza-lingosa-ekese-rend-gloire-a-jesus-christ\/","title":{"rendered":"Pour bien f\u00eater ses 20 ans dans la Chorale, Notre S\u0153ur Feza Lingosa Ekese rend gloire \u00e0 J\u00e9sus Christ"},"content":{"rendered":"<div class=\"_3x-2\">\n<div>\n<div class=\"mtm\">\n<div>\n<div style=\"position: relative;\"><\/div>\n<div><a class=\"_4-eo _2t9n _50z9\" href=\"https:\/\/web.facebook.com\/photo.php?fbid=405889826499925&#038;set=a.140257606396483.1073741829.100012367325187&#038;type=3\" rel=\"theater\" style=\"width: 476px;\"> <\/a><img loading=\"lazy\" class=\"spotlight\" src=\"https:\/\/scontent.fpry1-1.fna.fbcdn.net\/v\/t1.0-9\/27541134_417918401979129_8637288479929891156_n.jpg?_nc_eui2=v1%3AAeE4cSsjT6AQ1XBh5udbi_c7FHbft_WAUkaPCmlTJcjQtCJD78p0UGg2i61E_mvXNawXKoroBl1s7jU1MqqOKJeO5HaVaReufcVLhyTaLDBaqA&#038;oh=d9cba2b25f2986f4077d3c416b2b4f20&#038;oe=5B4E4BD1\" border=\"0\" width=\"366\" height=\"284\" \/><\/div>\n<\/p><\/div>\n<div><\/div>\n<div>\n<div>Pour bien f\u00eater ses 20 ans dans la Chorale, Notre S\u0153ur Feza Lingosa Ekese rend gloire \u00e0 J\u00e9sus Christ par Un Album de Musique Gospel, voici son T\u00e9moigne:<\/div>\n<div><\/div>\n<div>\u00ab\u00a0Dans mon Cantique\u00a0\u00bbAbosana Kala\u00a0\u00bb, Je parle de la Mis\u00e9ricorde de Notre Dieu qui pardonne et oublie nos p\u00e9ch\u00e9s apr\u00e8s les avoir confess\u00e9.<\/div>\n<\/p><\/div>\n<div \/>  <!--more-->  <\/p>\n<div>Je suis chr\u00e9tienne, \u00e9pouse et m\u00e8re, en signe d&rsquo;Actions des gr\u00e2ces envers mon Dieu, j&rsquo;offre au Peuple de Dieu et \u00e0 ceux qui aiment la Musique Gospel, un Merveilleux Cantique intitul\u00e9 \u00ab\u00a0Abosana Kala\u00a0\u00bb, tir\u00e9 de mon tout premier Album \u00ab\u00a0Cet Homme\u00a0\u00bb, par la gr\u00e2ce de Dieu, ce Cantique va sortir officiellement, sur les plates-formes digitales le 28 F\u00e9vrier 2018, mais l&rsquo;Album \u00ab\u00a0Cet Homme\u00a0\u00bb dans son int\u00e9gralit\u00e9 arrive entre Avril\/Mai 2018..<\/div>\n<div><\/div>\n<div>En ce qui concerne mon t\u00e9moignage je ne suis pas n\u00e9e Chr\u00e9tienne, mais je suis pass\u00e9e par la Conversion ou la Repentance comme tout Chr\u00e9tien, c&rsquo;est ici en RD Congo mon Pays que j&rsquo;ai donn\u00e9 ma Vie \u00e0 J\u00e9sus Christ en me faisant Baptiser comme signe de t\u00e9moignage. Je suis membre au Centre \u00c9vang\u00e9lique Silo, une Assembl\u00e9e conduite par l\u2019Ap\u00f4tre Jean Baptiste Sumbela, je partage ma Foi , et vit dans la Communion Fraternelle et Pri\u00e8res avec des S\u0153urs et Fr\u00e8res, entre autres le Fr\u00e8re Artiste Musicien Chr\u00e9tien Michel Bakenda que vous connaissez certainement.<\/div>\n<div>J&rsquo;avais la conviction de faire la Musique, et la chose \u00e9tait en moi depuis mon jeune age, et j&rsquo;en profite quand les occasions se sont pr\u00e9sent\u00e9es(Rires!!!)<\/div>\n<div><\/div>\n<div>Retenez que j&rsquo;ai chant\u00e9e pour la premi\u00e8re fois, \u00e2g\u00e9e de 11 ans et j\u2019\u00e9tais en 5eme ann\u00e9e de l&rsquo;Ecole Primaire, au cours d&rsquo;une Messe de l&rsquo;Ecole on formait une Chorale, et j&rsquo;en faisait partie&#8230;<\/div>\n<div>Touch\u00e9e par le Cantique \u00ab\u00a0Nga moko nakoki te\u00a0\u00bb de notre S\u0153ur Lily Sumbela actuellement \u00e9pouse de mon Pasteur, je me suis convertie, j&rsquo;avais 16 ans, et ce Cantique me faisait toujours pleurer, car la S\u0153ur Lily Sumbela t\u00e9moigne dedans comment J\u00e9sus Christ nous rend Victorieux face au P\u00e9ch\u00e9 , Satan, le Monde et ses Plaisirs ou D\u00e9sirs&#8230;Et apr\u00e8s je commence \u00e0 m\u2019int\u00e9resser \u00e0 la Musique Chr\u00e9tienne, soutenue par mon Coach Camille Ntoto qui m&rsquo;a encadr\u00e9 et donner le gout de la Musique.<\/div>\n<div><\/div>\n<div>Je suis donc arriv\u00e9e dans mon Eglise Silo en 1997, une ann\u00e9e apr\u00e8s(1998) j\u2019int\u00e8gre la Chorale que je n&rsquo;ai quitte pas jusqu&rsquo;aujourd&rsquo;hui, vous pouvez comprendre que je viens de totaliser 20 ans dans la Chorale.<\/div>\n<div>Concernant mon Album, je n&rsquo;aime pas \u00eatre prisonni\u00e8re d&rsquo;un rythme, d&rsquo;abord le Th\u00e8me centr\u00e9 sur la Louange, l&rsquo;Adoration&#8230;pour le rythme musical tout y est(Rires!!!)<\/div>\n<div>Les Fr\u00e8res et S\u0153urs que vous connaissez bien ont chant\u00e9 avec moi, entre autres les Bien Aim\u00e9s Henry Papa Mulaja et Michel Bakenda, ainsi que la S\u0153ur Rachel Anyeme.<\/div>\n<div><\/div>\n<div>Certainement un Ev\u00e9nement sera marqu\u00e9 lors de la sortie officielle de l&rsquo;Album en Avril\/Mai, mais tout de suite il est question du Single\u00a0\u00bbAbosana Kala\u00a0\u00bb, et qui sort digitalement ce 28 F\u00e9vrier, il n&rsquo; y aura rien visiblement, seulement le Clip sera disponible sur Internet, Youtube, et sur nos Chaines de T\u00e9l\u00e9visions RD Congolaises&#8230;<\/div>\n<div>Que Le Seigneur J\u00e9sus Christ b\u00e9nisse son Peuple qui me lit en ce moment et vous particuli\u00e8rement Papa Serge Tungila, je suis dispos\u00e9e pour r\u00e9pondre aux multiples questions de tous ce qui en ont, Soyez tous richement b\u00e9nis<\/div>\n<\/p><\/div>\n<div><\/div>\n<\/p><\/div>\n<\/p><\/div>\n<\/p><\/div>\n<!-- AddThis Advanced Settings generic via filter on the_content --><!-- AddThis Share Buttons generic via filter on the_content -->","protected":false},"excerpt":{"rendered":"<p>Pour bien f\u00eater ses 20 ans dans la Chorale, Notre S\u0153ur Feza Lingosa Ekese rend&#8230;<!-- AddThis Advanced Settings generic via filter on get_the_excerpt --><!-- AddThis Share Buttons generic via filter on get_the_excerpt --><\/p>\n","protected":false},"author":1,"featured_media":0,"comment_status":"open","ping_status":"open","sticky":false,"template":"","format":"standard","meta":[],"categories":[9],"tags":[],"_links":{"self":[{"href":"https:\/\/amagep.co.za\/fr\/wp-json\/wp\/v2\/posts\/737"}],"collection":[{"href":"https:\/\/amagep.co.za\/fr\/wp-json\/wp\/v2\/posts"}],"about":[{"href":"https:\/\/amagep.co.za\/fr\/wp-json\/wp\/v2\/types\/post"}],"author":[{"embeddable":true,"href":"https:\/\/amagep.co.za\/fr\/wp-json\/wp\/v2\/users\/1"}],"replies":[{"embeddable":true,"href":"https:\/\/amagep.co.za\/fr\/wp-json\/wp\/v2\/comments?post=737"}],"version-history":[{"count":0,"href":"https:\/\/amagep.co.za\/fr\/wp-json\/wp\/v2\/posts\/737\/revisions"}],"wp:attachment":[{"href":"https:\/\/amagep.co.za\/fr\/wp-json\/wp\/v2\/media?parent=737"}],"wp:term":[{"taxonomy":"category","embeddable":true,"href":"https:\/\/amagep.co.za\/fr\/wp-json\/wp\/v2\/categories?post=737"},{"taxonomy":"post_tag","embeddable":true,"href":"https:\/\/amagep.co.za\/fr\/wp-json\/wp\/v2\/tags?post=737"}],"curies":[{"name":"wp","href":"https:\/\/api.w.org\/{rel}","templated":true}]}}