{"id":736,"date":"2018-02-15T14:25:26","date_gmt":"2018-02-15T14:25:26","guid":{"rendered":"https:\/\/amagep.co.za\/fr\/2018\/02\/15\/afrique-du-sud-ramaphosa-elu-president\/"},"modified":"2018-02-15T14:25:26","modified_gmt":"2018-02-15T14:25:26","slug":"afrique-du-sud-ramaphosa-elu-president","status":"publish","type":"post","link":"https:\/\/amagep.co.za\/fr\/afrique-du-sud-ramaphosa-elu-president\/","title":{"rendered":"Afrique du Sud : Ramaphosa \u00e9lu pr\u00e9sident"},"content":{"rendered":"<p><img loading=\"lazy\" class=\"img-fluid\" src=\"https:\/\/cs.mg.co.za\/crop\/content\/images\/2017\/05\/30\/rts15aj9.jpg\/800x450\/\" border=\"0\" alt=\"The new South African president again received a standing ovation with nearly the entire National Assembly on their feet as he concluded his address. (Reuters)\" width=\"442\" height=\"265\" \/><\/p>\n<p>Le parlement sud-africain a \u00e9lu jeudi Cyril Ramaphosa au poste de  pr\u00e9sident de la R\u00e9publique pour terminer le mandat de Jacob Zuma.<\/p>\n<p>M. Ramaphosa \u00e9 \u00e9t\u00e9 d\u00e9sign\u00e9 par les parlementaires apr\u00e8s \u00e0 la suite de la d\u00e9mission de M. Zuma survenue mercredi.<\/p>\n<p>  <!--more-->  <\/p>\n<p>\u00a0<\/p>\n<p>Cyril  Ramaphosa, chef du parti au pouvoir, le Congr\u00e8s national africain  (ANC), est \u00ab\u00a0d\u00fbment\u00a0\u00bb \u00e9lu pr\u00e9sident de la R\u00e9publique d&rsquo;Afrique du Sud, a  d\u00e9clar\u00e9 le pr\u00e9sident de la Cour constitutionnelle, Mogoeng Mogoeng, sous  les applaudissements des d\u00e9put\u00e9s.<\/p>\n<p>Le nouveau pr\u00e9sident de l&rsquo;Afrique du Sud est un homme politique doubl\u00e9 d&rsquo;un homme d&rsquo;affaire prosp\u00e8re.<\/p>\n<p>\u00a0<\/p>\n<p>Pr\u00e9sident de l&rsquo;ANC depuis d\u00e9cembre 2017, il a r\u00e9ussi \u00e0 abr\u00e9ger le mandat de Jacob Zuma en le poussant \u00e0 la d\u00e9mission.<\/p>\n<p>D\u00e9sormais, le destin de l&rsquo;Afrique du Sud est entre ses mains.<\/p>\n<p>M. Zuma a rendu son tablier au terme d&rsquo;un long combat avec les dirigeants de l&rsquo;ANC, dont il est membre.<\/p>\n<p>\u00a0<\/p>\n<p>Son  gouvernement a \u00e9t\u00e9 \u00e9clabouss\u00e9 depuis des ann\u00e9es par des scandales de  corruption dans lesquels il est personnellement mis en cause.<\/p>\n<p>\u00ab\u00a0J&rsquo;ai  d\u00e9cid\u00e9 de d\u00e9missionner du poste de pr\u00e9sident de la R\u00e9publique avec  effet imm\u00e9diat, m\u00eame si je suis en d\u00e9saccord avec la d\u00e9cision de la  direction de mon parti\u00a0\u00bb, a d\u00e9clar\u00e9 M. Zuma lors d&rsquo;une allocution  retransmise en direct \u00e0 la t\u00e9l\u00e9vision.<\/p>\n<p>\u00a0<\/p>\n<p>\u00a0<\/p>\n<p><a href=\"http:\/\/www.bbc.com\/afrique\/region-43070506\" title=\"www.bbc.com\">BBC.COM<\/a><\/p>\n<!-- AddThis Advanced Settings generic via filter on the_content --><!-- AddThis Share Buttons generic via filter on the_content -->","protected":false},"excerpt":{"rendered":"<p>Le parlement sud-africain a \u00e9lu jeudi Cyril Ramaphosa au poste de pr\u00e9sident de la R\u00e9publique&#8230;<!-- AddThis Advanced Settings generic via filter on get_the_excerpt --><!-- AddThis Share Buttons generic via filter on get_the_excerpt --><\/p>\n","protected":false},"author":1,"featured_media":0,"comment_status":"open","ping_status":"open","sticky":false,"template":"","format":"standard","meta":[],"categories":[6],"tags":[],"_links":{"self":[{"href":"https:\/\/amagep.co.za\/fr\/wp-json\/wp\/v2\/posts\/736"}],"collection":[{"href":"https:\/\/amagep.co.za\/fr\/wp-json\/wp\/v2\/posts"}],"about":[{"href":"https:\/\/amagep.co.za\/fr\/wp-json\/wp\/v2\/types\/post"}],"author":[{"embeddable":true,"href":"https:\/\/amagep.co.za\/fr\/wp-json\/wp\/v2\/users\/1"}],"replies":[{"embeddable":true,"href":"https:\/\/amagep.co.za\/fr\/wp-json\/wp\/v2\/comments?post=736"}],"version-history":[{"count":0,"href":"https:\/\/amagep.co.za\/fr\/wp-json\/wp\/v2\/posts\/736\/revisions"}],"wp:attachment":[{"href":"https:\/\/amagep.co.za\/fr\/wp-json\/wp\/v2\/media?parent=736"}],"wp:term":[{"taxonomy":"category","embeddable":true,"href":"https:\/\/amagep.co.za\/fr\/wp-json\/wp\/v2\/categories?post=736"},{"taxonomy":"post_tag","embeddable":true,"href":"https:\/\/amagep.co.za\/fr\/wp-json\/wp\/v2\/tags?post=736"}],"curies":[{"name":"wp","href":"https:\/\/api.w.org\/{rel}","templated":true}]}}