{"id":735,"date":"2018-02-15T09:23:49","date_gmt":"2018-02-15T09:23:49","guid":{"rendered":"https:\/\/amagep.co.za\/fr\/2018\/02\/15\/afrique-du-sud-le-president-zuma-demissionne-avec-effet-immediat\/"},"modified":"2018-02-15T09:23:49","modified_gmt":"2018-02-15T09:23:49","slug":"afrique-du-sud-le-president-zuma-demissionne-avec-effet-immediat","status":"publish","type":"post","link":"https:\/\/amagep.co.za\/fr\/afrique-du-sud-le-president-zuma-demissionne-avec-effet-immediat\/","title":{"rendered":"Afrique du Sud : le pr\u00e9sident Zuma d\u00e9missionne avec \u00ab effet imm\u00e9diat \u00bb"},"content":{"rendered":"<p><img loading=\"lazy\" class=\"irc_mi\" src=\"http:\/\/md1.libe.com\/photo\/603585-south-african-president-zuma-waves-at-national-memorial-service-for-mandela-in-johannesburg.jpg?modified_at=1386684107&#038;width=960\" border=\"0\" alt=\"Image result for zuma n'est plus le president\" width=\"411\" height=\"265\" style=\"margin-top: 32px;\" \/><\/p>\n<p \/>Le pr\u00e9sident sud-africain Jacob Zuma a annonc\u00e9 mercredi sa d\u00e9mission apr\u00e8s des semaines d&rsquo;un<a href=\"http:\/\/www.lefigaro.fr\/international\/2018\/02\/12\/01003-20180212ARTFIG00333-en-afrique-du-sud-l-anc-finalise-le-depart-de-zuma.php\"> f\u00e9roce combat avec son parti le Congr\u00e8s national africain (ANC),<\/a> press\u00e9 de tourner la page de son r\u00e8gne de neuf ans terni par les  scandales de corruption. Apr\u00e8s une ultime bravade t\u00e9l\u00e9vis\u00e9e dans  l&rsquo;apr\u00e8s-midi, le chef de l&rsquo;Etat a mis fin en soir\u00e9e \u00e0 la crise qui  paralysait le pays et obtemp\u00e9r\u00e9 aux ordres de son parti, qui le mena\u00e7ait  d&rsquo;un vote de d\u00e9fiance au Parlement.  <!--more-->  <\/p>\n<p>\u00a0<\/p>\n<p>\u00ab\u00a0J&rsquo;ai d\u00e9cid\u00e9 de d\u00e9missionner  du poste de pr\u00e9sident de la R\u00e9publique avec effet imm\u00e9diat, m\u00eame si je  suis en d\u00e9saccord avec la direction de mon organisation\u00a0\u00bb, a d\u00e9clar\u00e9 Zuma  lors d&rsquo;une allocution retransmise en direct \u00e0 la t\u00e9l\u00e9vision. \u00ab\u00a0J&rsquo;ai  servi le peuple d&rsquo;Afrique du Sud de mon mieux\u00a0\u00bb, a-t-il ajout\u00e9, conc\u00e9dant  toutefois ne pas avoir \u00e9t\u00e9 \u00ab\u00a0un parangon de vertu\u00a0\u00bb.<\/p>\n<p>\u00a0<\/p>\n<p>Faute de r\u00e9ponse imm\u00e9diate de sa part, l&rsquo;ANC a pris les devants en  annon\u00e7ant \u00e0 la mi-journ\u00e9e mercredi qu&rsquo;il voterait d\u00e8s le lendemain au  Parlement une motion de d\u00e9fiance contre le chef de l&rsquo;Etat. \u00ab\u00a0La direction  de l&rsquo;ANC ne peut pas attendre au-del\u00e0 d&rsquo;aujourd&rsquo;hui\u00a0\u00bb, a plaid\u00e9 le  tr\u00e9sorier du parti, Paul Mashatile, \u00e0 l&rsquo;issue d&rsquo;une r\u00e9union \u00e0 huis clos  de son groupe parlementaire au Cap.<\/p>\n<p>\u00a0<\/p>\n<p>D\u00e9termin\u00e9 \u00e0 en finir au plus  vite, l&rsquo;ANC a aussi annonc\u00e9 que Cyril Ramaphosa serait \u00e9lu ce jeudi par  le Parlement pour succ\u00e9der \u00e0 Jacob Zuma. Sit\u00f4t investi, il doit  prononcer le discours sur l&rsquo;\u00e9tat de la nation dont son pr\u00e9d\u00e9cesseur a  \u00e9t\u00e9 priv\u00e9 la semaine derni\u00e8re pour cause de crise.<\/p>\n<p>\u00a0<\/p>\n<p>L&rsquo;opposition,  qui a vainement tent\u00e9 depuis des ann\u00e9es de pousser vers la sortie celui  qu&rsquo;elle appelle le \u00ab\u00a0d\u00e9linquant\u00a0\u00bb Zuma, a applaudi des deux mains  l&rsquo;annonce de sa d\u00e9mission. \u00ab\u00a0M. Zuma a fait beaucoup de mal \u00e0 notre pays  (&#8230;). Sous son r\u00e8gne, la corruption a fleuri au point de presque  d\u00e9truire notre pays\u00a0\u00bb, a d\u00e9clar\u00e9 Mmusi Maimane, le chef de l&rsquo;Alliance  d\u00e9mocratique (DA).<\/p>\n<p>\u00a0<\/p>\n<p>Quelques heures avant son allocution d&rsquo;adieu au pouvoir,\u00a0<a href=\"http:\/\/www.lefigaro.fr\/flash-actu\/2018\/02\/14\/97001-20180214FILWWW00197-afrique-du-sud-zuma-n-annonce-pas-sa-demission-lors-d-un-entretien-tele.php\">Zuma s&rsquo;est invit\u00e9 sur la cha\u00eene de t\u00e9l\u00e9vision<\/a> publique SABC pour dire toute sa rancoeur \u00e0 l&rsquo;endroit de la direction  de l&rsquo;ANC. \u00ab\u00a0J&rsquo;ai trouv\u00e9 tr\u00e8s injuste que la question (de ma d\u00e9mission)  soit pos\u00e9e\u00a0\u00bb, s&rsquo;est-il plaint lors d&rsquo;un long entretien \u00e0 b\u00e2tons rompus.  \u00ab\u00a0Je ne suis pas d&rsquo;accord car il n&rsquo;y a aucune preuve que j&rsquo;aie fait quoi  que ce soit de mal.\u00a0\u00bb Avec force d\u00e9tails, il a expliqu\u00e9 \u00eatre convenu avec  M. Ramaphosa de partir en douceur \u00ab\u00a0apr\u00e8s le mois de juin\u00a0\u00bb. Mais, a-t-il  affirm\u00e9, la nouvelle direction de l&rsquo;ANC lui a ensuite assur\u00e9 qu&rsquo;une  frange du parti refusait cet accord et qu&rsquo;il devait partir plus t\u00f4t.<\/p>\n<p>\u00a0<\/p>\n<p>Apr\u00e8s  des semaines de vives tensions qui ont soulign\u00e9 les fractures qui  traversent ses rangs, l&rsquo;ANC a accueilli la d\u00e9mission du chef de l&rsquo;Etat  par un \u00ab\u00a0ouf\u00a0\u00bb de soulagement. \u00ab\u00a0Nous n&rsquo;allons pas faire la f\u00eate\u00a0\u00bb, a confi\u00e9  une de ses responsables, Jessie Duarte. \u00ab\u00a0Nous avons d\u00fb &lsquo;rappeler&rsquo;\u00a0un  dirigeant du mouvement qui a servi notre mouvement pendant plus de  soixante ans, ce n&rsquo;est pas une mince affaire.\u00a0\u00bb<\/p>\n<p>\u00a0<\/p>\n<p>A un peu plus d&rsquo;un an des \u00e9lections g\u00e9n\u00e9rales, la t\u00e2che du futur pr\u00e9sident Cyril Ramaphosa s&rsquo;annonce rude.<\/p>\n<!-- AddThis Advanced Settings generic via filter on the_content --><!-- AddThis Share Buttons generic via filter on the_content -->","protected":false},"excerpt":{"rendered":"<p>Le pr\u00e9sident sud-africain Jacob Zuma a annonc\u00e9 mercredi sa d\u00e9mission apr\u00e8s des semaines d&rsquo;un f\u00e9roce&#8230;<!-- AddThis Advanced Settings generic via filter on get_the_excerpt --><!-- AddThis Share Buttons generic via filter on get_the_excerpt --><\/p>\n","protected":false},"author":1,"featured_media":0,"comment_status":"open","ping_status":"open","sticky":false,"template":"","format":"standard","meta":[],"categories":[6],"tags":[],"_links":{"self":[{"href":"https:\/\/amagep.co.za\/fr\/wp-json\/wp\/v2\/posts\/735"}],"collection":[{"href":"https:\/\/amagep.co.za\/fr\/wp-json\/wp\/v2\/posts"}],"about":[{"href":"https:\/\/amagep.co.za\/fr\/wp-json\/wp\/v2\/types\/post"}],"author":[{"embeddable":true,"href":"https:\/\/amagep.co.za\/fr\/wp-json\/wp\/v2\/users\/1"}],"replies":[{"embeddable":true,"href":"https:\/\/amagep.co.za\/fr\/wp-json\/wp\/v2\/comments?post=735"}],"version-history":[{"count":0,"href":"https:\/\/amagep.co.za\/fr\/wp-json\/wp\/v2\/posts\/735\/revisions"}],"wp:attachment":[{"href":"https:\/\/amagep.co.za\/fr\/wp-json\/wp\/v2\/media?parent=735"}],"wp:term":[{"taxonomy":"category","embeddable":true,"href":"https:\/\/amagep.co.za\/fr\/wp-json\/wp\/v2\/categories?post=735"},{"taxonomy":"post_tag","embeddable":true,"href":"https:\/\/amagep.co.za\/fr\/wp-json\/wp\/v2\/tags?post=735"}],"curies":[{"name":"wp","href":"https:\/\/api.w.org\/{rel}","templated":true}]}}