{"id":722,"date":"2017-12-02T10:15:14","date_gmt":"2017-12-02T10:15:14","guid":{"rendered":"https:\/\/amagep.co.za\/fr\/2017\/12\/02\/journee-mondiale-de-lutte-contre-le-sida-2017\/"},"modified":"2017-12-02T10:15:14","modified_gmt":"2017-12-02T10:15:14","slug":"journee-mondiale-de-lutte-contre-le-sida-2017","status":"publish","type":"post","link":"https:\/\/amagep.co.za\/fr\/journee-mondiale-de-lutte-contre-le-sida-2017\/","title":{"rendered":"Journ\u00e9e mondiale de lutte contre le SIDA 2017"},"content":{"rendered":"<p>\u00a0<\/p>\n<p><img class=\"imgGche champImage\" src=\"http:\/\/www.journee-mondiale.com\/medias\/images\/journee\/sida.png\" border=\"0\" alt=\"Journ\u00e9e Mondiale de la lutte contre le SIDA\" \/><\/p>\n<p>\u00a0<\/p>\n<p style=\"text-align: justify;\">\u00a0<\/p>\n<p>Cette ann\u00e9e, la campagne de la Journ\u00e9e mondiale de la lutte contre le SIDA, <a class=\"ext\" href=\"http:\/\/www.unaids.org\/fr\/resources\/campaigns\/right-to-health\" target=\"_blank\">Ma sant\u00e9, mes droits<span class=\"ext\"><span class=\"element-invisible\"> (link is external)<\/span><\/span><\/a>,  met l\u2019accent sur le droit \u00e0 la sant\u00e9, le droit de chacun de jouir du  niveau de sant\u00e9 physique et mentale le plus \u00e9lev\u00e9 que l\u2019on peut  atteindre. La campagne rappelle que le droit \u00e0 la sant\u00e9 repr\u00e9sente bien  plus que l\u2019acc\u00e8s \u00e0 des services de sant\u00e9 et \u00e0 des m\u00e9dicaments de  qualit\u00e9, mais qu\u2019il d\u00e9pend d\u2019un grand nombre de garanties importantes  telles que l\u2019acc\u00e8s \u00e0 une \u00e9ducation sexuelle compl\u00e8te\u00a0 (ESC) de qualit\u00e9  et des environnements d\u2019apprentissage s\u00fbrs et inclusifs.<\/p>\n<p>  <!--more-->  <\/p>\n<p>\u00a0<\/p>\n<p style=\"text-align: justify;\">\u00a0<\/p>\n<p style=\"text-align: justify;\">L\u2019ESC, dont la pr\u00e9vention du VIH est une  composante centrale, est une intervention essentielle dans les efforts  pour mettre fin au SIDA en tant que menace pour la sant\u00e9 publique et  permettre aux jeunes de r\u00e9duire leur risque d\u2019infection par le VIH. Elle  est tr\u00e8s importante \u00e9galement pour promouvoir la sant\u00e9 sexuelle et  reproductive, l\u2019\u00e9galit\u00e9 entre les sexes et les relations saines, qui  peuvent tous avoir une influence positive sur les r\u00e9sultats en mati\u00e8re  d\u2019\u00e9ducation et de sant\u00e9.<\/p>\n<p style=\"text-align: justify;\">\u00a0<\/p>\n<p style=\"text-align: justify;\">En outre, l\u2019ESC aide les jeunes \u00e0 mieux  conna\u00eetre et \u00e0 prendre conscience de leurs droits, comme leur droit  d\u2019acc\u00e8s \u00e0 des tests, \u00e0 des traitements et \u00e0 une prise en charge du VIH  qui soit exempts de stigmatisation et de discrimination. Les jeunes  doivent conna\u00eetre leurs droits pour \u00eatre capables de les d\u00e9fendre. Faire  valoir le droit au plus haut niveau possible de sant\u00e9 physique et  mentale suppose de remettre en question les lois et les politiques  discriminatoires qui emp\u00eachent les jeunes d\u2019acc\u00e9der aux services de  sant\u00e9 sexuelle et reproductive dont ils ont besoin, telles que les  restrictions d\u2019\u00e2ge pour l\u2019acc\u00e8s aux tests de VIH ou les lois qui  criminalisent l\u2019homosexualit\u00e9.<\/p>\n<p style=\"text-align: justify;\">\u00a0<\/p>\n<p style=\"text-align: justify;\">L\u2019UNESCO s\u2019est engag\u00e9e \u00e0 promouvoir les  droits \u00e0 la sant\u00e9 et \u00e0 l\u2019\u00e9ducation des jeunes \u2013 droits qui se renforcent  mutuellement \u2013 par le biais du nouveau programme <a href=\"https:\/\/fr.unesco.org\/news\/unesco-suede-apportent-leur-appui-aux-pays-developper-education-sexuelle-complete-afrique\">\u00ab\u00a0Nos droits, nos vies, notre avenir\u00a0\u00bb<\/a>.  En collaboration avec la Su\u00e8de, l\u2019UNESCO encouragera la mise en \u0153uvre  de programmes d\u2019ESC pertinents, fond\u00e9s sur les droits et de qualit\u00e9  fournissant les comp\u00e9tences, les connaissances et les aptitudes  n\u00e9cessaires pour pr\u00e9venir le VIH, r\u00e9duire le nombre de grossesses  pr\u00e9coces et non d\u00e9sir\u00e9es et \u00e9liminer les violences sexistes. Le  programme, <a href=\"http:\/\/youngpeopletoday.net\/launch-rights-lives-future-swedens-support-unesco-expanding-comprehensive-sexuality-education-africa\/\">lanc\u00e9 \u00e0 Paris le 3 novembre 2017<\/a>, <a href=\"http:\/\/youngpeopletoday.net\/launch-rights-lives-future-swedens-support-unesco-expanding-comprehensive-sexuality-education-africa\/\">\u00e9largit les activit\u00e9s men\u00e9es actuellement en Afrique orientale et australe<\/a> dans le cadre de l\u2019<a href=\"http:\/\/www.unesco.org\/fileadmin\/MULTIMEDIA\/HQ\/HIV-AIDS\/pdf\/ESACommitmentFINALAffirmedon7thDecember.pdf\">engagement de l\u2019Afrique orientale et australe<\/a>, avec de nouveaux projets en Afrique occidentale et centrale.<\/p>\n<p style=\"text-align: justify;\">\u00a0<\/p>\n<p style=\"text-align: justify;\">En tant que membre du Programme commun  des Nations Unies sur le VIH\/sida (ONUSIDA), l\u2019UNESCO s\u2019est engag\u00e9e \u00e0  renforcer le soutien apport\u00e9 aux \u00c9tats membres en vue de fournir une  \u00e9ducation \u00e0 la sant\u00e9 qui permette aux jeunes de s\u2019informer sur leurs  droits et qui favorise le bien-\u00eatre global et de bons r\u00e9sultats en  mati\u00e8re d\u2019\u00e9ducation et de sant\u00e9 pour tous.<\/p>\n<p style=\"text-align: justify;\">\u00a0<\/p>\n<p style=\"text-align: justify;\">Source<\/p>\n<p style=\"text-align: justify;\">\u00a0<\/p>\n<p style=\"text-align: justify;\"><a href=\"https:\/\/fr.unesco.org\/themes\/education-sante\/journee-mondiale-sida\" title=\"www.unesco.org\">UNESCO.ORG <\/a><\/p>\n<p>\u00a0<\/p>\n<!-- AddThis Advanced Settings generic via filter on the_content --><!-- AddThis Share Buttons generic via filter on the_content -->","protected":false},"excerpt":{"rendered":"<p>\u00a0 \u00a0 \u00a0 Cette ann\u00e9e, la campagne de la Journ\u00e9e mondiale de la lutte contre&#8230;<!-- AddThis Advanced Settings generic via filter on get_the_excerpt --><!-- AddThis Share Buttons generic via filter on get_the_excerpt --><\/p>\n","protected":false},"author":1,"featured_media":0,"comment_status":"open","ping_status":"open","sticky":false,"template":"","format":"standard","meta":[],"categories":[5],"tags":[],"_links":{"self":[{"href":"https:\/\/amagep.co.za\/fr\/wp-json\/wp\/v2\/posts\/722"}],"collection":[{"href":"https:\/\/amagep.co.za\/fr\/wp-json\/wp\/v2\/posts"}],"about":[{"href":"https:\/\/amagep.co.za\/fr\/wp-json\/wp\/v2\/types\/post"}],"author":[{"embeddable":true,"href":"https:\/\/amagep.co.za\/fr\/wp-json\/wp\/v2\/users\/1"}],"replies":[{"embeddable":true,"href":"https:\/\/amagep.co.za\/fr\/wp-json\/wp\/v2\/comments?post=722"}],"version-history":[{"count":0,"href":"https:\/\/amagep.co.za\/fr\/wp-json\/wp\/v2\/posts\/722\/revisions"}],"wp:attachment":[{"href":"https:\/\/amagep.co.za\/fr\/wp-json\/wp\/v2\/media?parent=722"}],"wp:term":[{"taxonomy":"category","embeddable":true,"href":"https:\/\/amagep.co.za\/fr\/wp-json\/wp\/v2\/categories?post=722"},{"taxonomy":"post_tag","embeddable":true,"href":"https:\/\/amagep.co.za\/fr\/wp-json\/wp\/v2\/tags?post=722"}],"curies":[{"name":"wp","href":"https:\/\/api.w.org\/{rel}","templated":true}]}}