{"id":721,"date":"2017-12-01T13:31:21","date_gmt":"2017-12-01T13:31:21","guid":{"rendered":"https:\/\/amagep.co.za\/fr\/2017\/12\/01\/esclavage-en-libye-mple-alors-chacun-peut-faire-son-marche\/"},"modified":"2017-12-01T13:31:21","modified_gmt":"2017-12-01T13:31:21","slug":"esclavage-en-libye-mple-alors-chacun-peut-faire-son-marche","status":"publish","type":"post","link":"https:\/\/amagep.co.za\/fr\/esclavage-en-libye-mple-alors-chacun-peut-faire-son-marche\/","title":{"rendered":"Esclavage en Libye : mple alors chacun peut faire son march\u00e9 \u00bb"},"content":{"rendered":"<p>\u00a0<\/p>\n<p class=\"MsoNormal\">\u00a0<\/p>\n<p>\u00a0<\/p>\n<p><img loading=\"lazy\" class=\"lazy-retina\" src=\"http:\/\/img.lemde.fr\/2017\/11\/28\/1012\/0\/6016\/3008\/768\/0\/60\/0\/8f7a8fe_16588-pv42cg.7kzpg.jpg\" border=\"0\" alt=\"Des migrants africains subsahariens dans un centre de d\u00e9tention pr\u00e8s de Tripoli, en Libye, le 27\u00a0novembre 2017.\" title=\"TAHA JAWASHI\/AFP\" width=\"514\" height=\"333\" \/><\/p>\n<p>\u00a0<\/p>\n<p class=\"MsoNormal\">\u00a0<\/p>\n<p>En Afrique, les Noirs se racontent souvent des anecdotes sur le racisme dans les pays arabes du Maghreb et du Moyen-Orient. Cela va des vexations r\u00e9p\u00e9t\u00e9es que leur fait subir l\u2019\u00e9quipage de Royal Air Maroc aux regards torves dans les souks de Marrakech, de Tunis ou du Caire. De l\u2019attitude ouvertement d\u00e9daigneuse des enseignants dans les universit\u00e9s aux maltraitances jusqu\u2019\u00e0 ce que mort s\u2019ensuive des \u00ab petites bonnes \u00bb au Liban. La liste est non exhaustive et les possibilit\u00e9s de recours, insignifiantes.<\/p>\n<p>  <!--more-->  <\/p>\n<p>\u00a0<\/p>\n<p class=\"MsoNormal\">Le traitement inflig\u00e9 aux Africains subsahariens en Libye est la cons\u00e9quence vertigineuse de l\u2019id\u00e9e qu\u2019un Noir peut \u00eatre achet\u00e9, vendu et tortur\u00e9 sans susciter d\u2019\u00e9tat d\u2019\u00e2me. Une logique implacable qui pr\u00e9vaut depuis des si\u00e8cles et qui justifiait d\u00e9j\u00e0 les traites arabe et transatlantique. Nous avons eu tort de juger la pratique r\u00e9volue, de penser qu\u2019en ce XXIe si\u00e8cle de richesse et d\u2019ouverture, nous, Africains, ne verrions plus cette ignominie. Nous avons n\u00e9glig\u00e9 les signes avant-coureurs et refus\u00e9 de regarder la r\u00e9alit\u00e9 en face.<\/p>\n<p class=\"MsoNormal\">Les jolies paroles, les beaux messages de condamnation venant des Nations unies, de l\u2019Europe, de l\u2019Union africaine et le geste qui apaise : envoyer des avions pour \u00ab sauver \u00bb les migrants puis leur offrir 100 euros pour leur permettre de red\u00e9marrer une vie. La mise en sc\u00e8ne de l\u2019indignation, apr\u00e8s la th\u00e9\u00e2tralisation de la horde d\u2019affam\u00e9s d\u00e9ferlant sur l\u2019Europe, serait risible si la situation n\u2019\u00e9tait si tragique.<\/p>\n<p class=\"MsoNormal\">Il n\u2019y a que deux types de migrations \u00ab heureuses \u00bb : s\u2019emparer d\u2019une terre, d\u00e9cimer sa population et se l\u2019approprier, comme l\u2019a fait la diaspora occidentale en Am\u00e9rique ; ou s\u2019installer ailleurs en sachant qu\u2019on poss\u00e8de quelque part un lopin de terre o\u00f9 revenir si besoin. Les Africains pauvres n\u2019ont ni l\u2019un ni l\u2019autre. Ils sont trop nombreux, trop en col\u00e8re, potentiellement insurrectionnels. Leurs gouvernements ne sont pas m\u00e9contents de les savoir au loin. Personne ne les prot\u00e8ge, alors chacun peut faire son march\u00e9.<\/p>\n<p class=\"MsoNormal\">\u00a0<\/p>\n<p class=\"MsoNormal\">\u00a0<\/p>\n<p class=\"MsoNormal\">SOURCE<\/p>\n<p class=\"MsoNormal\"><a href=\"http:\/\/www.lemonde.fr\/afrique\/article\/2017\/11\/29\/esclavage-en-libye-personne-ne-protege-les-africains-alors-chacun-peut-faire-son-marche_5222200_3212.html\" title=\"www.lemonde.fr\">LEMONDE.FR<\/a><\/p>\n<p>\u00a0<\/p>\n<!-- AddThis Advanced Settings generic via filter on the_content --><!-- AddThis Share Buttons generic via filter on the_content -->","protected":false},"excerpt":{"rendered":"<p>\u00a0 \u00a0 \u00a0 \u00a0 \u00a0 En Afrique, les Noirs se racontent souvent des anecdotes sur&#8230;<!-- AddThis Advanced Settings generic via filter on get_the_excerpt --><!-- AddThis Share Buttons generic via filter on get_the_excerpt --><\/p>\n","protected":false},"author":1,"featured_media":0,"comment_status":"open","ping_status":"open","sticky":false,"template":"","format":"standard","meta":[],"categories":[5],"tags":[],"_links":{"self":[{"href":"https:\/\/amagep.co.za\/fr\/wp-json\/wp\/v2\/posts\/721"}],"collection":[{"href":"https:\/\/amagep.co.za\/fr\/wp-json\/wp\/v2\/posts"}],"about":[{"href":"https:\/\/amagep.co.za\/fr\/wp-json\/wp\/v2\/types\/post"}],"author":[{"embeddable":true,"href":"https:\/\/amagep.co.za\/fr\/wp-json\/wp\/v2\/users\/1"}],"replies":[{"embeddable":true,"href":"https:\/\/amagep.co.za\/fr\/wp-json\/wp\/v2\/comments?post=721"}],"version-history":[{"count":0,"href":"https:\/\/amagep.co.za\/fr\/wp-json\/wp\/v2\/posts\/721\/revisions"}],"wp:attachment":[{"href":"https:\/\/amagep.co.za\/fr\/wp-json\/wp\/v2\/media?parent=721"}],"wp:term":[{"taxonomy":"category","embeddable":true,"href":"https:\/\/amagep.co.za\/fr\/wp-json\/wp\/v2\/categories?post=721"},{"taxonomy":"post_tag","embeddable":true,"href":"https:\/\/amagep.co.za\/fr\/wp-json\/wp\/v2\/tags?post=721"}],"curies":[{"name":"wp","href":"https:\/\/api.w.org\/{rel}","templated":true}]}}