{"id":72,"date":"2009-01-27T12:27:53","date_gmt":"2009-01-27T12:27:53","guid":{"rendered":"https:\/\/amagep.co.za\/fr\/2009\/01\/27\/ouverture-du-proces-de-thomas-lubanga\/"},"modified":"2009-01-27T12:27:53","modified_gmt":"2009-01-27T12:27:53","slug":"ouverture-du-proces-de-thomas-lubanga","status":"publish","type":"post","link":"https:\/\/amagep.co.za\/fr\/ouverture-du-proces-de-thomas-lubanga\/","title":{"rendered":"Ouverture du proc\u00e8s de Thomas Lubanga"},"content":{"rendered":"<div class=\"storytext\"><strong><img loading=\"lazy\" class=\" size-full wp-image-71\" src=\"https:\/\/amagep.co.za\/fr\/wp-content\/uploads\/2009\/01\/20080703075512julgadolubanga203.jpg\" border=\"0\" width=\"203\" height=\"152\" \/><\/strong><\/div>\n<div class=\"storytext\"><strong>Le premier proc\u00e8s de la Cour p\u00e9nale internationale contre l&rsquo;ancien chef de<br \/>milice congolais Thomas Lubanga s&rsquo;ouvre lundi.  <!--more--> <\/strong><\/div>\n<p class=\"storytext\">Thomas Lubanga compara\u00eet pour avoir enr\u00f4l\u00e9 et fait combattre des enfants de moins de quinze ans dans l&rsquo;aile militaire de sa milice, l&rsquo;Union des patriotes congolais (UPC), pendant la guerre civile d&rsquo;Ituri, \u00e0 l&rsquo;est de la R\u00e9publique d\u00e9mocratique du Congo (RDC), entre septembre 2002 et ao\u00fbt 2003. <\/p>\n<p class=\"storytext\">Son proc\u00e8s devait initialement s&rsquo;ouvrir en juin 2008, mais avait \u00e9t\u00e9 report\u00e9 de six mois en raison d&rsquo;une suspension de la proc\u00e9dure cons\u00e9cutive au refus de l&rsquo;accusation de communiquer \u00e0 la d\u00e9fense des preuves potentiellement \u00e0 d\u00e9charge pour l&rsquo;accus\u00e9. <\/p>\n<p class=\"storytext\"><!-- end_story -->Apr\u00e8s des \u00e9tudes sup\u00e9rieures \u00e0 l&rsquo;universit\u00e9 de Kisangani o\u00f9 il obtient un dipl\u00f4me de psychologie, Thomas Lubanga m\u00e8ne des activit\u00e9s lucratives allant de l&rsquo;agriculture au commerce de l&rsquo;or. <\/p>\n<p class=\"storytext\">Il cr\u00e9e ensuite l&rsquo;Union des patriotes congolais (UPC) dont il devient le pr\u00e9sident, ainsi que sa branche arm\u00e9e, les Forces patriotiques pour la lib\u00e9ration du Congo (FPLC) dont il est le commandant en chef. <\/p>\n<p class=\"storytext\">Lubanga a toujours affirm\u00e9 avoir agi pour ramener la paix dans la province d&rsquo;Ituri, en proie \u00e0 des conflits r\u00e9currents.<\/p>\n<p class=\"storytext\">Il devrait plaider non coupable devant le juge qui pr\u00e9side le proc\u00e8s, le Britannique Adrian Fulford.<\/p>\n<p class=\"storytext\">Le proc\u00e8s pr\u00e9vu pour durer six \u00e0 neuf mois sera \u00e9galement celui du recrutement d&rsquo;enfants soldats dans les conflits.<\/p>\n<p class=\"storytext\">La F\u00e9d\u00e9ration Internationale des Droits de l&rsquo;homme (FIDH) et plusieurs mouvements congolais saluent l&rsquo;ouverture de ce proc\u00e8s.<\/p>\n<p class=\"storytext\">Un mandat d&rsquo;arr\u00eat a \u00e9galement \u00e9t\u00e9 \u00e9mis \u00e0 l&rsquo;encontre d&rsquo;un autre milicien Bosco Ntaganda mais n&rsquo;a toujours pas \u00e9t\u00e9 ex\u00e9cut\u00e9.<\/p>\n<div class=\"six\">Source <\/div>\n<div class=\"six\"><a href=\"http:\/\/www.bbc.co.uk\/french\/news\/story\/2009\/01\/090126_lubanga_trial.shtml\" title=\"www.bbc.co.uk\">http:\/\/www.bbc.co.uk\/french\/news\/story\/2009\/01\/090126_lubanga_trial.shtml<\/a><\/div>\n<!-- AddThis Advanced Settings generic via filter on the_content --><!-- AddThis Share Buttons generic via filter on the_content -->","protected":false},"excerpt":{"rendered":"<p>Le premier proc\u00e8s de la Cour p\u00e9nale internationale contre l&rsquo;ancien chef demilice congolais Thomas Lubanga&#8230;<!-- AddThis Advanced Settings generic via filter on get_the_excerpt --><!-- AddThis Share Buttons generic via filter on get_the_excerpt --><\/p>\n","protected":false},"author":1,"featured_media":71,"comment_status":"open","ping_status":"open","sticky":false,"template":"","format":"standard","meta":[],"categories":[6],"tags":[],"_links":{"self":[{"href":"https:\/\/amagep.co.za\/fr\/wp-json\/wp\/v2\/posts\/72"}],"collection":[{"href":"https:\/\/amagep.co.za\/fr\/wp-json\/wp\/v2\/posts"}],"about":[{"href":"https:\/\/amagep.co.za\/fr\/wp-json\/wp\/v2\/types\/post"}],"author":[{"embeddable":true,"href":"https:\/\/amagep.co.za\/fr\/wp-json\/wp\/v2\/users\/1"}],"replies":[{"embeddable":true,"href":"https:\/\/amagep.co.za\/fr\/wp-json\/wp\/v2\/comments?post=72"}],"version-history":[{"count":0,"href":"https:\/\/amagep.co.za\/fr\/wp-json\/wp\/v2\/posts\/72\/revisions"}],"wp:featuredmedia":[{"embeddable":true,"href":"https:\/\/amagep.co.za\/fr\/wp-json\/wp\/v2\/media\/71"}],"wp:attachment":[{"href":"https:\/\/amagep.co.za\/fr\/wp-json\/wp\/v2\/media?parent=72"}],"wp:term":[{"taxonomy":"category","embeddable":true,"href":"https:\/\/amagep.co.za\/fr\/wp-json\/wp\/v2\/categories?post=72"},{"taxonomy":"post_tag","embeddable":true,"href":"https:\/\/amagep.co.za\/fr\/wp-json\/wp\/v2\/tags?post=72"}],"curies":[{"name":"wp","href":"https:\/\/api.w.org\/{rel}","templated":true}]}}