{"id":715,"date":"2017-07-21T18:24:17","date_gmt":"2017-07-21T18:24:17","guid":{"rendered":"https:\/\/amagep.co.za\/fr\/2017\/07\/21\/afrique-du-sud-jossart-nyoka-tete-daffiche-dune-soiree-dhommage-a-papa-wemba\/"},"modified":"2017-07-21T18:24:17","modified_gmt":"2017-07-21T18:24:17","slug":"afrique-du-sud-jossart-nyoka-tete-daffiche-dune-soiree-dhommage-a-papa-wemba","status":"publish","type":"post","link":"https:\/\/amagep.co.za\/fr\/afrique-du-sud-jossart-nyoka-tete-daffiche-dune-soiree-dhommage-a-papa-wemba\/","title":{"rendered":"Afrique du sud: Jossart Nyoka, t\u00eate d\u2019affiche d\u2019une soir\u00e9e d\u2019hommage \u00e0 Papa Wemba"},"content":{"rendered":"<p style=\"text-align: justify;\"><img loading=\"lazy\" class=\"attachment-post-thumbnail size-post-thumbnail wp-post-image\" src=\"http:\/\/www.afriquechos.ch\/wp-content\/uploads\/2017\/07\/05.jpg\" border=\"0\" width=\"640\" height=\"426\" \/><\/p>\n<p style=\"text-align: justify;\">\u00ab\u00a0Gardien du temple\u00a0\u00bb du  patrimoine Za\u00efko Langa Langa, Jossart Nyoka Longo a \u00e9t\u00e9 l\u2019invit\u00e9 et la  t\u00eate d\u2019affiche d\u2019une soir\u00e9e d\u2019hommage \u00e0 Papa Wemba, le d\u00e9funt chanteur  dont l\u2019interpr\u00e9tation d\u2019une chanson de Tabu Ley avait d\u00e9cid\u00e9 ses quatre  cofondateurs \u00e0 cr\u00e9er l\u2019orchestre pr\u00e9cit\u00e9.<\/p>\n<p style=\"text-align: justify;\" \/><strong \/>  <!--more-->  <\/strong><\/p>\n<p style=\"text-align: justify;\">\u00a0<\/p>\n<p style=\"text-align: justify;\">N\u00e9 le 14 juin 1949, Papa Wemba aurait  totalis\u00e9 68 ans d\u2019\u00e2ge cette ann\u00e9e. En sa m\u00e9moire, un hommage festif lui a  \u00e9t\u00e9 rendu, le 16 juin dernier, en Afrique du sud. Jossart Nyoka Longo  aura ainsi \u00e9t\u00e9 la principale attraction de la soir\u00e9e organis\u00e9e au Moyo  Restaurant \u00e0 Melrose Arch, un quartier chic de Johannesburg situ\u00e9 entre  Rosebank et Sandton. Le chanteur en a profit\u00e9 pour livrer son t\u00e9moignage  sur les derniers moments qu\u2019il a partag\u00e9s avec son ancien compagnon,  Papa Wemba en pr\u00e9sence de Freddy Elonga, alors qu\u2019ils \u00e9taient en route  pour la n\u00e9cropole de Nsele pour la pose de pierre tombale sur la  s\u00e9pulture de Bimi Ombale.<\/p>\n<p>\u00c0 cette occasion, Jossart Nyoka s\u2019est  livr\u00e9 \u00e0 un tour de chant, accompagn\u00e9 par des artistes locaux dont Dassin  Makombo et son groupe, Erudit Boyoko et Roi Castilla, ancien chanteur  de Viva la Musica.<\/p>\n<p>\u00a0<\/p>\n<p>Source<\/p>\n<p>\u00a0<\/p>\n<p><a href=\"http:\/\/www.afriquechos.ch\/?p=10817\" title=\"www.afriquechos.ch\">AFRIQUECHOS.CH<\/a><\/p>\n<!-- AddThis Advanced Settings generic via filter on the_content --><!-- AddThis Share Buttons generic via filter on the_content -->","protected":false},"excerpt":{"rendered":"<p>\u00ab\u00a0Gardien du temple\u00a0\u00bb du patrimoine Za\u00efko Langa Langa, Jossart Nyoka Longo a \u00e9t\u00e9 l\u2019invit\u00e9 et&#8230;<!-- AddThis Advanced Settings generic via filter on get_the_excerpt --><!-- AddThis Share Buttons generic via filter on get_the_excerpt --><\/p>\n","protected":false},"author":1,"featured_media":0,"comment_status":"open","ping_status":"open","sticky":false,"template":"","format":"standard","meta":[],"categories":[8],"tags":[],"_links":{"self":[{"href":"https:\/\/amagep.co.za\/fr\/wp-json\/wp\/v2\/posts\/715"}],"collection":[{"href":"https:\/\/amagep.co.za\/fr\/wp-json\/wp\/v2\/posts"}],"about":[{"href":"https:\/\/amagep.co.za\/fr\/wp-json\/wp\/v2\/types\/post"}],"author":[{"embeddable":true,"href":"https:\/\/amagep.co.za\/fr\/wp-json\/wp\/v2\/users\/1"}],"replies":[{"embeddable":true,"href":"https:\/\/amagep.co.za\/fr\/wp-json\/wp\/v2\/comments?post=715"}],"version-history":[{"count":0,"href":"https:\/\/amagep.co.za\/fr\/wp-json\/wp\/v2\/posts\/715\/revisions"}],"wp:attachment":[{"href":"https:\/\/amagep.co.za\/fr\/wp-json\/wp\/v2\/media?parent=715"}],"wp:term":[{"taxonomy":"category","embeddable":true,"href":"https:\/\/amagep.co.za\/fr\/wp-json\/wp\/v2\/categories?post=715"},{"taxonomy":"post_tag","embeddable":true,"href":"https:\/\/amagep.co.za\/fr\/wp-json\/wp\/v2\/tags?post=715"}],"curies":[{"name":"wp","href":"https:\/\/api.w.org\/{rel}","templated":true}]}}