{"id":713,"date":"2017-07-03T15:08:42","date_gmt":"2017-07-03T15:08:42","guid":{"rendered":"https:\/\/amagep.co.za\/fr\/2017\/07\/03\/lallemagne-remporte-sa-premiere-coupe-des-confederations-face-au-chili-1-0\/"},"modified":"2017-07-03T15:08:42","modified_gmt":"2017-07-03T15:08:42","slug":"lallemagne-remporte-sa-premiere-coupe-des-confederations-face-au-chili-1-0","status":"publish","type":"post","link":"https:\/\/amagep.co.za\/fr\/lallemagne-remporte-sa-premiere-coupe-des-confederations-face-au-chili-1-0\/","title":{"rendered":"L&rsquo;Allemagne remporte sa premi\u00e8re Coupe des conf\u00e9d\u00e9rations face au Chili 1-0"},"content":{"rendered":"<p><img src=\"http:\/\/scd.france24.com\/fr\/files_fr\/imagecache\/france24_ct_api_bigger_169\/article\/image\/confederations-cup-germany-win.jpg\" border=\"0\" \/><\/p>\n<p class=\"author\">\u00a0<\/p>\n<p class=\"modification\">\u00a0<\/p>\n<p>\u00a0<\/p>\n<h2 \/>L&rsquo;\u00e9quipe allemande de football, championne du monde en  titre, a remport\u00e9 la premi\u00e8re Coupe des conf\u00e9d\u00e9rations de son histoire,  en battant le Chili 1-0, dimanche soir \u00e0 Saint-P\u00e9tersbourg.    <!--more-->  <\/h2>\n<p>\u00a0<\/p>\n<p>Venue avec son \u00e9quipe B, repartie avec le troph\u00e9e : l&rsquo;<a href=\"http:\/\/www.france24.com\/fr\/tag\/allemagne\/\" target=\"_blank\">Allemagne<\/a> a d\u00e9croch\u00e9 sa premi\u00e8re <a href=\"http:\/\/www.france24.com\/fr\/tag\/coupe-confederations\/\" target=\"_blank\">Coupe des Conf\u00e9d\u00e9rations<\/a> en battant le Chili (1-0) en finale de l&rsquo;\u00e9dition 2017, dimanche 2 juillet \u00e0 Saint-P\u00e9tersbourg.<\/p>\n<p>Les champions du monde succ\u00e8dent, au palmar\u00e8s, au Br\u00e9sil,  triple tenant du titre, et esp\u00e8rent d\u00e9sormais rompre la mal\u00e9diction qui a  vu les vainqueurs des neuf \u00e9ditions tous \u00e9chouer \u00e0 remporter le Mondial  dans la foul\u00e9e. Or, c&rsquo;est justement pour faire le doubl\u00e9 2014\/2018 que  l&rsquo;entra\u00eeneur Joachim L\u00f6w avait choisi d&rsquo;\u00e9viter \u00e0 ses titulaires de  disputer trois tournois en trois ans. Il n&rsquo;avait du coup convoqu\u00e9 que  trois champions du monde (Mustafi, Ginter et Draxler) au sein du groupe  le plus jeune du plateau russe, seulement 24 ans et 4 mois en moyenne.<\/p>\n<p>\u00a0<\/p>\n<p>Il a pu faire une revue d&rsquo;effectif qui a permis des  confirmations (Ter Stegen, R\u00fcdiger, Kimmich, Hector), des r\u00e9v\u00e9lations  (Rudy, Goretzka, Stindl, Werner) et des promesses (Can, Henrichs,  Brandt), le tout en empilant douze buts en cinq matches.<\/p>\n<p>\u00a0<\/p>\n<p>Les Chiliens ont perdu le match sur une \u00e9norme erreur : Diaz  se faisait subtiliser le ballon devant sa surface par Werner qui  n&rsquo;avait plus qu&rsquo;\u00e0 servir Stindl, poussant le ballon dans la cage vide  pour ouvrir le score (20<sup>e<\/sup>). Stindl rejoignait ainsi ses co\u00e9quipiers Werner et Goretzka en t\u00eate du classement des buteurs (3 r\u00e9alisations chacun).<\/p>\n<p>\u00a0<\/p>\n<p>Pourtant, les Allemands ont souffert. Des joueurs qui  s&rsquo;\u00e9taient comport\u00e9s en valeurs s\u00fbres au fil du tournoi, notamment les  paires de lat\u00e9raux Kimmich-Hector et de r\u00e9cup\u00e9rateurs Rudy-Goretzka, ont  subi la pression du Chili et notoirement de Vidal, combattant  omnipr\u00e9sent au volume impressionnant.<\/p>\n<p>\u00a0<\/p>\n<p>La Mannschaft a manqu\u00e9 de pr\u00e9cision au moment de conclure ses contre-attaques, comme ces tentatives excentr\u00e9es de Goretzka (36<sup>e<\/sup>, 45<sup>e<\/sup>) ou ce raid de Draxler dont la frappe \u00e9tait d\u00e9vi\u00e9e en corner (55<sup>e<\/sup>).<\/p>\n<p>\u00a0<\/p>\n<p>Le capitaine Julian Draxler a \u00e9t\u00e9 \u00e9lu meilleur joueur de la  Coupe par un groupe technique de la Fifa apr\u00e8s la finale. C&rsquo;est la  l\u00e9gende Diego Maradona qui lui a remis son troph\u00e9e.<\/p>\n<p>\u00a0<\/p>\n<p>Source<\/p>\n<p>\u00a0<\/p>\n<p><a href=\"http:\/\/www.france24.com\/fr\/20170702-coupe-confederations-russie-allemagne-gagne-finale-chili-1-0-champion-monde-titre\" title=\"www.france24.com\">France24.com<\/a><\/p>\n<p>\u00a0<\/p>\n<p><em> <\/em><\/p>\n<!-- AddThis Advanced Settings generic via filter on the_content --><!-- AddThis Share Buttons generic via filter on the_content -->","protected":false},"excerpt":{"rendered":"<p>\u00a0 \u00a0 \u00a0 L&rsquo;\u00e9quipe allemande de football, championne du monde en titre, a remport\u00e9 la&#8230;<!-- AddThis Advanced Settings generic via filter on get_the_excerpt --><!-- AddThis Share Buttons generic via filter on get_the_excerpt --><\/p>\n","protected":false},"author":1,"featured_media":0,"comment_status":"open","ping_status":"open","sticky":false,"template":"","format":"standard","meta":[],"categories":[7],"tags":[],"_links":{"self":[{"href":"https:\/\/amagep.co.za\/fr\/wp-json\/wp\/v2\/posts\/713"}],"collection":[{"href":"https:\/\/amagep.co.za\/fr\/wp-json\/wp\/v2\/posts"}],"about":[{"href":"https:\/\/amagep.co.za\/fr\/wp-json\/wp\/v2\/types\/post"}],"author":[{"embeddable":true,"href":"https:\/\/amagep.co.za\/fr\/wp-json\/wp\/v2\/users\/1"}],"replies":[{"embeddable":true,"href":"https:\/\/amagep.co.za\/fr\/wp-json\/wp\/v2\/comments?post=713"}],"version-history":[{"count":0,"href":"https:\/\/amagep.co.za\/fr\/wp-json\/wp\/v2\/posts\/713\/revisions"}],"wp:attachment":[{"href":"https:\/\/amagep.co.za\/fr\/wp-json\/wp\/v2\/media?parent=713"}],"wp:term":[{"taxonomy":"category","embeddable":true,"href":"https:\/\/amagep.co.za\/fr\/wp-json\/wp\/v2\/categories?post=713"},{"taxonomy":"post_tag","embeddable":true,"href":"https:\/\/amagep.co.za\/fr\/wp-json\/wp\/v2\/tags?post=713"}],"curies":[{"name":"wp","href":"https:\/\/api.w.org\/{rel}","templated":true}]}}