{"id":709,"date":"2017-05-23T17:49:12","date_gmt":"2017-05-23T17:49:12","guid":{"rendered":"https:\/\/amagep.co.za\/fr\/2017\/05\/23\/2017-celebration-de-la-semaine-africaine-tous-pour-une-afrique-meilleur\/"},"modified":"2017-05-23T17:49:12","modified_gmt":"2017-05-23T17:49:12","slug":"2017-celebration-de-la-semaine-africaine-tous-pour-une-afrique-meilleur","status":"publish","type":"post","link":"https:\/\/amagep.co.za\/fr\/2017-celebration-de-la-semaine-africaine-tous-pour-une-afrique-meilleur\/","title":{"rendered":"2017 celebration de la semaine Africaine : \u201cTous pour une Afrique Meilleur\u201d"},"content":{"rendered":"<p>\u00a0<\/p>\n<p class=\"MsoNormal\">\u00a0<\/p>\n<p class=\"MsoNormal\"><img loading=\"lazy\" class=\" size-full wp-image-708\" src=\"https:\/\/amagep.co.za\/fr\/wp-content\/uploads\/2017\/05\/africaweek.jpg\" border=\"0\" width=\"530\" height=\"495\" \/><\/p>\n<p class=\"MsoNormal\">Cr\u00e9e en 2010 , la semaine Africaine est <span style=\"mso-spacerun: yes;\"> <\/span>un <span style=\"mso-spacerun: yes;\"> <\/span>\u00e9venement <span style=\"mso-spacerun: yes;\"> <\/span>Pan-africain qui a pour but de presenter la culture riche et diverse de l\u2019Afrique.<\/p>\n<p class=\"MsoNormal\">\u00a0<\/p>\n<p>La semaine Africaine c\u00e9l\u00e8bre ainsi les 23 ann\u00e9es de Democratie et honeurs<span style=\"mso-spacerun: yes;\"> <\/span>a la legend DR Tambo Oliva qui va du 20 au 27 May 2017.<\/p>\n<p>  <!--more-->  <\/p>\n<p>\u00a0<\/p>\n<p class=\"MsoNormal\">\u00a0<\/p>\n<p class=\"MsoNormal\">Trois (3) importantes dates sont a retenir <span style=\"mso-spacerun: yes;\"> <\/span><span style=\"mso-spacerun: yes;\"> <\/span>pour cette semaine.<\/p>\n<p class=\"MsoNormal\">23 Mai 2017 : Film et reflection apr\u00e8s Film.<\/p>\n<p class=\"MsoNormal\">Venue: Holaucost center <span style=\"mso-spacerun: yes;\"> <\/span><\/p>\n<p class=\"MsoNormal\">25 Mai 2017: travail d\u2019atelier <span style=\"mso-spacerun: yes;\"> <\/span><span style=\"mso-spacerun: yes;\"> <\/span>des femmes pan-Africaines<\/p>\n<p class=\"MsoNormal\">Venue : Yeoville Recr\u00e9ation Center<\/p>\n<p class=\"MsoNormal\">\u00a0<\/p>\n<p class=\"MsoNormal\">27 May2017 : Parade et Muisique en directe<\/p>\n<p class=\"MsoNormal\">Venue : Bernato School Park Berea , JHB<\/p>\n<p class=\"MsoNormal\">Temps : 09 h00 AM \u2013 17 H00 PM <span style=\"mso-spacerun: yes;\"> <\/span><span style=\"mso-spacerun: yes;\"> <\/span><\/p>\n<p class=\"MsoNormal\">\u00a0<\/p>\n<p class=\"MsoNormal\"><span style=\"mso-spacerun: yes;\"><a href=\"http:\/\/www.adf.org.za\/index.php\" title=\"www.adf.org.za\">www.ADF.ORG.ZA<\/a><br \/><\/span><\/p>\n<p class=\"MsoNormal\">\u00a0<\/p>\n<p>\u00a0<\/p>\n<!-- AddThis Advanced Settings generic via filter on the_content --><!-- AddThis Share Buttons generic via filter on the_content -->","protected":false},"excerpt":{"rendered":"<p>\u00a0 \u00a0 Cr\u00e9e en 2010 , la semaine Africaine est un \u00e9venement Pan-africain qui a&#8230;<!-- AddThis Advanced Settings generic via filter on get_the_excerpt --><!-- AddThis Share Buttons generic via filter on get_the_excerpt --><\/p>\n","protected":false},"author":1,"featured_media":708,"comment_status":"open","ping_status":"open","sticky":false,"template":"","format":"standard","meta":[],"categories":[5],"tags":[],"_links":{"self":[{"href":"https:\/\/amagep.co.za\/fr\/wp-json\/wp\/v2\/posts\/709"}],"collection":[{"href":"https:\/\/amagep.co.za\/fr\/wp-json\/wp\/v2\/posts"}],"about":[{"href":"https:\/\/amagep.co.za\/fr\/wp-json\/wp\/v2\/types\/post"}],"author":[{"embeddable":true,"href":"https:\/\/amagep.co.za\/fr\/wp-json\/wp\/v2\/users\/1"}],"replies":[{"embeddable":true,"href":"https:\/\/amagep.co.za\/fr\/wp-json\/wp\/v2\/comments?post=709"}],"version-history":[{"count":0,"href":"https:\/\/amagep.co.za\/fr\/wp-json\/wp\/v2\/posts\/709\/revisions"}],"wp:featuredmedia":[{"embeddable":true,"href":"https:\/\/amagep.co.za\/fr\/wp-json\/wp\/v2\/media\/708"}],"wp:attachment":[{"href":"https:\/\/amagep.co.za\/fr\/wp-json\/wp\/v2\/media?parent=709"}],"wp:term":[{"taxonomy":"category","embeddable":true,"href":"https:\/\/amagep.co.za\/fr\/wp-json\/wp\/v2\/categories?post=709"},{"taxonomy":"post_tag","embeddable":true,"href":"https:\/\/amagep.co.za\/fr\/wp-json\/wp\/v2\/tags?post=709"}],"curies":[{"name":"wp","href":"https:\/\/api.w.org\/{rel}","templated":true}]}}