{"id":707,"date":"2017-05-08T12:56:36","date_gmt":"2017-05-08T12:56:36","guid":{"rendered":"https:\/\/amagep.co.za\/fr\/2017\/05\/08\/emmanuel-macron-est-elu-president-de-la-republique-avec-661-des-voix\/"},"modified":"2017-05-08T12:56:36","modified_gmt":"2017-05-08T12:56:36","slug":"emmanuel-macron-est-elu-president-de-la-republique-avec-661-des-voix","status":"publish","type":"post","link":"https:\/\/amagep.co.za\/fr\/emmanuel-macron-est-elu-president-de-la-republique-avec-661-des-voix\/","title":{"rendered":"Emmanuel Macron est \u00e9lu pr\u00e9sident de la R\u00e9publique avec 66,1 % des voix"},"content":{"rendered":"<p><img class=\"lazy-retina\" src=\"http:\/\/s1.lemde.fr\/image\/2017\/05\/07\/534x0\/5123769_6_c920_emmanuel-macron-a-vote-dimanche-le-7-mai-au_b84d60439eb785f4f09638bcdfb980fd.jpg\" border=\"0\" alt=\"Emmanuel Macron a vot\u00e9 dimanche le 7 mai au Touquet.\" title=\"PHILIPPE WOJAZER \/ REUTERS\" width=\"534\" \/><\/p>\n<p>D\u2019apr\u00e8s les derniers chiffres du minist\u00e8re de l\u2019int\u00e9rieur, la candidate du Front national, Marine Le Pen, recueille 33,9 % des suffrages.<\/p>\n<p \/>Emmanuel Macron est devenu, dimanche 7 mai, le 25e pr\u00e9sident de la R\u00e9publique fran\u00e7aise, en remportant le second tour face \u00e0 Marine Le Pen. Selon les r\u00e9sultats quasi-d\u00e9finitifs du minist\u00e8re de l\u2019int\u00e9rieur, le candidat d\u2019En marche ! r\u00e9colte pr\u00e8s de 66,1 % des voix, face \u00e0 la candidate frontiste, qui en recueille, elle, 33,9 %.<br \/>A 39 ans, l\u2019ancien ministre de l\u2019\u00e9conomie devient le plus jeune pr\u00e9sident de la Ve R\u00e9publique, une hypoth\u00e8se invraisemblable il y a encore un an. Une \u00ab nouvelle page \u00bb s\u2019ouvre, a-t-il r\u00e9agi, souhaitant qu\u2019elle soit celle de \u00ab l\u2019espoir et de la confiance retrouv\u00e9s \u00bb.<br \/>  <!--more-->  <br \/>Un parcours \u00e9clair<br \/>Dipl\u00f4m\u00e9 de l\u2019Ecole nationale d\u2019administration, Emmanuel Macron a commenc\u00e9 sa carri\u00e8re dans l\u2019administration publique comme inspecteur des finances, avant de rejoindre la banque Rothschild, o\u00f9 il est rapidement promu associ\u00e9-g\u00e9rant. En 2012, il r\u00e9int\u00e8gre la fonction publique et est nomm\u00e9 secr\u00e9taire g\u00e9n\u00e9ral adjoint de l\u2019Elys\u00e9e avant de rejoindre Bercy comme ministre de l\u2019\u00e9conomie, o\u00f9 il donnera son nom au projet de loi pour la croissance, l\u2019activit\u00e9 et l\u2019\u00e9galit\u00e9 des chances \u00e9conomiques.<br \/>Le 6 avril 2016, Emmanuel Macron, alors ministre de l\u2019\u00e9conomie du gouvernement de Manuel Valls, lance son mouvement, qu\u2019il baptise En marche !. Le 30 ao\u00fbt, il pr\u00e9sente sa d\u00e9mission. La voie est alors libre pour une candidature \u00e0 l\u2019Elys\u00e9e. Le 16 novembre 2016, l\u2019ancien banquier annonce qu\u2019il est officiellement candidat \u00e0 la pr\u00e9sidence de la R\u00e9publique.<\/p>\n<p>Emmanuel Macron \u00e9tait d\u00e9j\u00e0 arriv\u00e9 en t\u00eate du scrutin avec 24,01 % des voix, tandis que Marine Le Pen s\u2019\u00e9tait qualifi\u00e9e au second tour avec 21,30 %, aux d\u00e9pens du candidat des R\u00e9publicains, Fran\u00e7ois Fillon (20,01 %), et de celui de La France insoumise, Jean-Luc M\u00e9lenchon (19,58 %).<br \/>Le candidat LR avait imm\u00e9diatement appel\u00e9 \u00e0 voter pour Emmanuel Macron, affirmant qu\u2019il n\u2019y avait \u00ab pas d\u2019autre choix que de voter contre l\u2019extr\u00eame droite \u00bb. En revanche, Jean-Luc M\u00e9lenchon avait choisi de ne pas donner de consigne de vote, annon\u00e7ant seulement que lui \u00ab ne votera[it] pas pour le Front national \u00bb. Consult\u00e9s par l\u2019interm\u00e9diaire du site Internet du mouvement, quelque 243 128 militants de Jean-Luc M\u00e9lenchon s\u2019\u00e9taient exprim\u00e9s \u00e0 36,12 % pour le vote blanc ou nul, 34,83 % pour le vote en faveur d\u2019Emmanuel Macron, et 29,05 % pour l\u2019abstention. Le candidat socialiste, Beno\u00eet Hamon, qui n\u2019avait r\u00e9colt\u00e9 que 6,36 % \u00e0 l\u2019issue du premier tour, avait lui appel\u00e9 \u00e0 voter pour Emmanuel Macron.<br \/>Selon les premi\u00e8res estimations, plus de 4 millions des \u00e9lecteurs qui se sont d\u00e9plac\u00e9s dimanche ont mis un bulletin blanc ou nul dans l\u2019urne, soit un record pour une \u00e9lection pr\u00e9sidentielle d\u00e9j\u00e0 marqu\u00e9e par une tr\u00e8s forte abstention (25,38 % des inscrits). Un chiffre l\u00e0 aussi record pour un second tour depuis l\u2019\u00e9lection pr\u00e9sidentielle de 1969. C\u2019est \u00e9galement la premi\u00e8re fois depuis 1969 que la participation du second tour est plus faible qu\u2019au premier. En effet, au premier tour, le 23 avril, la participation s\u2019\u00e9tait \u00e9lev\u00e9e \u00e0 77,77 %.<\/p>\n<p>Emmanuel Macron a promis, s\u2019il est \u00e9lu, de s\u2019engager sur six chantiers : \u00e9ducation et culture, soci\u00e9t\u00e9 du travail, modernisation de l\u2019\u00e9conomie, renforcer la s\u00e9curit\u00e9 de la nation, renouveau d\u00e9mocratique, relations internationales.<\/p>\n<p>Le candidat d\u2019En marche ! ambitionne ainsi de r\u00e9duire les d\u00e9penses publiques de 60 milliards d\u2019euros sur le quinquennat, essentiellement en r\u00e9duisant de 120 000 le nombre de fonctionnaires et en diminuant les dotations aux collectivit\u00e9s territoriales. Emmanuel Macron souhaite \u00e9galement supprimer la totalit\u00e9 des charges pour les salaires au smic ou encore suspendre le versement des allocations-ch\u00f4mage apr\u00e8s le refus de plus de deux offres d\u2019emploi \u00ab d\u00e9centes \u00bb. Le candidat souhaite cr\u00e9er un syst\u00e8me de retraite universel \u00ab avec des r\u00e8gles communes de calcul \u00bb et exon\u00e9rer, en trois ans, 80 % des foyers fran\u00e7ais de taxe d\u2019habitation.<br \/>Farouche d\u00e9fenseur de l\u2019Union europ\u00e9enne, Emmanuel Macron veut instituer un budget, un Parlement et un ministre des finances de la zone euro. Il pr\u00f4ne \u00e9galement le contr\u00f4le des investissements \u00e9trangers en Europe.<br \/>Enfin, l\u2019ancien ministre de l\u2019\u00e9conomie projette, s\u2019il est \u00e9lu, de r\u00e9duire \u00e0 50 % la part du nucl\u00e9aire dans la production d\u2019\u00e9nergie d\u2019ici \u00e0 2025. En mati\u00e8re de vie publique, le candidat veut interdire aux parlementaires d\u2019exercer des activit\u00e9s de conseil et d\u2019employer des membres de leur famille.<br \/>Emmanuel Macron est \u00e9lu pr\u00e9sident de la R\u00e9publique avec 66,1 % des voix<\/p>\n<p>D\u2019apr\u00e8s les derniers chiffres du minist\u00e8re de l\u2019int\u00e9rieur, la candidate du Front national, Marine Le Pen, recueille 33,9 % des suffrages.<\/p>\n<p>Emmanuel Macron est devenu, dimanche 7 mai, le 25e pr\u00e9sident de la R\u00e9publique fran\u00e7aise, en remportant le second tour face \u00e0 Marine Le Pen. Selon les r\u00e9sultats quasi-d\u00e9finitifs du minist\u00e8re de l\u2019int\u00e9rieur, le candidat d\u2019En marche ! r\u00e9colte pr\u00e8s de 66,1 % des voix, face \u00e0 la candidate frontiste, qui en recueille, elle, 33,9 %.<br \/>A 39 ans, l\u2019ancien ministre de l\u2019\u00e9conomie devient le plus jeune pr\u00e9sident de la Ve R\u00e9publique, une hypoth\u00e8se invraisemblable il y a encore un an. Une \u00ab nouvelle page \u00bb s\u2019ouvre, a-t-il r\u00e9agi, souhaitant qu\u2019elle soit celle de \u00ab l\u2019espoir et de la confiance retrouv\u00e9s \u00bb.<br \/>\u2022\u00a0\u00a0\u00a0 <br \/>Un parcours \u00e9clair<br \/>Dipl\u00f4m\u00e9 de l\u2019Ecole nationale d\u2019administration, Emmanuel Macron a commenc\u00e9 sa carri\u00e8re dans l\u2019administration publique comme inspecteur des finances, avant de rejoindre la banque Rothschild, o\u00f9 il est rapidement promu associ\u00e9-g\u00e9rant. En 2012, il r\u00e9int\u00e8gre la fonction publique et est nomm\u00e9 secr\u00e9taire g\u00e9n\u00e9ral adjoint de l\u2019Elys\u00e9e avant de rejoindre Bercy comme ministre de l\u2019\u00e9conomie, o\u00f9 il donnera son nom au projet de loi pour la croissance, l\u2019activit\u00e9 et l\u2019\u00e9galit\u00e9 des chances \u00e9conomiques.<br \/>Le 6 avril 2016, Emmanuel Macron, alors ministre de l\u2019\u00e9conomie du gouvernement de Manuel Valls, lance son mouvement, qu\u2019il baptise En marche !. Le 30 ao\u00fbt, il pr\u00e9sente sa d\u00e9mission. La voie est alors libre pour une candidature \u00e0 l\u2019Elys\u00e9e. Le 16 novembre 2016, l\u2019ancien banquier annonce qu\u2019il est officiellement candidat \u00e0 la pr\u00e9sidence de la R\u00e9publique.<\/p>\n<p>Emmanuel Macron \u00e9tait d\u00e9j\u00e0 arriv\u00e9 en t\u00eate du scrutin avec 24,01 % des voix, tandis que Marine Le Pen s\u2019\u00e9tait qualifi\u00e9e au second tour avec 21,30 %, aux d\u00e9pens du candidat des R\u00e9publicains, Fran\u00e7ois Fillon (20,01 %), et de celui de La France insoumise, Jean-Luc M\u00e9lenchon (19,58 %).<br \/>Le candidat LR avait imm\u00e9diatement appel\u00e9 \u00e0 voter pour Emmanuel Macron, affirmant qu\u2019il n\u2019y avait \u00ab pas d\u2019autre choix que de voter contre l\u2019extr\u00eame droite \u00bb. En revanche, Jean-Luc M\u00e9lenchon avait choisi de ne pas donner de consigne de vote, annon\u00e7ant seulement que lui \u00ab ne votera[it] pas pour le Front national \u00bb. Consult\u00e9s par l\u2019interm\u00e9diaire du site Internet du mouvement, quelque 243 128 militants de Jean-Luc M\u00e9lenchon s\u2019\u00e9taient exprim\u00e9s \u00e0 36,12 % pour le vote blanc ou nul, 34,83 % pour le vote en faveur d\u2019Emmanuel Macron, et 29,05 % pour l\u2019abstention. Le candidat socialiste, Beno\u00eet Hamon, qui n\u2019avait r\u00e9colt\u00e9 que 6,36 % \u00e0 l\u2019issue du premier tour, avait lui appel\u00e9 \u00e0 voter pour Emmanuel Macron.<br \/>Selon les premi\u00e8res estimations, plus de 4 millions des \u00e9lecteurs qui se sont d\u00e9plac\u00e9s dimanche ont mis un bulletin blanc ou nul dans l\u2019urne, soit un record pour une \u00e9lection pr\u00e9sidentielle d\u00e9j\u00e0 marqu\u00e9e par une tr\u00e8s forte abstention (25,38 % des inscrits). Un chiffre l\u00e0 aussi record pour un second tour depuis l\u2019\u00e9lection pr\u00e9sidentielle de 1969. C\u2019est \u00e9galement la premi\u00e8re fois depuis 1969 que la participation du second tour est plus faible qu\u2019au premier. En effet, au premier tour, le 23 avril, la participation s\u2019\u00e9tait \u00e9lev\u00e9e \u00e0 77,77 %.<\/p>\n<p>Emmanuel Macron a promis, s\u2019il est \u00e9lu, de s\u2019engager sur six chantiers : \u00e9ducation et culture, soci\u00e9t\u00e9 du travail, modernisation de l\u2019\u00e9conomie, renforcer la s\u00e9curit\u00e9 de la nation, renouveau d\u00e9mocratique, relations internationales.<\/p>\n<p>Le candidat d\u2019En marche ! ambitionne ainsi de r\u00e9duire les d\u00e9penses publiques de 60 milliards d\u2019euros sur le quinquennat, essentiellement en r\u00e9duisant de 120 000 le nombre de fonctionnaires et en diminuant les dotations aux collectivit\u00e9s territoriales. Emmanuel Macron souhaite \u00e9galement supprimer la totalit\u00e9 des charges pour les salaires au smic ou encore suspendre le versement des allocations-ch\u00f4mage apr\u00e8s le refus de plus de deux offres d\u2019emploi \u00ab d\u00e9centes \u00bb. Le candidat souhaite cr\u00e9er un syst\u00e8me de retraite universel \u00ab avec des r\u00e8gles communes de calcul \u00bb et exon\u00e9rer, en trois ans, 80 % des foyers fran\u00e7ais de taxe d\u2019habitation.<br \/>Farouche d\u00e9fenseur de l\u2019Union europ\u00e9enne, Emmanuel Macron veut instituer un budget, un Parlement et un ministre des finances de la zone euro. Il pr\u00f4ne \u00e9galement le contr\u00f4le des investissements \u00e9trangers en Europe.<br \/>Enfin, l\u2019ancien ministre de l\u2019\u00e9conomie projette, s\u2019il est \u00e9lu, de r\u00e9duire \u00e0 50 % la part du nucl\u00e9aire dans la production d\u2019\u00e9nergie d\u2019ici \u00e0 2025. En mati\u00e8re de vie publique, le candidat veut interdire aux parlementaires d\u2019exercer des activit\u00e9s de conseil et d\u2019employer des membres de leur famille.<br \/>S\u2019il se montre encore plus discret sur de futurs ministrables, M. Macron s\u2019est entour\u00e9 pendant sa campagne de plusieurs proches qui pourraient par la suite pr\u00e9tendre \u00e0 des maroquins. Tel Richard Ferrand, 54 ans, d\u00e9put\u00e9 socialiste du Finist\u00e8re depuis 2012 et ralli\u00e9 de la premi\u00e8re heure. Au sein du personnel politique, le candidat d\u2019En marche ! compte \u00e9galement parmi ses soutiens le ministre de la d\u00e9fense, Jean-Yves Le Drian, 69 ans, le maire MoDem de Pau, Fran\u00e7ois Bayrou, qui s\u2019est ralli\u00e9 \u00e0 lui pendant la campagne et a renonc\u00e9 \u00e0 se porter candidat, ou encore le maire socialiste de Lyon, G\u00e9rard Collomb.<\/p>\n<p>Pour \u00e9laborer son programme, M. Macron s\u2019est \u00e9galement entour\u00e9 d\u2019\u00e9conomistes tels que Jean Pisani-Ferry, ancien conseiller de Dominique Strauss-Kahn et de Christian Sautter \u00e0 Bercy, ou Philippe Martin, 50 ans, dipl\u00f4m\u00e9 de l\u2019universit\u00e9 de Georgetown, \u00e0 Washington, et son ancien collaborateur au minist\u00e8re de l\u2019\u00e9conomie.<\/p>\n<p>Au-del\u00e0 de la nomination du gouvernement et des c\u00e9r\u00e9monies officielles, Emmanuel Macron a promis d\u2019aller vite dans la mise en \u0153uvre de son programme. Mais il va lui falloir patienter encore un mois \u2013 et esp\u00e9rer que son mouvement remporte les l\u00e9gislatives \u2013 pour pouvoir engager ses premi\u00e8res mesures. Les d\u00e9put\u00e9s ne si\u00e8gent plus depuis fin f\u00e9vrier et ne voteront aucune loi avant l\u2019\u00e9lection de la nouvelle majorit\u00e9 parlementaire, en juin.<\/p>\n<p>Le nouveau chef de l\u2019Etat a cependant promis d\u2019\u00e9laborer un premier texte avant m\u00eame les \u00e9lections l\u00e9gislatives et il ne s\u2019agit pas de la r\u00e9forme du droit du travail. Sur France 2, il s\u2019est engag\u00e9, jeudi 4 mai, \u00e0 pr\u00e9senter son projet de loi de moralisation de la vie publique avant juin, pour qu\u2019il soit \u00ab connu de tous les candidats et donc de tous les futurs parlementaires \u00bb.<\/p>\n<p>\u00a0<\/p>\n<p>\u00a0<\/p>\n<p>SOURCE<\/p>\n<p><a href=\"http:\/\/www.lemonde.fr\/election-presidentielle-2017\/article\/2017\/05\/07\/emmanuel-macron-est-elu-president-de-la-republique-avec-65-1-des-voix-estimation-ipsos_5123779_4854003.html\" title=\"www.lemonde.fr\">LEMONDE.FR<\/a><\/p>\n<!-- AddThis Advanced Settings generic via filter on the_content --><!-- AddThis Share Buttons generic via filter on the_content -->","protected":false},"excerpt":{"rendered":"<p>D\u2019apr\u00e8s les derniers chiffres du minist\u00e8re de l\u2019int\u00e9rieur, la candidate du Front national, Marine Le&#8230;<!-- AddThis Advanced Settings generic via filter on get_the_excerpt --><!-- AddThis Share Buttons generic via filter on get_the_excerpt --><\/p>\n","protected":false},"author":1,"featured_media":0,"comment_status":"open","ping_status":"open","sticky":false,"template":"","format":"standard","meta":[],"categories":[6],"tags":[],"_links":{"self":[{"href":"https:\/\/amagep.co.za\/fr\/wp-json\/wp\/v2\/posts\/707"}],"collection":[{"href":"https:\/\/amagep.co.za\/fr\/wp-json\/wp\/v2\/posts"}],"about":[{"href":"https:\/\/amagep.co.za\/fr\/wp-json\/wp\/v2\/types\/post"}],"author":[{"embeddable":true,"href":"https:\/\/amagep.co.za\/fr\/wp-json\/wp\/v2\/users\/1"}],"replies":[{"embeddable":true,"href":"https:\/\/amagep.co.za\/fr\/wp-json\/wp\/v2\/comments?post=707"}],"version-history":[{"count":0,"href":"https:\/\/amagep.co.za\/fr\/wp-json\/wp\/v2\/posts\/707\/revisions"}],"wp:attachment":[{"href":"https:\/\/amagep.co.za\/fr\/wp-json\/wp\/v2\/media?parent=707"}],"wp:term":[{"taxonomy":"category","embeddable":true,"href":"https:\/\/amagep.co.za\/fr\/wp-json\/wp\/v2\/categories?post=707"},{"taxonomy":"post_tag","embeddable":true,"href":"https:\/\/amagep.co.za\/fr\/wp-json\/wp\/v2\/tags?post=707"}],"curies":[{"name":"wp","href":"https:\/\/api.w.org\/{rel}","templated":true}]}}