{"id":702,"date":"2016-12-07T16:29:23","date_gmt":"2016-12-07T16:29:23","guid":{"rendered":"https:\/\/amagep.co.za\/fr\/2016\/12\/07\/journee-de-priere-adoration-et-louange-avec-esther-akawa-pour-la-paix-en-rdc-organisee-par-jrg-p\/"},"modified":"2016-12-07T16:29:23","modified_gmt":"2016-12-07T16:29:23","slug":"journee-de-priere-adoration-et-louange-avec-esther-akawa-pour-la-paix-en-rdc-organisee-par-jrg-p","status":"publish","type":"post","link":"https:\/\/amagep.co.za\/fr\/journee-de-priere-adoration-et-louange-avec-esther-akawa-pour-la-paix-en-rdc-organisee-par-jrg-p\/","title":{"rendered":"Journ\u00e9e de Pri\u00e8re, Adoration et Louange avec Esther Akawa pour la paix en RDC organis\u00e9e par  JRG P"},"content":{"rendered":"<p style=\"text-align: justify;\"><img loading=\"lazy\" class=\" size-full wp-image-701\" src=\"https:\/\/amagep.co.za\/fr\/wp-content\/uploads\/2016\/12\/esther_kawawa.jpg\" border=\"0\" width=\"498\" height=\"427\" \/><\/p>\n<p><strong> <\/strong><\/p>\n<p class=\"MsoNormal\" style=\"mso-margin-top-alt: auto; mso-margin-bottom-alt: auto; text-align: justify; line-height: normal;\"><strong><span style=\"font-family: \">Consid\u00e9rant l\u2019incertitude politique qui pr\u00e9vaut dans le monde et en R\u00e9publique D\u00e9mocratique du Congo en ces jours, la communaut\u00e9 Congolaise de l\u2019Afrique du Sud avait tenu \u00e0 reconnaitre la grandeur de J\u00e9sus Christ en organisant le 26 Novembre 2016 une journ\u00e9e de pri\u00e8re, adoration et louange \u00e0 Johannesbourg afin d\u2019abandonner la RDC, son peuple et son \u00e9lites dans les mains de Christ. <\/span><span style=\"mso-fareast-font-family: \"> <\/span><\/strong><\/p>\n<p><strong> <\/strong><\/p>\n<p>  <!--more-->  <\/p>\n<p><strong> <\/strong><\/p>\n<p>\u00a0<\/p>\n<p><span style=\"font-family: \">Cette prise de conscience est n\u00e9e \u00e0 partir de difficult\u00e9 que rencontre l\u2019homme politique pour trouver de rem\u00e8de \u00e0 l\u2019incertitude politique que connait le pays actuellement. Au fait, la population Congolaise de Johannesbourg a compris les limites des politiques \u00e0 rencontrer leurs aspirations les plus profondes sur le plan politique, social, \u00e9conomique et culturel.\u00a0 C\u2019est ainsi que cette journ\u00e9e de pri\u00e8re, adoration et louange \u00e9tait organis\u00e9e avec la S\u0153ur Esther Akawa et son mari Jean Claude Tshituka venue tout droit de Kinshasa sur le territoire Sud Africain juste <span style=\"mso-spacerun: yes;\"> <\/span><span style=\"mso-spacerun: yes;\"> <\/span>pour rapprocher les enfants de Dieu de leur P\u00e8re et abandonner le Congo dans les mains du Seigneur dans cette p\u00e9riode de turbulence et impasse sociopolitique. <\/span><\/p>\n<p class=\"MsoNormal\" style=\"mso-margin-top-alt: auto; mso-margin-bottom-alt: auto; text-align: justify; line-height: normal;\"><span style=\"font-family: \"><br \/><\/span><\/p>\n<p class=\"MsoNormal\" style=\"mso-margin-top-alt: auto; mso-margin-bottom-alt: auto; text-align: justify; line-height: normal;\"><span style=\"mso-fareast-font-family: \"><span style=\"mso-spacerun: yes;\"> <\/span><\/span><\/p>\n<p><span style=\"font-family: \"> <\/span><span style=\"font-family: \">En d\u00e9finitive, cette journ\u00e9e \u00e9tait couronn\u00e9e de succ\u00e8s \u00e9tant donn\u00e9 la d\u00e9termination et le nombre \u00e9lev\u00e9 de Congolais pour prendre part \u00e0 cette journ\u00e9e d\u00e9di\u00e9e \u00e0 Dieu et au Congo pour la paix durable et son d\u00e9veloppement. Il est aussi important de signaler que cette journ\u00e9e \u00e9tait une r\u00e9ussite totale suite \u00e0 un bon climat ou pluie n\u2019avait pas touch\u00e9 le lieu du concert (Yeoville) alors que d\u2019autres places \u00e9taient affect\u00e9es. L\u2019\u00e9v\u00e8nement s\u2019\u00e9tait d\u00e9rouler dans la paix et \u00e7a \u00e9tait un rappel historique et miraculeux o\u00f9 les Congolais en associant Dieu dans la pri\u00e8re et \u00e0 genou avaient su d\u00e9jouer le complot machiav\u00e9lique contre le Congo le 02\/08\/1998. A cause de cette journ\u00e9e r\u00e9ussie la maison JRG Production \u00a0remercient toutes les couches de la communaut\u00e9 Congolaise de Johannesbourg, la S\u0153ur Esther Akawa et son mari JC Tshituka, Mr. Alexis Belesi Sandrecky, Patriques Tshibambe, Soeur Olga Mbwimi, Jean Mvuama , les musiciens chr\u00e9tiens de Johannesbourg qui avaient accompagn\u00e9 la S\u0153ur Esther Akawa Tshituka, les m\u00e9dias\u00a0 et le corps du Christ dans son ensemble ainsi que l\u2019\u00e9glise Bethsaida \u00a0Shekina que dirige le proph\u00e8te Dodo Kamba Cit\u00e9 Salongo Sud C\/LEMBA en RDC.<\/span><\/p>\n<p>\u00a0<\/p>\n<p>\u00a0<\/p>\n<p>\u00a0<\/p>\n<!-- AddThis Advanced Settings generic via filter on the_content --><!-- AddThis Share Buttons generic via filter on the_content -->","protected":false},"excerpt":{"rendered":"<p>Consid\u00e9rant l\u2019incertitude politique qui pr\u00e9vaut dans le monde et en R\u00e9publique D\u00e9mocratique du Congo en&#8230;<!-- AddThis Advanced Settings generic via filter on get_the_excerpt --><!-- AddThis Share Buttons generic via filter on get_the_excerpt --><\/p>\n","protected":false},"author":1,"featured_media":701,"comment_status":"open","ping_status":"open","sticky":false,"template":"","format":"standard","meta":[],"categories":[8],"tags":[],"_links":{"self":[{"href":"https:\/\/amagep.co.za\/fr\/wp-json\/wp\/v2\/posts\/702"}],"collection":[{"href":"https:\/\/amagep.co.za\/fr\/wp-json\/wp\/v2\/posts"}],"about":[{"href":"https:\/\/amagep.co.za\/fr\/wp-json\/wp\/v2\/types\/post"}],"author":[{"embeddable":true,"href":"https:\/\/amagep.co.za\/fr\/wp-json\/wp\/v2\/users\/1"}],"replies":[{"embeddable":true,"href":"https:\/\/amagep.co.za\/fr\/wp-json\/wp\/v2\/comments?post=702"}],"version-history":[{"count":0,"href":"https:\/\/amagep.co.za\/fr\/wp-json\/wp\/v2\/posts\/702\/revisions"}],"wp:featuredmedia":[{"embeddable":true,"href":"https:\/\/amagep.co.za\/fr\/wp-json\/wp\/v2\/media\/701"}],"wp:attachment":[{"href":"https:\/\/amagep.co.za\/fr\/wp-json\/wp\/v2\/media?parent=702"}],"wp:term":[{"taxonomy":"category","embeddable":true,"href":"https:\/\/amagep.co.za\/fr\/wp-json\/wp\/v2\/categories?post=702"},{"taxonomy":"post_tag","embeddable":true,"href":"https:\/\/amagep.co.za\/fr\/wp-json\/wp\/v2\/tags?post=702"}],"curies":[{"name":"wp","href":"https:\/\/api.w.org\/{rel}","templated":true}]}}