{"id":700,"date":"2016-11-09T16:57:57","date_gmt":"2016-11-09T16:57:57","guid":{"rendered":"https:\/\/amagep.co.za\/fr\/2016\/11\/09\/presidentielle-americaine-donald-trump-livre-un-discours-a-contre-courant-de-sa-campagne\/"},"modified":"2016-11-09T16:57:57","modified_gmt":"2016-11-09T16:57:57","slug":"presidentielle-americaine-donald-trump-livre-un-discours-a-contre-courant-de-sa-campagne","status":"publish","type":"post","link":"https:\/\/amagep.co.za\/fr\/presidentielle-americaine-donald-trump-livre-un-discours-a-contre-courant-de-sa-campagne\/","title":{"rendered":"Pr\u00e9sidentielle am\u00e9ricaine: Donald Trump livre un discours \u00e0 contre-courant de sa campagne"},"content":{"rendered":"<p class=\"canvas-text Mb(1.0em) Mb(0)--sm Mt(0.8em)--sm canvas-atom\" style=\"letter-spacing: 0.01em;\"><strong>ETATS-UNIS &#8211; Donald Trump a \u00e9t\u00e9 \u00e9lu ce mercredi 45e pr\u00e9sident des Etats-Unis&#8230;<\/strong><\/p>\n<p class=\"canvas-text Mb(1.0em) Mb(0)--sm Mt(0.8em)--sm canvas-atom\" style=\"letter-spacing: 0.01em;\">Apr\u00e8s l\u2019annonce des r\u00e9sultats, Donald Trump a pris la parole ce mercredi \u00e0 New York, \u00e0 l\u2019h\u00f4tel Hilton. Le<\/p>\n<p class=\"canvas-text Mb(1.0em) Mb(0)--sm Mt(0.8em)--sm canvas-atom\" style=\"letter-spacing: 0.01em;\">45\u00e8me pr\u00e9sident des Etats-Unis a livr\u00e9 un<\/p>\n<p class=\"canvas-text Mb(1.0em) Mb(0)--sm Mt(0.8em)--sm canvas-atom\" style=\"letter-spacing: 0.01em;\" \/>discours de quinze minutes assez consensuel, \u00e0 contre-courant du ton adopt\u00e9 pendant sa campagne, dont voici les temps forts.  <!--more-->  <\/p>\n<p class=\"canvas-text Mb(1.0em) Mb(0)--sm Mt(0.8em)--sm canvas-atom\" style=\"letter-spacing: 0.01em;\"><strong>>> Trump \u00e9lu pr\u00e9sident: Suivez les \u00e9v\u00e9nements en direct par ici<\/strong><\/p>\n<p class=\"canvas-text Mb(1.0em) Mb(0)--sm Mt(0.8em)--sm canvas-atom\" style=\"letter-spacing: 0.01em;\">1. Un Donald Trump \u00e9tonn\u00e9\u00a0?<\/p>\n<p class=\"canvas-text Mb(1.0em) Mb(0)--sm Mt(0.8em)--sm canvas-atom\" style=\"letter-spacing: 0.01em;\">S\u2019attendait-il  \u00e0 gagner\u00a0?\u00a0S\u2019il \u00e9tait surpris de sa propre victoire, Donald Trump n\u2019en a  rien montr\u00e9. Il a en tout cas temporis\u00e9 au d\u00e9but de son allocution,  parlant plus lentement que de coutume, et r\u00e9p\u00e9tant \u00ab\u00a0merci, merci  beaucoup\u00a0\u00bb.<\/p>\n<p class=\"canvas-text Mb(1.0em) Mb(0)--sm Mt(0.8em)--sm canvas-atom\" style=\"letter-spacing: 0.01em;\">2. Pas\u00a0d\u2019insultes \u00e0 Hillary Clinton<\/p>\n<p class=\"canvas-text Mb(1.0em) Mb(0)--sm Mt(0.8em)--sm canvas-atom\" style=\"letter-spacing: 0.01em;\">Le  milliardaire affublait quasi syst\u00e9matiquement sa rivale de l\u2019adjectif  \u00ab\u00a0corrompue\u00a0\u00bb pendant la campagne (\u00ab\u00a0Crooked Hillary\u00a0\u00bb en VO). Mais ce  mercredi, aucun nom d\u2019oiseaux pour Hillary Clinton, sobrement appel\u00e9e  par son pr\u00e9nom, ou bien \u00ab\u00a0ancienne secr\u00e9taire d\u2019Etat\u00a0\u00bb. Le candidat  r\u00e9publicain s\u2019est pay\u00e9 le luxe d\u2019\u00eatre fair-play, reconnaissant la  combativit\u00e9 de sa rivale et la f\u00e9licitant pour sa campagne. \u00ab\u00a0Je viens  de recevoir un appel de la secr\u00e9taire d\u2019Etat Clinton, qui nous a  f\u00e9licit\u00e9s pour notre victoire, et je l\u2019ai f\u00e9licit\u00e9e pour cette dure et  longue campagne (\u2026) Nous devons\u00a0\u00eatre reconnaissants pour tout ce qu\u2019elle  fait pour ce pays\u00a0\u00bb.<\/p>\n<p class=\"canvas-text Mb(1.0em) Mb(0)--sm Mt(0.8em)--sm canvas-atom\" style=\"letter-spacing: 0.01em;\"><strong>>> A lire aussi : Les trois dossiers qui ont plomb\u00e9 la campagne de Hillary Clinton<\/strong><\/p>\n<p class=\"canvas-text Mb(1.0em) Mb(0)--sm Mt(0.8em)--sm canvas-atom\" style=\"letter-spacing: 0.01em;\">3. Un discours de rassembleur<\/p>\n<p class=\"canvas-text Mb(1.0em) Mb(0)--sm Mt(0.8em)--sm canvas-atom\" style=\"letter-spacing: 0.01em;\">\u00ab\u00a0Il est temps pour l\u2019Am\u00e9rique de panser les blessures de la division,  il est temps de se rassembler, comme un peuple uni. Je serai le  pr\u00e9sident de tous les Am\u00e9ricains\u00a0\u00bb. La posture est assez classique pour  un pr\u00e9sident fra\u00eechement \u00e9lu, mais peut surprendre\u00a0venant du tr\u00e8s  clivant Donald Trump. Le magnat de l\u2019immobilier s\u2019est adress\u00e9 aux  \u00ab\u00a0nombreux\u00a0\u00bb (selon ses propres termes) \u00e9lecteurs qui n\u2019ont pas vot\u00e9  pour lui\u00a0:\u00a0\u00ab\u00a0notre mouvement est compos\u00e9 d\u2019Am\u00e9ricains de toutes sortes  d\u2019origines<\/p>\n<p class=\"canvas-text Mb(1.0em) Mb(0)--sm Mt(0.8em)--sm canvas-atom\" style=\"letter-spacing: 0.01em;\">\u00a0<\/p>\n<p class=\"canvas-text Mb(1.0em) Mb(0)--sm Mt(0.8em)--sm canvas-atom\" style=\"letter-spacing: 0.01em;\">\u00a0<\/p>\n<p class=\"canvas-text Mb(1.0em) Mb(0)--sm Mt(0.8em)--sm canvas-atom\" style=\"letter-spacing: 0.01em;\">Source<\/p>\n<p class=\"canvas-text Mb(1.0em) Mb(0)--sm Mt(0.8em)--sm canvas-atom\" style=\"letter-spacing: 0.01em;\"><a href=\"https:\/\/fr.news.yahoo.com\/trump-pr%C3%A9sident-qu-faut-retenir-premier-discours-%C3%A0-095659848.html\" title=\"yahoo.com\">fr.news.yahoo.com<\/a><\/p>\n<!-- AddThis Advanced Settings generic via filter on the_content --><!-- AddThis Share Buttons generic via filter on the_content -->","protected":false},"excerpt":{"rendered":"<p>ETATS-UNIS &#8211; Donald Trump a \u00e9t\u00e9 \u00e9lu ce mercredi 45e pr\u00e9sident des Etats-Unis&#8230; Apr\u00e8s l\u2019annonce&#8230;<!-- AddThis Advanced Settings generic via filter on get_the_excerpt --><!-- AddThis Share Buttons generic via filter on get_the_excerpt --><\/p>\n","protected":false},"author":1,"featured_media":0,"comment_status":"open","ping_status":"open","sticky":false,"template":"","format":"standard","meta":[],"categories":[6],"tags":[],"_links":{"self":[{"href":"https:\/\/amagep.co.za\/fr\/wp-json\/wp\/v2\/posts\/700"}],"collection":[{"href":"https:\/\/amagep.co.za\/fr\/wp-json\/wp\/v2\/posts"}],"about":[{"href":"https:\/\/amagep.co.za\/fr\/wp-json\/wp\/v2\/types\/post"}],"author":[{"embeddable":true,"href":"https:\/\/amagep.co.za\/fr\/wp-json\/wp\/v2\/users\/1"}],"replies":[{"embeddable":true,"href":"https:\/\/amagep.co.za\/fr\/wp-json\/wp\/v2\/comments?post=700"}],"version-history":[{"count":0,"href":"https:\/\/amagep.co.za\/fr\/wp-json\/wp\/v2\/posts\/700\/revisions"}],"wp:attachment":[{"href":"https:\/\/amagep.co.za\/fr\/wp-json\/wp\/v2\/media?parent=700"}],"wp:term":[{"taxonomy":"category","embeddable":true,"href":"https:\/\/amagep.co.za\/fr\/wp-json\/wp\/v2\/categories?post=700"},{"taxonomy":"post_tag","embeddable":true,"href":"https:\/\/amagep.co.za\/fr\/wp-json\/wp\/v2\/tags?post=700"}],"curies":[{"name":"wp","href":"https:\/\/api.w.org\/{rel}","templated":true}]}}