{"id":70,"date":"2009-01-27T12:19:49","date_gmt":"2009-01-27T12:19:49","guid":{"rendered":"https:\/\/amagep.co.za\/fr\/2009\/01\/27\/avis-aux-medias\/"},"modified":"2009-01-27T12:19:49","modified_gmt":"2009-01-27T12:19:49","slug":"avis-aux-medias","status":"publish","type":"post","link":"https:\/\/amagep.co.za\/fr\/avis-aux-medias\/","title":{"rendered":"AVIS AUX M\u00c9DIAS"},"content":{"rendered":"<h2 align=\"center\"><\/h2>\n<h2 align=\"center\"><font face=\"Verdana\" size=\"4\">R\u00e9union \u00e0 Lisbonne du Forum mondial des politiques de t\u00e9l\u00e9communication  <!--more--> <\/font><\/h2>\n<h2 align=\"center\"><font face=\"Verdana\" size=\"3\">Dialogue strat\u00e9gique ax\u00e9 sur la crise financi\u00e8re \u00e0 laquelle doit faire face le secteur des TIC <\/font><\/h2>\n<h2 align=\"center\"><font face=\"Verdana\" size=\"3\"><a href=\"http:\/\/www.itu.int\/newsroom\/wtpf\/2009\/accredit\/\"><u><font color=\"#0000ff\">Accr\u00e9ditez-vous d\u00e8s maintenant<\/font><\/u><\/a> <\/font><\/h2>\n<p><strong><span><font face=\"Verdana\" size=\"2\"><\/p>\n<p>Gen\u00e8ve, le 27 janvier 2009<\/p>\n<p><\/font><\/span><\/strong><\/p>\n<table border=\"0\" cellspacing=\"0\" cellpadding=\"5\" width=\"100%\" dir=\"ltr\">\n<tbody>\n<tr>\n<td width=\"16%\" valign=\"top\"><span><font face=\"Verdana\" size=\"2\"><strong>Quoi:<\/strong><\/font><\/span><\/td>\n<td width=\"84%\" valign=\"top\"><span><font face=\"Verdana\" size=\"2\"><strong>Forum mondial des politiques de t\u00e9l\u00e9communications (FMPT) et Dialogue strat\u00e9gique sur les TIC: \u00ab\u00a0Faire face \u00e0 la crise\u00a0\u00bb<\/strong><\/font><\/span><\/td>\n<\/tr>\n<tr>\n<td width=\"16%\" valign=\"top\"><span><font face=\"Verdana\" size=\"2\"><strong>Quand:<\/strong><\/font><\/span><\/td>\n<td width=\"84%\" valign=\"top\"><span><font face=\"Verdana\" size=\"2\">21-24 avril 2009<\/font><\/span><\/td>\n<\/tr>\n<tr>\n<td width=\"16%\" valign=\"top\"><span><font face=\"Verdana\" size=\"2\"><strong>O\u00f9:<\/strong><\/font><\/span><\/td>\n<td width=\"84%\" valign=\"top\"><span><font face=\"Verdana\" size=\"2\">Centre de congr\u00e8s de Lisbonne (Portugal)<\/font><\/span><\/td>\n<\/tr>\n<tr>\n<td width=\"16%\" valign=\"top\"><span><font face=\"Verdana\" size=\"2\"><strong>Objectif:<\/strong><\/font><\/span><\/td>\n<td width=\"84%\" valign=\"top\"><span><font face=\"Verdana\" size=\"2\">D\u00e9bats consacr\u00e9 aux incidences de la crise financi\u00e8re sur le secteur des TIC; avis sur des questions d&rsquo;int\u00e9r\u00eat g\u00e9n\u00e9ral relatives \u00e0 l&rsquo;Internet, convergence, r\u00e9seaux de prochaine g\u00e9n\u00e9ration (NGN) et R\u00e8glement des t\u00e9l\u00e9communications internationales (RTI)<\/font><\/span><\/td>\n<\/tr>\n<tr>\n<td width=\"16%\" valign=\"top\"><span><font face=\"Verdana\" size=\"2\"><strong>Participants:<\/strong><\/font><\/span><\/td>\n<td width=\"84%\" valign=\"top\"><span><font face=\"Verdana\" size=\"2\">D\u00e9cideurs, dirigeants et analystes du secteur. Le mod\u00e9rateur des principales s\u00e9ances du Dialogue strat\u00e9gique sera le c\u00e9l\u00e8bre pr\u00e9sentateur de t\u00e9l\u00e9vision Stephen\u00a0Cole.<\/font><\/span><\/td>\n<\/tr>\n<tr>\n<td width=\"16%\" valign=\"top\"><span><font face=\"Verdana\" size=\"2\"><strong>Accr\u00e9ditation<br \/>des m\u00e9dias:<\/strong><\/font><\/span><\/td>\n<td width=\"84%\" valign=\"top\"><span><font face=\"Verdana\" size=\"2\"><u>Les m\u00e9dias auront libre acc\u00e8s au FMPT-09<\/u>. L&rsquo;accr\u00e9ditation sera cependant obligatoire. Pour en savoir plus sur la proc\u00e9dure d&rsquo;accr\u00e9ditation, cliquer sur: <\/font><\/span><font face=\"Verdana\"><span><a href=\"http:\/\/www.itu.int\/newsroom\/wtpf\/2009\/accredit\/\"><u><font size=\"3\" color=\"#0000ff\">www.itu.int\/newsroom\/wtpf\/2009\/accredit\/<\/font><\/u><\/a><\/span><span><font size=\"3\">. <\/font><\/span><\/font><span><font face=\"Verdana\" size=\"2\">\u00a0Veuillez lire attentivement la proc\u00e9dure avant de remplir le formulaire d&rsquo;accr\u00e9ditation en ligne.<\/font><\/span><span><font face=\"Verdana\" size=\"2\"> <\/p>\n<p>Les journalistes d\u00e9j\u00e0 accr\u00e9dit\u00e9s devront pr\u00e9senter leur lettre de confirmation, ainsi que leur passeport ou carte d&rsquo;identit\u00e9, pour recevoir un badge m\u00e9dias officiel du FMPT-09.<\/p>\n<p>Les journalistes non annonc\u00e9s devront accomplir la totalit\u00e9 de la proc\u00e9dure d&rsquo;accr\u00e9ditation. Vous voudrez bien veiller \u00e0 avoir sur vous les documents n\u00e9cessaires \u00e0 l&rsquo;appui de votre demande.<\/p>\n<p><\/font><\/span><\/td>\n<\/tr>\n<tr>\n<td width=\"16%\" valign=\"top\"><span><font face=\"Verdana\" size=\"2\"><strong>Informations<br \/>pour les m\u00e9dias:<\/strong><\/font><\/span><\/td>\n<td width=\"84%\" valign=\"top\">\n<ul>\n<li><span><font face=\"Verdana\" size=\"2\">Un <strong>point presse<\/strong> sera organis\u00e9 \u00e0 Lisbonne <u>le 21 avril<\/u>, sur les grands sujets dont discuteront les participants au Forum et au Dialogue strat\u00e9gique sur la crise. <\/font><\/span><\/li>\n<li><span><font face=\"Verdana\" size=\"2\">L&rsquo;acc\u00e8s aux s\u00e9ances de travail sera restreint, mais les s\u00e9ances pl\u00e9ni\u00e8res seront ouvertes \u00e0 tous. Les journalistes accr\u00e9dit\u00e9s auront acc\u00e8s au Centre m\u00e9dias, \u00e0 ses installations en ligne et \u00e0 ses postes de travail, ainsi qu&rsquo;aux salles de conf\u00e9rence de presse et d&rsquo;interview. <\/font><\/span><\/li>\n<li><span><font face=\"Verdana\" size=\"2\"><u>Le Dialogue strat\u00e9gique du 21 avril sera retransmis en direct sur la t\u00e9l\u00e9vision et sur le web. <\/u><\/font><\/span><\/li>\n<\/ul>\n<p>&nbsp;<\/p>\n<p><span><u><\/u><\/span><\/p>\n<p><span><u><font size=\"2\">Source <\/font><\/u><\/span><\/p>\n<p><span><u><font size=\"2\"><a href=\"http:\/\/www.itu.int\/newsroom\/press_releases\/2009\/Advisory-01-fr.html\" title=\"www.uti\">http:\/\/www.itu.int\/newsroom\/press_releases\/2009\/Advisory-01-fr.html<\/a><\/font><\/u><\/span><\/p>\n<\/td>\n<\/tr>\n<\/tbody>\n<\/table>\n<!-- AddThis Advanced Settings generic via filter on the_content --><!-- AddThis Share Buttons generic via filter on the_content -->","protected":false},"excerpt":{"rendered":"<p>R\u00e9union \u00e0 Lisbonne du Forum mondial des politiques de t\u00e9l\u00e9communication<!-- AddThis Advanced Settings generic via filter on get_the_excerpt --><!-- AddThis Share Buttons generic via filter on get_the_excerpt --><\/p>\n","protected":false},"author":1,"featured_media":0,"comment_status":"open","ping_status":"open","sticky":false,"template":"","format":"standard","meta":[],"categories":[5],"tags":[],"_links":{"self":[{"href":"https:\/\/amagep.co.za\/fr\/wp-json\/wp\/v2\/posts\/70"}],"collection":[{"href":"https:\/\/amagep.co.za\/fr\/wp-json\/wp\/v2\/posts"}],"about":[{"href":"https:\/\/amagep.co.za\/fr\/wp-json\/wp\/v2\/types\/post"}],"author":[{"embeddable":true,"href":"https:\/\/amagep.co.za\/fr\/wp-json\/wp\/v2\/users\/1"}],"replies":[{"embeddable":true,"href":"https:\/\/amagep.co.za\/fr\/wp-json\/wp\/v2\/comments?post=70"}],"version-history":[{"count":0,"href":"https:\/\/amagep.co.za\/fr\/wp-json\/wp\/v2\/posts\/70\/revisions"}],"wp:attachment":[{"href":"https:\/\/amagep.co.za\/fr\/wp-json\/wp\/v2\/media?parent=70"}],"wp:term":[{"taxonomy":"category","embeddable":true,"href":"https:\/\/amagep.co.za\/fr\/wp-json\/wp\/v2\/categories?post=70"},{"taxonomy":"post_tag","embeddable":true,"href":"https:\/\/amagep.co.za\/fr\/wp-json\/wp\/v2\/tags?post=70"}],"curies":[{"name":"wp","href":"https:\/\/api.w.org\/{rel}","templated":true}]}}