{"id":7,"date":"2008-12-04T12:08:57","date_gmt":"2008-12-04T12:08:57","guid":{"rendered":"https:\/\/amagep.co.za\/fr\/2008\/12\/04\/a-la-journee-universelle-de-lenfant-laccent-est-mis-sur-les-effets-de-la-guerre\/"},"modified":"2008-12-04T12:08:57","modified_gmt":"2008-12-04T12:08:57","slug":"a-la-journee-universelle-de-lenfant-laccent-est-mis-sur-les-effets-de-la-guerre","status":"publish","type":"post","link":"https:\/\/amagep.co.za\/fr\/a-la-journee-universelle-de-lenfant-laccent-est-mis-sur-les-effets-de-la-guerre\/","title":{"rendered":"\u00c0 la Journ\u00e9e universelle de l&rsquo;enfant, l&rsquo;accent est mis sur les effets de la guerre"},"content":{"rendered":"<p>NEW YORK, \u00c9tats-Unis, 21 novembre 2008 &#8211; Ishmael Beah, Grace Akallo et Kon Kelie ont tous les trois surv\u00e9cu \u00e0 leur exp\u00e9rience d&rsquo;enfant soldat. En parlant franchement de leurs souffrances et de la chance qu&rsquo;ils ont eue de survivre, ils d\u00e9fendent efficacement la cause d\u00e9sesp\u00e9r\u00e9e des enfants pris dans les conflits arm\u00e9s.<\/p>\n<p> <!--more--> <\/p>\n<p>&nbsp;<\/p>\n<table border=\"0\" width=\"20\" class=\"imagearea\">\n<tbody>\n<tr>\n<td class=\"imageborder\"><img src=\"http:\/\/www.unicef.org\/french\/protection\/images\/ibc_1_081159e.jpg\" border=\"0\" alt=\"Image de l'UNICEF\" \/><\/td>\n<\/tr>\n<p><!-- \/french\/protection\/images\/ibc_1_081159e.jpg --><\/p>\n<tr>\n<td class=\"imagecopyright\">\u00a9 UNICEF\/NYHQ2008-1159\/Markisz<\/td>\n<\/tr>\n<tr>\n<td class=\"imagecaption\">Pr\u00e9sents lors du lancement du R\u00e9seau des jeunes affect\u00e9s par la <\/td>\n<\/tr>\n<\/tbody>\n<\/table>\n<p>Hier,\u00a0 Tous les trois \u00e9taient pr\u00e9sents, pour la comm\u00e9moration partout dans le monde de la Journ\u00e9e universelle de l&rsquo;enfant. \u00c0 cette occasion, l&rsquo;UNICEF a f\u00eat\u00e9 le lancement d&rsquo;un nouvel organisme ayant pour objet de faire entendre la voix de ceux qui souffrent \u00e0 cause d&rsquo;un conflit. Cet organisme &#8211; le R\u00e9seau des jeunes affect\u00e9s par la guerre (Network of Young People Affected by War &#8211; NYPAW) &#8211; a \u00e9t\u00e9 cr\u00e9\u00e9 par des jeunes\u00a0 qui ont v\u00e9cu eux-m\u00eames les terribles exp\u00e9riences auxquelles sont confront\u00e9s les enfants dans les zones de conflit.<\/p>\n<p>Le lancement de ce r\u00e9seau a \u00e9t\u00e9 notamment marqu\u00e9 par une conf\u00e9rence de presse, qui a eu lieu aux Nations Unies \u00e0 New York, donn\u00e9e par la Repr\u00e9sentante sp\u00e9ciale du Secr\u00e9taire g\u00e9n\u00e9ral pour les enfants et les conflits arm\u00e9s, Radhika Coomaraswamy, et l&rsquo;Ambassadeur Giulio Terzi, de la Mission permanente de l&rsquo;Italie aupr\u00e8s des Nations Unies, et l&rsquo;UNICEF.<br \/>Le R\u00e9seau des jeunes affect\u00e9s par la guerre a pour mission de sensibiliser la communaut\u00e9 internationale \u00e0 la situation d\u00e9sesp\u00e9r\u00e9e des enfants se trouvant dans une zone de conflit, de plaider pour qu&rsquo;il soit mis fin aux hostilit\u00e9s et de proposer des mod\u00e8les aux enfants qui luttent actuellement pour reprendre une vie normale apr\u00e8s une guerre.<br \/>\u00a0<br \/><span class=\"pagesubhead\">La guerre d\u00e9truit l&rsquo;enfance<\/p>\n<p><\/span>\u00abChacun de ces jeunes a affront\u00e9 personnellement une \u00e9preuve bouleversante \u00bb, a fait observer la Directrice g\u00e9n\u00e9rale de l&rsquo;UNICEF, Ann M. Veneman. \u00ab Ce nouveau r\u00e9seau peut attirer l&rsquo;attention sur les souffrances des enfants pris dans un conflit et montrer comment les jeunes eux-m\u00eames peuvent contribuer \u00e0 refaire leur vie. \u00bb<br \/>Dans le monde entier, il y a environ 250 000 enfants recrut\u00e9s ill\u00e9galement pour participer \u00e0 des conflits arm\u00e9s en tant que soldats, messagers, espions, porteurs et cuisiniers. Ces enfants, envoy\u00e9s malgr\u00e9 eux au combat, sont souvent plac\u00e9s de force en premi\u00e8re ligne ou en avant des troupes aguerries, dans les champs de mines. Certains sont utilis\u00e9s dans des attentats suicides \u00e0 la bombe. et ils sont couramment victimes de violences sexuelles. <\/p>\n<p>Outre ceux qui sont enr\u00f4l\u00e9s directement dans ces conflits, il y a un nombre \u00e9norme d&rsquo;enfants qui ont \u00e9t\u00e9 t\u00e9moins des horreurs de la guerre dans les 42 pays o\u00f9 se sont d\u00e9roul\u00e9s, entre 2002 et 2006, des conflits violents et de grande intensit\u00e9.<\/p>\n<p>\u00ab De la R\u00e9publique d\u00e9mocratique du Congo \u00e0 la Bande de Gaza, et de l&rsquo;Afghanistan \u00e0 la Somalie, trop d&rsquo;enfants souffrent des cons\u00e9quences des conflits\u00bb, a d\u00e9clar\u00e9 Mme Coomaraswamy. \u00abLa guerre bafoue chacun des droits de l&rsquo;enfant. Chacun d&rsquo;entre nous a un r\u00f4le \u00e0 jouer pour mettre fin \u00e0 ces violations. Nous ne pouvons pas laisser la guerre continuer \u00e0 d\u00e9truire l&rsquo;enfance. \u00bb<\/p>\n<p>Source<\/p>\n<p><a href=\"http:\/\/www.unicef.org\/french\/protection\/index_46494.html\" title=\"www.unicef.org\">http:\/\/www.unicef.org\/<\/a><\/p>\n<!-- AddThis Advanced Settings generic via filter on the_content --><!-- AddThis Share Buttons generic via filter on the_content -->","protected":false},"excerpt":{"rendered":"<p>NEW YORK, \u00c9tats-Unis, 21 novembre 2008 &#8211; Ishmael Beah, Grace Akallo et Kon Kelie ont&#8230;<!-- AddThis Advanced Settings generic via filter on get_the_excerpt --><!-- AddThis Share Buttons generic via filter on get_the_excerpt --><\/p>\n","protected":false},"author":1,"featured_media":0,"comment_status":"open","ping_status":"open","sticky":false,"template":"","format":"standard","meta":[],"categories":[9],"tags":[],"_links":{"self":[{"href":"https:\/\/amagep.co.za\/fr\/wp-json\/wp\/v2\/posts\/7"}],"collection":[{"href":"https:\/\/amagep.co.za\/fr\/wp-json\/wp\/v2\/posts"}],"about":[{"href":"https:\/\/amagep.co.za\/fr\/wp-json\/wp\/v2\/types\/post"}],"author":[{"embeddable":true,"href":"https:\/\/amagep.co.za\/fr\/wp-json\/wp\/v2\/users\/1"}],"replies":[{"embeddable":true,"href":"https:\/\/amagep.co.za\/fr\/wp-json\/wp\/v2\/comments?post=7"}],"version-history":[{"count":0,"href":"https:\/\/amagep.co.za\/fr\/wp-json\/wp\/v2\/posts\/7\/revisions"}],"wp:attachment":[{"href":"https:\/\/amagep.co.za\/fr\/wp-json\/wp\/v2\/media?parent=7"}],"wp:term":[{"taxonomy":"category","embeddable":true,"href":"https:\/\/amagep.co.za\/fr\/wp-json\/wp\/v2\/categories?post=7"},{"taxonomy":"post_tag","embeddable":true,"href":"https:\/\/amagep.co.za\/fr\/wp-json\/wp\/v2\/tags?post=7"}],"curies":[{"name":"wp","href":"https:\/\/api.w.org\/{rel}","templated":true}]}}