{"id":696,"date":"2016-09-10T13:16:37","date_gmt":"2016-09-10T13:16:37","guid":{"rendered":"https:\/\/amagep.co.za\/fr\/2016\/09\/10\/kouka-celio-lun-des-peres-fondateurs-des-bantous-de-la-capitale-nest-plus\/"},"modified":"2016-09-10T13:16:37","modified_gmt":"2016-09-10T13:16:37","slug":"kouka-celio-lun-des-peres-fondateurs-des-bantous-de-la-capitale-nest-plus","status":"publish","type":"post","link":"https:\/\/amagep.co.za\/fr\/kouka-celio-lun-des-peres-fondateurs-des-bantous-de-la-capitale-nest-plus\/","title":{"rendered":"Kouka \u00ab C\u00e9lio \u00bb l\u2019un des p\u00e8res fondateurs des Bantous de la Capitale n\u2019est plus"},"content":{"rendered":"<p>\u00a0<\/p>\n<p style=\"text-align: justify;\">\u00a0<\/p>\n<p \/><strong>L\u2019orchestre <\/strong><em><strong>Les Bantous de la Capitale<\/strong><\/em><strong \/> vient de perdre un de ses \u00ab artiste-s\u00e9nateurs\u00bb en la personne de Kouka C\u00e9lestin Fran\u00e7ois dit Celio, d\u00e9c\u00e9d\u00e9 le vendredi 19 ao\u00fbt 2016, \u00e0 23h30 au Centre Hospitalier et Universitaire de Brazzaville, en pr\u00e9sence de sa femme, de ses deux enfants et d\u2019une de ses cousines.    <!--more-->  <\/strong><\/p>\n<p>\u00a0<\/p>\n<p style=\"text-align: justify;\">\u00a0<\/p>\n<p style=\"text-align: justify;\">Chanteur 2\u00e8me voix et cofondateur des orchestres\u00a0<em>OK Jazz<\/em> de Kinshasa en 1954 et \u00a0<em>Les<\/em> <em>Bantous de la Capitale<\/em> de Brazzaville en 1959, fervent catholique pratiquant, Kouka C\u00e9lestin Fran\u00e7ois est n\u00e9 le 5 f\u00e9vrier 1935 \u00e0 Mitoko Mfilou, (Brazzaville). Deuxi\u00e8me d\u2019une famille de cinq enfants et fils de Bitambiki Beno\u00eet et de Talantsi Madeleine, il avait \u00e9t\u00e9, en 1943, le\u00a0 premier\u00a0 choriste de la pParoisse\u00a0<em>Notre Dame du Rosaire<\/em> de Bacongo. C\u00e9lio avait \u00e9galement \u00e9volu\u00e9 comme chantre \u00e0 la paroisse <em>Saint-Fran\u00e7ois d\u2019Assise<\/em>, o\u00f9 officiait l\u2019Abb\u00e9 Fulbert Youlou, qui deviendra le premier pr\u00e9sident de la R\u00e9publique du Congo, en 1960.<\/p>\n<p style=\"text-align: justify;\">\u00a0<\/p>\n<p style=\"text-align: justify;\">En 1952, il commence sa carri\u00e8re musicale dans le Cercle culturel de Bacongo o\u00f9 il va apprendre \u00e0 jouer du saxophone. En dehors de la musique, la carri\u00e8re professionnelle de Kouka C\u00e9lestin Fran\u00e7ois se r\u00e9sume en deux exp\u00e9riences comme employ\u00e9 dans un consulat et dans les PTT (Postes, t\u00e9l\u00e9grammes et t\u00e9l\u00e9phones). Mari\u00e9 \u00e0 Loutaya Pascaline, le chanteur \u00e9tait p\u00e8re de 9 enfants.<\/p>\n<p style=\"text-align: justify;\">\u00a0<\/p>\n<p style=\"text-align: justify;\">En 1956, Kouka C\u00e9lestin et Edo Nganga sont les deux Brazzavillois cofondateurs de l\u2019orchestre OK Jazz de Kinshasa, avec Fran\u00e7ois Luambo Makiadi dit Franco, Vicky Longomba, Bossoma Dessoin. \u00a0Jean Serge Essous et Daniel Loubelo dit Delalune vont int\u00e9grer l\u2019Ok Jazz bien plus tard. \u00c0 l\u2019or\u00e9e des ind\u00e9pendances en Afrique, C\u00e9lio Kouka va regagner la rive droite du fleuve Congo, Brazzaville. Le 15 ao\u00fbt 1959, l\u2019orchestre <em>Les Bantous de la capitale<\/em> est cr\u00e9\u00e9 par Jean Serge Essous, Daniel Loubelo, Edo Nganga et Kouka C\u00e9lestin. Le groupe a fait sa sortie officielle au Bar Faignond \u00e0 Poto-Poto dans le 3\u00e8me arrondissement de la ville de Brazzaville. Son style musical s\u2019apparente aux contes et faits de vie. Dans le lot de ses chansons \u00e0 succ\u00e8s, \u00a0on peut citer <em>Rosalie Diop<\/em>, <em>Comit\u00e9 Bantu<\/em>, <em>Kouka ba dia tseke<\/em>\u2026<\/p>\n<p style=\"text-align: justify;\">\u00a0<\/p>\n<p style=\"text-align: justify;\">En 1972, Kouka quitte <em>Les Bantous de la Capitale<\/em> pour fonder, avec Pamelo et Kosmos, le trio Cepakos (C\u00e9lio, Pamelo et Kosmos). Ce groupe ne servira que de transit vers la cr\u00e9ation de l\u2019orchestre\u00a0 <em>Le Peupl<\/em>e, la formation musicale avec laquelle il va chanter <em>Mbemba maya Kamba<\/em> de l\u2019Abb\u00e9 Barthelemy Batantu. En 1978, Pamelo r\u00e9int\u00e8gre dans <em>Les Bantous de la Capitale<\/em> et puis Kosmos en 1984. C\u2019est donc la travers\u00e9e du d\u00e9sert pour C\u00e9lio.<\/p>\n<p style=\"text-align: justify;\">\u00a0<\/p>\n<p style=\"text-align: justify;\">Kouka C\u00e9lestin va tenter de ressusciter l\u2019orchestre <em>Le Peuple<\/em> en 2000, h\u00e9las sans succ\u00e8s.\u00a0C\u2019est ainsi qu\u2019il va<br \/> regagner pour la \u00e9ni\u00e8me fois\u00a0<em>Les Bantous de la Capitale<\/em>. En 2007, l\u2019orchestre se produira au <em>Festival des Musiques M\u00e9tiss\u00e9es<\/em> d\u2019Angoul\u00eame, du 16 au 19 mai suivi du passage dans la prestigieuse salle de l\u2019Olympia de Paris.<\/p>\n<p style=\"text-align: justify;\"><strong>Le cr\u00e9puscule<\/strong><\/p>\n<p style=\"text-align: justify;\">Le 21 mai 2016, l\u2019orchestre <em>Les Bantous de la Capitale<\/em> se produit avec <em>Za\u00efko Langa Langa<\/em> lors du banquet de la 19e Assembl\u00e9e g\u00e9n\u00e9rale ordinaire de la Cospeco (Commission sp\u00e9ciale de coop\u00e9ration), entre les villes de Kinshasa et de Brazzaville.\u00a0 L\u2019absence de Kouka C\u00e9lio et d\u2019 Edo Nganga interpelle. \u00a0Explications de Rosalyn et M\u00e2-Pierre Mougrando, trompettistes des Bantous\u00a0: \u00ab <em>Ce sont nos s\u00e9nateurs, ils\u00a0 ont beaucoup fait pour le maintien de ce groupe, et ils doivent se reposer, ils interviennent quand c\u2019est n\u00e9cessaire<\/em> \u00bb.<\/p>\n<p style=\"text-align: justify;\">C\u00e9lio souffre de l\u2019hyperm\u00e9tropie et est\u00a0oblig\u00e9 de r\u00e9duire ses activit\u00e9s. Mi-juin 2016, son \u00e9tat de sant\u00e9 se d\u00e9t\u00e9riore. Le 18 ao\u00fbt 2016, plus rien ne va pour Kouka C\u00e9lestin. Il est conduit \u00e0 l\u2019h\u00f4pital de Makel\u00e9kele\u00a0\u00e0 20 heures, son \u00e9tat s\u2019est aggrav\u00e9. Sa voix, devient inaudible et d\u00e9r\u00e9gl\u00e9e, il ne parle presque plus, et il est admis aux urgences pour les premiers soins\u2026<br \/> Le vendredi 19 ao\u00fbt 2016, il est transf\u00e9r\u00e9 au Centre universitaire de Brazzaville (CHU-B), \u00e0 11 heures. Sa femme Pascaline Loutaya, sa ni\u00e8ce P\u00e9lagie et ses deux enfants, Mich\u00e8le et Louison veillent sur lui. \u00c0 23h30, le service de l\u2019h\u00f4pital va faire constater le d\u00e9c\u00e8s.<\/p>\n<p class=\"MsoNormal\">\u00a0<\/p>\n<p class=\"MsoNormal\">Source<\/p>\n<p class=\"MsoNormal\">\u00a0<\/p>\n<p class=\"MsoNormal\"><a href=\"http:\/\/www.afriquechos.ch\/?p=9677\" title=\"www.afriquechos.ch\">AFRIQUECHOS.CH<\/a><\/p>\n<p>\u00a0<\/p>\n<!-- AddThis Advanced Settings generic via filter on the_content --><!-- AddThis Share Buttons generic via filter on the_content -->","protected":false},"excerpt":{"rendered":"<p>\u00a0 \u00a0 L\u2019orchestre Les Bantous de la Capitale vient de perdre un de ses \u00ab&#8230;<!-- AddThis Advanced Settings generic via filter on get_the_excerpt --><!-- AddThis Share Buttons generic via filter on get_the_excerpt --><\/p>\n","protected":false},"author":1,"featured_media":0,"comment_status":"open","ping_status":"open","sticky":false,"template":"","format":"standard","meta":[],"categories":[8],"tags":[],"_links":{"self":[{"href":"https:\/\/amagep.co.za\/fr\/wp-json\/wp\/v2\/posts\/696"}],"collection":[{"href":"https:\/\/amagep.co.za\/fr\/wp-json\/wp\/v2\/posts"}],"about":[{"href":"https:\/\/amagep.co.za\/fr\/wp-json\/wp\/v2\/types\/post"}],"author":[{"embeddable":true,"href":"https:\/\/amagep.co.za\/fr\/wp-json\/wp\/v2\/users\/1"}],"replies":[{"embeddable":true,"href":"https:\/\/amagep.co.za\/fr\/wp-json\/wp\/v2\/comments?post=696"}],"version-history":[{"count":0,"href":"https:\/\/amagep.co.za\/fr\/wp-json\/wp\/v2\/posts\/696\/revisions"}],"wp:attachment":[{"href":"https:\/\/amagep.co.za\/fr\/wp-json\/wp\/v2\/media?parent=696"}],"wp:term":[{"taxonomy":"category","embeddable":true,"href":"https:\/\/amagep.co.za\/fr\/wp-json\/wp\/v2\/categories?post=696"},{"taxonomy":"post_tag","embeddable":true,"href":"https:\/\/amagep.co.za\/fr\/wp-json\/wp\/v2\/tags?post=696"}],"curies":[{"name":"wp","href":"https:\/\/api.w.org\/{rel}","templated":true}]}}