{"id":695,"date":"2016-08-30T13:18:02","date_gmt":"2016-08-30T13:18:02","guid":{"rendered":"https:\/\/amagep.co.za\/fr\/2016\/08\/30\/felix-wazekwa-je-sors-un-livre-afin-detaler-mes-idees-plus-que-dans-les-chansons-2\/"},"modified":"2016-08-30T13:18:02","modified_gmt":"2016-08-30T13:18:02","slug":"felix-wazekwa-je-sors-un-livre-afin-detaler-mes-idees-plus-que-dans-les-chansons-2","status":"publish","type":"post","link":"https:\/\/amagep.co.za\/fr\/felix-wazekwa-je-sors-un-livre-afin-detaler-mes-idees-plus-que-dans-les-chansons-2\/","title":{"rendered":"F\u00e9lix Wazekwa : \u00ab Je sors un livre afin d\u2019\u00e9taler mes id\u00e9es plus que dans les chansons \u00bb"},"content":{"rendered":"<p style=\"text-align: justify;\"><img loading=\"lazy\" class=\" size-full wp-image-422\" src=\"https:\/\/amagep.co.za\/fr\/wp-content\/uploads\/2010\/10\/wazekwa_en_sa.jpg\" border=\"0\" width=\"471\" height=\"449\" \/><\/p>\n<p style=\"text-align: justify;\">Auteur-compositeur\u00a0inspir\u00e9,  parolier \u00e9m\u00e9rite et de surcroit dou\u00e9 dans l\u2019\u00e9criture musicale, \u00e9galement  grand consommateur d\u2019\u0153uvres litt\u00e9raires, le chanteur F\u00e9lix Wazekwa  vient de se lancer dans l\u2019\u00e9criture d\u2019un ouvrage.\u00a0Une premi\u00e8re dans le  microcosme musical congolais. Le chanteur en a livr\u00e9 les grandes lignes \u00e0  Afriqu\u2019\u00c9chos.<\/p>\n<p style=\"text-align: justify;\" \/><strong \/>  <!--more-->  <\/strong><\/p>\n<p style=\"text-align: justify;\">\u00a0<\/p>\n<p style=\"text-align: justify;\"><strong>AFRIQU\u2019\u00c9CHOS MAGAZINE (AEM)<\/strong> : <strong>Comment s\u2019est op\u00e9r\u00e9 le d\u00e9clic\u00a0?<\/strong><\/p>\n<p style=\"text-align: justify;\"><strong>F\u00c9LIX WAZEKWA\u00a0(F:W)<\/strong>:  Qu\u2019est ce qui a fait que j\u2019\u00e9crive\u00a0? Tout est parti d\u2019un constat\u00a0: nous  nous sommes\u00a0surtout mis dans nos t\u00eates que les Noirs, disons les  Congolais ne lisent pas beaucoup. Certains ironisent m\u00eame en disant que  si vous voulez qu\u2019on ne vole pas votre argent, dissimulez-le dans un  livre. Cela est vrai en partie.<\/p>\n<p style=\"text-align: justify;\"><strong>AEM\u00a0: Comment int\u00e9resser le public congolais\u00a0?<\/strong><\/p>\n<p style=\"text-align: justify;\"><strong>F.W\u00a0:<\/strong> Mais quand un  livre pr\u00e9sente beaucoup d\u2019int\u00e9r\u00eat, surtout quand on en parle beaucoup,  ce qui est souvent le cas en Europe, le succ\u00e8s est au rendez-vous et \u00e7a  en devient un best-seller. Personnellement je m\u2019inspire beaucoup de Jean  d\u2019Ormesson, de Michel Serre, d\u2019Alain Minc, autant d\u2019auteurs que je lis  souvent. On parle d\u2019eux pour \u00a0ce qu\u2019ils ont \u00e9crit \u00a0et non pas pour des  images ou un DVD ou encore un CD qui est sorti. Mais pour ce qui me  concerne, je me suis dit : ce que je suis en train de dire dans mes  chansons est assez succinct, vu qu\u2019il y a des choses qu\u2019on ne peut pas  d\u00e9velopper en 4 ou 5 minutes dans une chanson. Je ne rentre pas souvent  dans les d\u00e9tails puisque c\u2019est dans le domaine de la chanson alors que  le livre me permettrait de le faire ais\u00e9ment.<\/p>\n<p style=\"text-align: justify;\"><strong>AEM\u00a0: C\u2019est donc un F\u00e9lix Wazekwa plus disert mais \u00e0 l\u2019\u00e9crit\u2026<\/strong><\/p>\n<p style=\"text-align: justify;\"><strong>F.W\u00a0:<\/strong> Dans un ouvrage,  je vais pouvoir bien \u00e9taler mes id\u00e9es, aller plus loin dans les  raisonnements, surtout bien faire comprendre certaines expressions,  certains proverbes (aphorismes, formules cr\u00e9\u00e9es de sa propre imagination  ndlr), que j\u2019appelle verbes dans mes chansons. C\u2019est dans le souci  d\u2019\u00eatre tr\u00e8s bien compris, de partager davantage mes id\u00e9es avec bien  \u00e9videmment l\u2019objectif assum\u00e9 d\u2019influencer beaucoup de personnes, les  influencer avec ma fa\u00e7on de raisonner, et ce sans aucune pr\u00e9tention. Je  suis conscient que certaines phrases toucheront beaucoup de gens, mais  que d\u2019autres pourront n\u2019avoir aucun effet.<\/p>\n<p style=\"text-align: justify;\"><strong>AEM\u00a0: Qu\u2019abordez-vous dans ce livre\u00a0?<\/strong><\/p>\n<p style=\"text-align: justify;\"><strong>F.W\u00a0:<\/strong> \u00c7a sera un livre  \u00e9clectique, je vais toucher un peu \u00e0 tout notamment par rapport \u00e0 ce que  j\u2019ai d\u00e9j\u00e0 dit dans mes chansons. C\u2019est comme dans mes chansons, je  n\u2019aborde pas qu\u2019un seul sujet, je parle souvent de Dieu, \u00e7a sera le cas  encore. Je traite des relations humaines, des faits sociaux. Je ne  m\u00e9lange cependant pas tout\u00a0: l\u00e0 o\u00f9 je suis en train d\u2019aborder la  question de Dieu, je reste sur ce sujet par rapport \u00e0 ce que j\u2019ai d\u00e9j\u00e0  dit.<\/p>\n<p style=\"text-align: justify;\"><strong>AEM\u00a0: \u00c0 quand la sortie de ce livre\u00a0?<\/strong><\/p>\n<p><strong>F.W\u00a0:<\/strong> Je me laisse la  latitude de travailler \u00e0 mon rythme pour que l\u2019imp\u00e9ratif du temps ne  joue pas beaucoup sur ce que je suis en train de faire. Contrairement \u00e0  la r\u00e9alisation d\u2019un CD ou d\u2019un DVD pour lequel\u00a0on est parfois oblig\u00e9 de  b\u00e2cler certains clips par exemple pour les sortir \u00e0 une date.<\/p>\n<p>\u00a0<\/p>\n<p>Source<\/p>\n<p>\u00a0<\/p>\n<p><a href=\"http:\/\/www.afriquechos.ch\/?p=9649\" title=\"www.afriquechos.ch\">AFRIQUECHOS.CH<\/a><\/p>\n<!-- AddThis Advanced Settings generic via filter on the_content --><!-- AddThis Share Buttons generic via filter on the_content -->","protected":false},"excerpt":{"rendered":"<p>Auteur-compositeur\u00a0inspir\u00e9, parolier \u00e9m\u00e9rite et de surcroit dou\u00e9 dans l\u2019\u00e9criture musicale, \u00e9galement grand consommateur d\u2019\u0153uvres litt\u00e9raires,&#8230;<!-- AddThis Advanced Settings generic via filter on get_the_excerpt --><!-- AddThis Share Buttons generic via filter on get_the_excerpt --><\/p>\n","protected":false},"author":1,"featured_media":422,"comment_status":"open","ping_status":"open","sticky":false,"template":"","format":"standard","meta":[],"categories":[8],"tags":[],"_links":{"self":[{"href":"https:\/\/amagep.co.za\/fr\/wp-json\/wp\/v2\/posts\/695"}],"collection":[{"href":"https:\/\/amagep.co.za\/fr\/wp-json\/wp\/v2\/posts"}],"about":[{"href":"https:\/\/amagep.co.za\/fr\/wp-json\/wp\/v2\/types\/post"}],"author":[{"embeddable":true,"href":"https:\/\/amagep.co.za\/fr\/wp-json\/wp\/v2\/users\/1"}],"replies":[{"embeddable":true,"href":"https:\/\/amagep.co.za\/fr\/wp-json\/wp\/v2\/comments?post=695"}],"version-history":[{"count":0,"href":"https:\/\/amagep.co.za\/fr\/wp-json\/wp\/v2\/posts\/695\/revisions"}],"wp:featuredmedia":[{"embeddable":true,"href":"https:\/\/amagep.co.za\/fr\/wp-json\/wp\/v2\/media\/422"}],"wp:attachment":[{"href":"https:\/\/amagep.co.za\/fr\/wp-json\/wp\/v2\/media?parent=695"}],"wp:term":[{"taxonomy":"category","embeddable":true,"href":"https:\/\/amagep.co.za\/fr\/wp-json\/wp\/v2\/categories?post=695"},{"taxonomy":"post_tag","embeddable":true,"href":"https:\/\/amagep.co.za\/fr\/wp-json\/wp\/v2\/tags?post=695"}],"curies":[{"name":"wp","href":"https:\/\/api.w.org\/{rel}","templated":true}]}}