{"id":691,"date":"2016-07-11T16:25:22","date_gmt":"2016-07-11T16:25:22","guid":{"rendered":"https:\/\/amagep.co.za\/fr\/2016\/07\/11\/euro-bleus-la-france-epinglee-par-la-presse-etrangere\/"},"modified":"2016-07-11T16:25:22","modified_gmt":"2016-07-11T16:25:22","slug":"euro-bleus-la-france-epinglee-par-la-presse-etrangere","status":"publish","type":"post","link":"https:\/\/amagep.co.za\/fr\/euro-bleus-la-france-epinglee-par-la-presse-etrangere\/","title":{"rendered":"Euro &#8211; Bleus &#8211; La France \u00e9pingl\u00e9e par la presse \u00e9trang\u00e8re"},"content":{"rendered":"<p \/>La presse \u00e9trang\u00e8re n&rsquo;a pas \u00e9t\u00e9 tendre avec l&rsquo;\u00e9quipe de <a id=\"yui_3_18_1_1_1468253867041_1032\" class=\"yom-entity-link yom-entity-player\" href=\"https:\/\/fr.sports.yahoo.com\/football\/equipe-de-france\/\">France<\/a> au lendemain de sa d\u00e9faite en finale de l&rsquo;Euro face au <a id=\"yui_3_18_1_1_1468253867041_670\" class=\"yom-entity-link yom-entity-player\" href=\"https:\/\/fr.sports.yahoo.com\/football\/portugal\/\">Portugal<\/a> (0-1, a.p.)Battue en finale de l\u2019Euro par le Portugal (0-1, a.p.),  l\u2019\u00e9quipe de France doit d\u00e9sormais subir les critiques acerbes de la  presse \u00e9trang\u00e8re comme le souligne la revue de presse de Courrier  International.   <!--more-->  <\/p>\n<p>\u00a0<\/p>\n<p>L&rsquo;hebdomadaire rel\u00e8ve notamment le jugement tr\u00e8s s\u00e9v\u00e8re  de Julian Ruiz, chroniqueur d\u2019El Mundo, le quotidien espagnol, \u00ab les <a id=\"yui_3_18_1_1_1468253867041_1011\" class=\"yom-entity-link yom-entity-event\" href=\"https:\/\/fr.sports.yahoo.com\/football\/equipes\/france\/\">Bleus<\/a> sont une honte pour le monde entier\u00bb, estimant en effet que la  s\u00e9lection fran\u00e7aise aurait d\u00fb s\u2019adjuger \u00abla finale la plus facile de  toute son histoire apr\u00e8s la blessure de Cristiano Ronaldo.\u00bbLe quotidien  allemand Die Welt, n\u2019est pas beaucoup plus cl\u00e9ment avec les Bleus  estimant que leur d\u00e9faite est m\u00e9rit\u00e9e.<\/p>\n<p>\u00a0<\/p>\n<p>\u00abAinsi, il ne reste aux Fran\u00e7ais  que le sentiment qui \u00e9tait celui des Allemands voici quelques jours.  L\u2019Allemagne \u00e9tait, elle aussi, la meilleure \u00e9quipe sur le terrain, mais  elle l\u2019a quitt\u00e9 en perdant\u00bb, estime le journal berlinois.Pogba baptis\u00e9  \u00able fant\u00f4me\u00bb par \u00abLa Gazzetta\u00bbLes individualit\u00e9s de l\u2019\u00e9quipe de France  se font \u00e9galement secouer, <a class=\"yom-entity-link yom-entity-Player\" href=\"https:\/\/fr.sports.yahoo.com\/football\/joueur\/paul-pogba\">Paul Pogba<\/a> en t\u00eate. En <a class=\"yom-entity-link yom-entity-player\" href=\"https:\/\/fr.sports.yahoo.com\/football\/italie\/\">Italie<\/a>, o\u00f9 il \u00e9volue \u00e0 la <a class=\"yom-entity-link yom-entity-player\" href=\"https:\/\/fr.sports.yahoo.com\/football\/juventus-de-turin\/\">Juventus Turin<\/a>,  le Fran\u00e7ais est cruellement rebaptis\u00e9 \u00able fant\u00f4me\u00bb par La Gazzetta  dello Sport, le quotidien sportif,Le plus s\u00e9v\u00e8re est sans doute The  Irish Times qui n\u2019a appr\u00e9ci\u00e9 ni l\u2019Euro 2016, ni la finale du tournoi  souligne Courrier International.<\/p>\n<p>\u00a0<\/p>\n<p>\u00abL\u2019Euro 2016 a \u00e9t\u00e9 un tournoi m\u00e9diocre,  avec comme point culminant une finale m\u00e9diocre dimanche et le  couronnement d\u2019un champion m\u00e9diocre\u00bb, r\u00e9sume le journal irlandais. Ce  dernier a \u00e9galement vivement critiqu\u00e9 la prestation des Bleus.<\/p>\n<p>\u00a0<\/p>\n<p>\u00abLa  v\u00e9rit\u00e9 qui hantera pour toujours <a class=\"yom-entity-link yom-entity-player\" href=\"https:\/\/fr.sports.yahoo.com\/football\/didier-deschamps.html\">Didier Deschamps<\/a> est que son \u00e9quipe avait peur de perdre. Le courage implique des  risques, et cette France de Deschamps ne voulait en prendre aucun. M\u00eame  les supporters occasionnels comme ceux du Stade de France savent  reconna\u00eetre la peur quand ils la sentent. \u00bb<\/p>\n<p>\u00a0<\/p>\n<p>SOURCE<\/p>\n<p>\u00a0<\/p>\n<p><a href=\"https:\/\/fr.sports.yahoo.com\/news\/euro-bleus-france-%C3%A9pingl%C3%A9e-presse-123900719.html\">FR.SPORTS.YAHOO.COM<\/a><\/p>\n<!-- AddThis Advanced Settings generic via filter on the_content --><!-- AddThis Share Buttons generic via filter on the_content -->","protected":false},"excerpt":{"rendered":"<p>La presse \u00e9trang\u00e8re n&rsquo;a pas \u00e9t\u00e9 tendre avec l&rsquo;\u00e9quipe de France au lendemain de sa&#8230;<!-- AddThis Advanced Settings generic via filter on get_the_excerpt --><!-- AddThis Share Buttons generic via filter on get_the_excerpt --><\/p>\n","protected":false},"author":1,"featured_media":0,"comment_status":"open","ping_status":"open","sticky":false,"template":"","format":"standard","meta":[],"categories":[7],"tags":[],"_links":{"self":[{"href":"https:\/\/amagep.co.za\/fr\/wp-json\/wp\/v2\/posts\/691"}],"collection":[{"href":"https:\/\/amagep.co.za\/fr\/wp-json\/wp\/v2\/posts"}],"about":[{"href":"https:\/\/amagep.co.za\/fr\/wp-json\/wp\/v2\/types\/post"}],"author":[{"embeddable":true,"href":"https:\/\/amagep.co.za\/fr\/wp-json\/wp\/v2\/users\/1"}],"replies":[{"embeddable":true,"href":"https:\/\/amagep.co.za\/fr\/wp-json\/wp\/v2\/comments?post=691"}],"version-history":[{"count":0,"href":"https:\/\/amagep.co.za\/fr\/wp-json\/wp\/v2\/posts\/691\/revisions"}],"wp:attachment":[{"href":"https:\/\/amagep.co.za\/fr\/wp-json\/wp\/v2\/media?parent=691"}],"wp:term":[{"taxonomy":"category","embeddable":true,"href":"https:\/\/amagep.co.za\/fr\/wp-json\/wp\/v2\/categories?post=691"},{"taxonomy":"post_tag","embeddable":true,"href":"https:\/\/amagep.co.za\/fr\/wp-json\/wp\/v2\/tags?post=691"}],"curies":[{"name":"wp","href":"https:\/\/api.w.org\/{rel}","templated":true}]}}