{"id":689,"date":"2016-05-02T14:20:12","date_gmt":"2016-05-02T14:20:12","guid":{"rendered":"https:\/\/amagep.co.za\/fr\/2016\/05\/02\/le-chanteur-papa-wemba-meurt-sur-scene\/"},"modified":"2016-05-02T14:20:12","modified_gmt":"2016-05-02T14:20:12","slug":"le-chanteur-papa-wemba-meurt-sur-scene","status":"publish","type":"post","link":"https:\/\/amagep.co.za\/fr\/le-chanteur-papa-wemba-meurt-sur-scene\/","title":{"rendered":"Le chanteur Papa Wemba meurt sur sc\u00e8ne"},"content":{"rendered":"<p>\u00a0<\/p>\n<p style=\"text-align: justify;\">\u00a0<\/p>\n<p><strong><span style=\"mso-ansi-language: FR;\" lang=\"FR\">Le chanteur congolais Papa Wemba, 66 ans, est d\u00e9c\u00e9d\u00e9 dans la nuit de samedi \u00e0 dimanche apr\u00e8s un malaise survenu sur sc\u00e8ne \u00e0 Abidjan, a annonc\u00e9 l\u2019organisateur du festival. Le \u00abroi de la rumba congolaise\u00bb participait au Festival des musiques urbaines d\u2019Anoumabo (Femua). <\/span><\/strong><\/p>\n<p>  <!--more-->  <\/p>\n<p><strong> <\/strong><span style=\"mso-ansi-language: FR;\" lang=\"FR\"> <\/span><\/p>\n<p>\u00a0<\/p>\n<p>\u00a0<\/p>\n<p style=\"text-align: justify;\">\u00a0<\/p>\n<p style=\"text-align: justify;\"><span style=\"mso-ansi-language: FR;\" lang=\"FR\">Papa Wemba, l\u00e9gende de la musique congolaise, \u00abest mort dans la nuit\u00bb, a d\u00e9clar\u00e9 Salif Traor\u00e9, dit A\u2019Salfo, le leader du groupe ivoirien Magic System, promoteur du Femua. Son d\u00e9c\u00e8s est survenu 20 minutes apr\u00e8s qu\u2019il eut chant\u00e9 trois morceaux de son riche r\u00e9pertoire. Il s\u2019est \u00e9croul\u00e9 sur sc\u00e8ne. Il avait connu ces derni\u00e8res ann\u00e9es quelques ennuis de sant\u00e9, selon des sources proches des organisateurs du festival.<\/span><\/p>\n<p style=\"text-align: justify;\"><span style=\"mso-ansi-language: FR;\" lang=\"FR\"><br \/><\/span><\/p>\n<p style=\"text-align: justify;\"><span style=\"mso-ansi-language: FR;\" lang=\"FR\">Connu en R\u00e9publique d\u00e9mocratique du Congo (RDC) comme le \u00abroi de la rumba\u00bb, Papa Wemba avait des fans dans toute l\u2019Afrique ainsi qu\u2019en Europe. Il avait travaill\u00e9 avec des stars internationales comme l\u2019ancien chanteur du groupe Genesis, Peter Gabriel. Fou de mode et de beaux v\u00eatements, il \u00e9tait depuis plus de 40 ans un des chanteurs africains les plus populaires.<\/span><\/p>\n<p style=\"text-align: justify;\"><span style=\"mso-ansi-language: FR;\" lang=\"FR\"><br \/><\/span><\/p>\n<p style=\"text-align: justify;\"><strong><span style=\"mso-ansi-language: FR;\" lang=\"FR\">Le \u00abrossignol\u00bb<\/span><\/strong><span style=\"mso-ansi-language: FR;\" lang=\"FR\"> <\/span><\/p>\n<p style=\"text-align: justify;\"><span style=\"mso-ansi-language: FR;\" lang=\"FR\">Voix haut perch\u00e9e et personnalit\u00e9 flamboyante, le \u00abrossignol\u00bb Papa Wemba \u00e9tait aussi le prince de la SAPE (Soci\u00e9t\u00e9 des Ambianceurs et des Personnes El\u00e9gantes), mouvement dont il a \u00e9t\u00e9 l\u2019un des initiateurs au Za\u00efre dans les ann\u00e9es 70 et qui se caract\u00e9rise par les plus grandes audaces vestimentaires.<\/span><\/p>\n<p style=\"text-align: justify;\"><span style=\"mso-ansi-language: FR;\" lang=\"FR\"><br \/><\/span><\/p>\n<p style=\"text-align: justify;\"><span style=\"mso-ansi-language: FR;\" lang=\"FR\">N\u00e9 Jules Shungu Wembadio Pene Kikumba le 14 juin 1949 dans la r\u00e9gion du fleuve Kasa\u00ef (sud du Congo belge), Papa Wemba tenait sa passion du chant de sa m\u00e8re, une \u00abpleureuse\u00bb qu\u2019il accompagne aux veill\u00e9es fun\u00e8bres. Son p\u00e8re aurait pr\u00e9f\u00e9r\u00e9 le voir devenir avocat plut\u00f4t que musicien.<\/span><\/p>\n<p style=\"text-align: justify;\"><span style=\"mso-ansi-language: FR;\" lang=\"FR\"><br \/><\/span><\/p>\n<p style=\"text-align: justify;\"><span style=\"mso-ansi-language: FR;\" lang=\"FR\">Apr\u00e8s des d\u00e9buts dans des chorales religieuses, o\u00f9 il forge sa voix haute, tr\u00e8s caract\u00e9ristique, il arrive \u00e0 Kinshasa \u00e0 la fin des ann\u00e9es 60. Influenc\u00e9 comme toute sa g\u00e9n\u00e9ration par la culture anglo-saxonne, il prend le pseudonyme de \u00abJules Presley\u00bb.<\/span><\/p>\n<p style=\"text-align: justify;\"><span style=\"mso-ansi-language: FR;\" lang=\"FR\"><br \/><\/span><\/p>\n<p style=\"text-align: justify;\"><span style=\"mso-ansi-language: FR;\" lang=\"FR\">Il participe, en 1969, \u00e0 la cr\u00e9ation d\u2019un des principaux groupes za\u00efrois des ann\u00e9es 70, Za\u00efko Langa Langa, qui d\u00e9poussi\u00e8re la rumba traditionnelle (style n\u00e9 \u00e0 la fin des ann\u00e9es 40, qui combine rythmes afro-cubains et chants congolais) en y introduisant des rythmes rock et des sonorit\u00e9s \u00e9lectriques.<\/span><\/p>\n<p style=\"text-align: justify;\"><span style=\"mso-ansi-language: FR;\" lang=\"FR\"><br \/><\/span><\/p>\n<p style=\"text-align: justify;\"><strong><span style=\"mso-ansi-language: FR;\" lang=\"FR\">\u00abWorld Music\u00bb<\/span><\/strong><span style=\"mso-ansi-language: FR;\" lang=\"FR\"> <\/span><\/p>\n<p style=\"text-align: justify;\"><span style=\"mso-ansi-language: FR;\" lang=\"FR\">Papa Wemba cr\u00e9e le groupe Viva La Musica en 1977. C\u2019est alors une star en Afrique centrale. Il fonde le village de Moloka\u00ef, pr\u00e8s de Kinshasa, dont il s\u2019autoproclame chef coutumier.<\/span><\/p>\n<p style=\"text-align: justify;\"><span style=\"mso-ansi-language: FR;\" lang=\"FR\">Dans les ann\u00e9es 80, avec l\u2019\u00e9mergence de la \u00abWorld Music\u00bb, les producteurs europ\u00e9ens s\u2019int\u00e9ressent \u00e0 lui. Ses s\u00e9jours en France sont de plus en plus fr\u00e9quents. Au Za\u00efre, sa musique est un exutoire pour la jeunesse, m\u00eame s\u2019il refuse de jouer tout r\u00f4le politique.<\/span><\/p>\n<p style=\"text-align: justify;\">\u00a0<\/p>\n<p style=\"text-align: justify;\"><span style=\"mso-ansi-language: FR;\" lang=\"FR\">Papa Wemba s\u2019installe en France en 1986 alors que sa renomm\u00e9e touche m\u00eame le Japon, emball\u00e9 par ce dandy africain qui s\u2019habille chez les grands couturiers. Il commence \u00e0 toucher un public \u00e9largi, gr\u00e2ce notamment \u00e0 un album \u00abWorld Music\u00bb produit par le Fran\u00e7ais Martin Meissonnier en 1988 qui marie sonorit\u00e9s africaines et occidentales.<\/span><\/p>\n<p style=\"text-align: justify;\"><span style=\"mso-ansi-language: FR;\" lang=\"FR\">Au d\u00e9but des ann\u00e9es 90, il se lie avec Peter Gabriel (ex-chanteur de Genesis, qui a lanc\u00e9 son label RealWorld), dont il assure les premi\u00e8res parties.<\/span><\/p>\n<p style=\"text-align: justify;\"><span style=\"mso-ansi-language: FR;\" lang=\"FR\"><br \/><\/span><\/p>\n<p style=\"text-align: justify;\"><strong><span style=\"mso-ansi-language: FR;\" lang=\"FR\">D\u00e9tention pr\u00e9ventive<\/span><\/strong><span style=\"mso-ansi-language: FR;\" lang=\"FR\"> <\/span><\/p>\n<p style=\"text-align: justify;\"><span style=\"mso-ansi-language: FR;\" lang=\"FR\">Papa Wemba sort trois disques sur le label RealWorld, \u00e9labor\u00e9s pour le public occidental, alors que, parall\u00e8lement, il publie d\u2019autres oeuvres plus cibl\u00e9es sur la communaut\u00e9 africaine. Il ne rencontre cependant pas le succ\u00e8s d\u2019autres stars africaines en Europe ou aux Etats-Unis, comme par exemple le S\u00e9n\u00e9galais Youssou N\u2019Dour.<\/span><\/p>\n<p style=\"text-align: justify;\"><span style=\"mso-ansi-language: FR;\" lang=\"FR\"><br \/><\/span><\/p>\n<p style=\"text-align: justify;\"><span style=\"mso-ansi-language: FR;\" lang=\"FR\">Sa carri\u00e8re internationale a perdu un peu de son \u00e9clat apr\u00e8s la fin de son contrat RealWorld, en 1999. D\u2019autant qu\u2019il appara\u00eet alors davantage dans la rubrique faits divers au d\u00e9but des ann\u00e9es 2000 avec une condamnation en France pour aide au s\u00e9jour irr\u00e9gulier d\u2019\u00e9trangers sous couvert de ses activit\u00e9s musicales. Il a pass\u00e9 plus de trois mois en d\u00e9tention pr\u00e9ventive en 2003 dans le cadre de cette affaire.<\/span><\/p>\n<p style=\"text-align: justify;\"><span style=\"mso-ansi-language: FR;\" lang=\"FR\"><br \/><\/span><\/p>\n<p style=\"text-align: justify;\"><span style=\"mso-ansi-language: FR;\" lang=\"FR\">Mais ce p\u00e8re de six enfants restait une grande star en Afrique. Il \u00e9tait de tous les \u00e9v\u00e9nements musicaux majeurs concernant le continent, chantant notamment en l\u2019honneur des 90 ans de Nelson Mandela en juin 2008 \u00e0 Londres.<\/span><\/p>\n<p style=\"text-align: justify;\">\u00a0<\/p>\n<p style=\"text-align: justify;\"><span style=\"mso-ansi-language: FR;\" lang=\"FR\">SOURCE<\/span><\/p>\n<p style=\"text-align: justify;\">\u00a0<\/p>\n<p style=\"text-align: justify;\"><span style=\"mso-ansi-language: FR;\" lang=\"FR\"><a href=\"http:\/\/www.afriquechos.ch\/?p=8788\" title=\"www.afriquechos.ch\">AFRIQUECHOS.CH<\/a><br \/><\/span><\/p>\n<p>\u00a0<\/p>\n<!-- AddThis Advanced Settings generic via filter on the_content --><!-- AddThis Share Buttons generic via filter on the_content -->","protected":false},"excerpt":{"rendered":"<p>\u00a0 \u00a0 Le chanteur congolais Papa Wemba, 66 ans, est d\u00e9c\u00e9d\u00e9 dans la nuit de&#8230;<!-- AddThis Advanced Settings generic via filter on get_the_excerpt --><!-- AddThis Share Buttons generic via filter on get_the_excerpt --><\/p>\n","protected":false},"author":1,"featured_media":0,"comment_status":"open","ping_status":"open","sticky":false,"template":"","format":"standard","meta":[],"categories":[8],"tags":[],"_links":{"self":[{"href":"https:\/\/amagep.co.za\/fr\/wp-json\/wp\/v2\/posts\/689"}],"collection":[{"href":"https:\/\/amagep.co.za\/fr\/wp-json\/wp\/v2\/posts"}],"about":[{"href":"https:\/\/amagep.co.za\/fr\/wp-json\/wp\/v2\/types\/post"}],"author":[{"embeddable":true,"href":"https:\/\/amagep.co.za\/fr\/wp-json\/wp\/v2\/users\/1"}],"replies":[{"embeddable":true,"href":"https:\/\/amagep.co.za\/fr\/wp-json\/wp\/v2\/comments?post=689"}],"version-history":[{"count":0,"href":"https:\/\/amagep.co.za\/fr\/wp-json\/wp\/v2\/posts\/689\/revisions"}],"wp:attachment":[{"href":"https:\/\/amagep.co.za\/fr\/wp-json\/wp\/v2\/media?parent=689"}],"wp:term":[{"taxonomy":"category","embeddable":true,"href":"https:\/\/amagep.co.za\/fr\/wp-json\/wp\/v2\/categories?post=689"},{"taxonomy":"post_tag","embeddable":true,"href":"https:\/\/amagep.co.za\/fr\/wp-json\/wp\/v2\/tags?post=689"}],"curies":[{"name":"wp","href":"https:\/\/api.w.org\/{rel}","templated":true}]}}