{"id":687,"date":"2016-04-06T13:51:10","date_gmt":"2016-04-06T13:51:10","guid":{"rendered":"https:\/\/amagep.co.za\/fr\/2016\/04\/06\/le-parlement-sud-africain-rejette-la-destitution-du-president-jacob-zuma\/"},"modified":"2016-04-06T13:51:10","modified_gmt":"2016-04-06T13:51:10","slug":"le-parlement-sud-africain-rejette-la-destitution-du-president-jacob-zuma","status":"publish","type":"post","link":"https:\/\/amagep.co.za\/fr\/le-parlement-sud-africain-rejette-la-destitution-du-president-jacob-zuma\/","title":{"rendered":"Le Parlement sud-africain rejette la destitution du president Jacob Zuma"},"content":{"rendered":"<div id=\"chapo\" class=\"chapo2\" style=\"font-family: 'Trebuchet MS', Verdana, Arial, Helvetica, sans-serif; font-size: 13px; color: #000000; margin: 0px; padding: 0px; border-collapse: collapse; border-spacing: 0px; line-height: 1.5; font-weight: bold;\"><img loading=\"lazy\" class=\" size-full wp-image-633\" src=\"https:\/\/amagep.co.za\/fr\/wp-content\/uploads\/2014\/05\/jocob_zuma.jpg\" border=\"0\" width=\"505\" height=\"315\" \/><\/div>\n<div class=\"chapo2\" style=\"font-family: 'Trebuchet MS', Verdana, Arial, Helvetica, sans-serif; font-size: 13px; color: #000000; margin: 0px; padding: 0px; border-collapse: collapse; border-spacing: 0px; line-height: 1.5; font-weight: bold;\"><\/div>\n<div class=\"chapo2\" style=\"font-family: 'Trebuchet MS', Verdana, Arial, Helvetica, sans-serif; font-size: 13px; color: #000000; margin: 0px; padding: 0px; border-collapse: collapse; border-spacing: 0px; line-height: 1.5; font-weight: bold;\"><span style=\"line-height: 1.5;\">Le Parlement sud-africain a rejet\u00e9, ce mardi 5 avril 2016, la destitution du Pr\u00e9sident Jacob Zuma, demand\u00e9e par l\u2019opposition apr\u00e8s un jugement de la Cour constitutionnelle accusant le chef de l\u2019Etat de violation de la Constitution.<\/span><\/div>\n<div id=\"print\" class=\"print1\" style=\"font-family: 'Trebuchet MS', Verdana, Arial, Helvetica, sans-serif; font-size: 13px; color: #000000; margin: 0px; padding: 0px; border-collapse: collapse; border-spacing: 0px; line-height: 1.5;\" \/>  <!--more-->  <\/p>\n<p>\u00a0<\/p>\n<p>A l\u2019issue d\u2019un vote \u00e9lectronique des d\u00e9put\u00e9s, le vice-pr\u00e9sident du Parlement, Lechesa Tsenoli, a indiqu\u00e9 que \u00ab\u00a0le r\u00e9sultat du vote est le suivant\u00a0: 143 voix en faveur de la destitution, 233 contre. La motion est donc rejet\u00e9e\u00a0\u00bb. Le parti au pouvoir, le Congr\u00e8s national africain (ANC) qui soutient officiellement Jacob Zuma, a us\u00e9 de son \u00e9crasante majorit\u00e9 au parlement pour rejeter la destitution qui n\u00e9cessitait deux tiers des voix pour \u00eatre accept\u00e9e.<\/p>\n<p>La proc\u00e9dure avait \u00e9t\u00e9 lanc\u00e9e par le principal parti d\u2019opposition, l\u2019Alliance D\u00e9mocratique, apr\u00e8s le jugement historique, la semaine derni\u00e8re, de la plus haute instance judiciaire de ce pays d\u2019Afrique Australe, la Cour constitutionnelle, a jug\u00e9 que le chef de l\u2019Etat avait viol\u00e9 la Constitution en refusant de rembourser l\u2019argent public utilis\u00e9 pour r\u00e9nover sa propri\u00e9t\u00e9 priv\u00e9e.<\/p>\n<\/p><\/div>\n<!-- AddThis Advanced Settings generic via filter on the_content --><!-- AddThis Share Buttons generic via filter on the_content -->","protected":false},"excerpt":{"rendered":"<p>Le Parlement sud-africain a rejet\u00e9, ce mardi 5 avril 2016, la destitution du Pr\u00e9sident Jacob&#8230;<!-- AddThis Advanced Settings generic via filter on get_the_excerpt --><!-- AddThis Share Buttons generic via filter on get_the_excerpt --><\/p>\n","protected":false},"author":1,"featured_media":633,"comment_status":"open","ping_status":"open","sticky":false,"template":"","format":"standard","meta":[],"categories":[6],"tags":[],"_links":{"self":[{"href":"https:\/\/amagep.co.za\/fr\/wp-json\/wp\/v2\/posts\/687"}],"collection":[{"href":"https:\/\/amagep.co.za\/fr\/wp-json\/wp\/v2\/posts"}],"about":[{"href":"https:\/\/amagep.co.za\/fr\/wp-json\/wp\/v2\/types\/post"}],"author":[{"embeddable":true,"href":"https:\/\/amagep.co.za\/fr\/wp-json\/wp\/v2\/users\/1"}],"replies":[{"embeddable":true,"href":"https:\/\/amagep.co.za\/fr\/wp-json\/wp\/v2\/comments?post=687"}],"version-history":[{"count":0,"href":"https:\/\/amagep.co.za\/fr\/wp-json\/wp\/v2\/posts\/687\/revisions"}],"wp:featuredmedia":[{"embeddable":true,"href":"https:\/\/amagep.co.za\/fr\/wp-json\/wp\/v2\/media\/633"}],"wp:attachment":[{"href":"https:\/\/amagep.co.za\/fr\/wp-json\/wp\/v2\/media?parent=687"}],"wp:term":[{"taxonomy":"category","embeddable":true,"href":"https:\/\/amagep.co.za\/fr\/wp-json\/wp\/v2\/categories?post=687"},{"taxonomy":"post_tag","embeddable":true,"href":"https:\/\/amagep.co.za\/fr\/wp-json\/wp\/v2\/tags?post=687"}],"curies":[{"name":"wp","href":"https:\/\/api.w.org\/{rel}","templated":true}]}}