{"id":679,"date":"2016-02-08T09:19:22","date_gmt":"2016-02-08T09:19:22","guid":{"rendered":"https:\/\/amagep.co.za\/fr\/2016\/02\/08\/les-leopards-retrouvent-leur-couronne\/"},"modified":"2016-02-08T09:19:22","modified_gmt":"2016-02-08T09:19:22","slug":"les-leopards-retrouvent-leur-couronne","status":"publish","type":"post","link":"https:\/\/amagep.co.za\/fr\/les-leopards-retrouvent-leur-couronne\/","title":{"rendered":"Les L\u00e9opards retrouvent leur couronne"},"content":{"rendered":"<p>\u00a0<\/p>\n<p class=\"MsoNormal\"><img loading=\"lazy\" class=\" size-full wp-image-127\" src=\"https:\/\/amagep.co.za\/fr\/wp-content\/uploads\/2009\/03\/rdc2.jpg\" border=\"0\" width=\"400\" height=\"233\" \/><\/p>\n<p class=\"MsoNormal\">Sept ans apr\u00e8s avoir inscrit leur nom au palmar\u00e8s de la premi\u00e8re \u00e9dition du Championnat d\u2019Afrique des Nations Orange, les L\u00e9opards de la RD Congo ont retrouv\u00e9 la plus haute marche du podium en l\u2019emportant largement devant les Aigles du Mali (3-0). Le score est flatteur et ne refl\u00e8te pas la physionomie d\u2019une rencontre au cours de laquelle les deux \u00e9quipes ont fait quasiment jeu \u00e9gal. Mais lles Congolais avaient dans leurs rangs, un d\u00e9nomm\u00e9 Elia Meschack, un petit milieu offensif de 19 ans, venu du Cercle Sportif de Don Bosco, un club de Lubumbashi, dirig\u00e9 par le fils du Pr\u00e9sident du TP Mazembe, Mo\u00efse Katumbi.<\/p>\n<p class=\"MsoNormal\">\u00a0<\/p>\n<p \/><span style=\"font-family: \" \/>   <!--more-->  <\/span><\/p>\n<p>\u00a0<\/p>\n<p style=\"text-align: justify;\"><span style=\"font-family: \"><br \/> Sans ce joueur, quasiment inconnu jusqu\u2019alors, la partie aurait peut-\u00eatre eu un autre visage.<\/span><\/p>\n<p style=\"text-align: justify;\">\u00a0<\/p>\n<p style=\"text-align: justify;\"><span style=\"font-family: \">Si les premi\u00e8res salves furent maliennes, plus pr\u00e9cis\u00e9ment tir\u00e9es par l\u2019attaquant Mamadou Coulibaly, le premier temps fort de la rencontre intervint juste avant la demi-heure de jeu. D\u00e9cal\u00e9 sur le c\u00f4t\u00e9 gauche de la surface, balle au pied, il efface son vis-\u00e0-vis Issaka Samak\u00e9, se d\u00e9cale l\u00e9g\u00e8rement sur sa droite avant d\u2019ajuster sa frappe. Un travail d\u2019horloger ou de g\u00e9om\u00e8tre. Le ballon suit la trajectoire id\u00e9ale, crois\u00e9 juste comme il faut. Djigui Diarra a pris son envol, il ne peut rien. Sans doute un des plus beaux buts du tournoi par sa pr\u00e9cision, sa spontan\u00e9it\u00e9, son timing. Le public du stade Amahoro clame sa joie. Les Congolais ont d\u00e9barqu\u00e9 par milliers dans la capitale du Rwanda. Ils n\u2019ont pas quitt\u00e9 une seconde leurs tribunes alors qu\u2019une pluie d\u2019orage accompagnait la finale. Tremp\u00e9s, ils \u00e9taient tous tremp\u00e9s jusqu\u2019aux os.<\/span><\/p>\n<p style=\"text-align: justify;\"><span style=\"font-family: \"><br \/> Quelques instants apr\u00e8s le premier but, Aliou Dieng donnait des frissons aux supporters congolais mais son tir puissant \u00e9tait repouss\u00e9 des deux mains par Ley Matampi, le h\u00e9ros de la demi-finale. Les Maliens de Djibril Dram\u00e9 ne renon\u00e7aient pas. Ils constituent une \u00e9norme machine encore trop inexp\u00e9riment\u00e9e surtout devant les buts mais si une prime de la combativit\u00e9 devait \u00eatre d\u00e9cern\u00e9e, les Aigles l\u2019auraient emport\u00e9e sans contestation possible.<\/span><\/p>\n<p style=\"text-align: justify;\"><span style=\"font-family: \"><br \/> Le match n\u2019\u00e9tait pas fini. C\u2019\u2019est \u00e0 l\u2019heure de jeu que son issue se dessinait d\u00e9finitivement lorsque Elia Meschack s\u2019\u00e9chappait sur le c\u00f4t\u00e9 gauche du terrain, dans le dos de la d\u00e9fense malienne, effa\u00e7ait le gardien Diarra, un gamin de 21 ans qui f\u00eatera son vingt-et-uni\u00e8me anniversaire dans quelques jours, avant de d\u00e9poser le ballon dans une cage d\u00e9sert\u00e9e par son llocataire. A 2-0, c\u2019\u00e9tait fini. Pourtant les Maliens persistaient, y croyaient encore, montaient par vagues \u00e0 l\u2019assaut des buts de Matampi. En vain.<\/span><\/p>\n<p style=\"text-align: justify;\">\u00a0<\/p>\n<p style=\"text-align: justify;\"><span style=\"font-family: \">Et Jonathan Bolingi corsa l\u2019addition sur un service de Lomalisa Mutambala. Le ballon survolait trois d\u00e9fenseurs maliens pour atterrir dans les pieds de l\u2019attaquant congolais. Tir crois\u00e9 et encore un but. Le troisi\u00e8me de la finale et le quatorzi\u00e8me des L\u00e9opards dans le tournoi. L\u2019exp\u00e9rience a eu raison de la vaillance. Jo\u00ebl Kimwaki a remport\u00e9 son deuxi\u00e8me CHAN, mais cette ann\u00e9e il \u00e9tait le capitaine de l\u2019\u00e9quipe et c\u2019est \u00e0 ce titre qu\u2019il a re\u00e7u le Troph\u00e9e du vainqueur des mains du Pr\u00e9sident du Rwanda Paul Kagam\u00e9 et du Pr\u00e9sident de la CAF, Issa Hayatou. <\/span><\/p>\n<p style=\"text-align: justify;\">\u00a0<\/p>\n<p style=\"text-align: justify;\"><span style=\"font-family: \">Le Mali a pos\u00e9 des jalons pour l\u2019avenir de son football qui continue d\u2019aligner des m\u00e9dailles continentales et mondiales sur sa poitrine. Enfin les deux entra\u00eeneurs, Florent Ibenge et Djibril Dram\u00e9 ont apport\u00e9 la preuve que si les joueurs et l\u2019arbitrage ne cessent de progresser, il existe d\u00e9sormais nombre d\u2019entra\u00eeneurs de haut niveau en Afrique.<\/span><\/p>\n<p style=\"text-align: justify;\">\u00a0<\/p>\n<p style=\"text-align: justify;\"><span style=\"font-family: \">SOURCE<\/span><\/p>\n<p style=\"text-align: justify;\"><span style=\"font-family: \"><a href=\"http:\/\/www.cafonline.com\/fr-FR\/NewsCenter\/News\/NewsDetails?id=UiQurKVC8wxCTHAMEzShaw%3d%3d\" title=\"www.cafonline.com\">CAFONLINE.COM <\/a><br \/><\/span><\/p>\n<p>\u00a0<\/p>\n<!-- AddThis Advanced Settings generic via filter on the_content --><!-- AddThis Share Buttons generic via filter on the_content -->","protected":false},"excerpt":{"rendered":"<p>\u00a0 Sept ans apr\u00e8s avoir inscrit leur nom au palmar\u00e8s de la premi\u00e8re \u00e9dition du&#8230;<!-- AddThis Advanced Settings generic via filter on get_the_excerpt --><!-- AddThis Share Buttons generic via filter on get_the_excerpt --><\/p>\n","protected":false},"author":1,"featured_media":127,"comment_status":"open","ping_status":"open","sticky":false,"template":"","format":"standard","meta":[],"categories":[7],"tags":[],"_links":{"self":[{"href":"https:\/\/amagep.co.za\/fr\/wp-json\/wp\/v2\/posts\/679"}],"collection":[{"href":"https:\/\/amagep.co.za\/fr\/wp-json\/wp\/v2\/posts"}],"about":[{"href":"https:\/\/amagep.co.za\/fr\/wp-json\/wp\/v2\/types\/post"}],"author":[{"embeddable":true,"href":"https:\/\/amagep.co.za\/fr\/wp-json\/wp\/v2\/users\/1"}],"replies":[{"embeddable":true,"href":"https:\/\/amagep.co.za\/fr\/wp-json\/wp\/v2\/comments?post=679"}],"version-history":[{"count":0,"href":"https:\/\/amagep.co.za\/fr\/wp-json\/wp\/v2\/posts\/679\/revisions"}],"wp:featuredmedia":[{"embeddable":true,"href":"https:\/\/amagep.co.za\/fr\/wp-json\/wp\/v2\/media\/127"}],"wp:attachment":[{"href":"https:\/\/amagep.co.za\/fr\/wp-json\/wp\/v2\/media?parent=679"}],"wp:term":[{"taxonomy":"category","embeddable":true,"href":"https:\/\/amagep.co.za\/fr\/wp-json\/wp\/v2\/categories?post=679"},{"taxonomy":"post_tag","embeddable":true,"href":"https:\/\/amagep.co.za\/fr\/wp-json\/wp\/v2\/tags?post=679"}],"curies":[{"name":"wp","href":"https:\/\/api.w.org\/{rel}","templated":true}]}}