{"id":677,"date":"2015-11-07T17:46:03","date_gmt":"2015-11-07T17:46:03","guid":{"rendered":"https:\/\/amagep.co.za\/fr\/2015\/11\/07\/le-karmapa-koffi-olomide-ma-plagie\/"},"modified":"2015-11-07T17:46:03","modified_gmt":"2015-11-07T17:46:03","slug":"le-karmapa-koffi-olomide-ma-plagie","status":"publish","type":"post","link":"https:\/\/amagep.co.za\/fr\/le-karmapa-koffi-olomide-ma-plagie\/","title":{"rendered":"Le Karmapa: \u00ab Koffi Olomid\u00e9 m\u2019a plagi\u00e9 \u00bb"},"content":{"rendered":"<p style=\"text-align: justify;\"><img loading=\"lazy\" class=\" size-full wp-image-100\" src=\"https:\/\/amagep.co.za\/fr\/wp-content\/uploads\/2009\/02\/karmapa_520-2.jpg\" border=\"0\" width=\"520\" height=\"472\" \/><\/p>\n<p style=\"text-align: justify;\"><em>\u00ab\u00a0Dans\u00a0l\u2019album de Koffi, j\u2019ai  d\u00e9couvert qu\u2019il a plagi\u00e9 une de mes chansons de l\u2019album Riposte. Je suis  tr\u00e8s s\u00e9rieux dans mes propos et j\u2019en parlerai longuement \u00e0 mon retour  au pays<\/em>\u00bb : ce sont l\u00e0 des propos tenus par Le Karmapa depuis Abu  Dhabi, aux \u00c9mirats arabes unis, dans un entretien avec AEM, ce jeudi 5  novembre 2015.<\/p>\n<p style=\"text-align: justify;\" \/>  <!--more-->  <\/p>\n<p style=\"text-align: justify;\">\u00a0<\/p>\n<p style=\"text-align: justify;\"><strong>Vous accusez Koffi d\u2019avoir  plagi\u00e9 une de vos chansons, serait-ce votre\u00a0\u00a0ancien animateur Aspirine  qui lui aurait c\u00e9d\u00e9 vos\u00a0cr\u00e9ations ?\u2026<\/strong><\/p>\n<p style=\"text-align: justify;\">Exactement. Mais ce n\u2019est pas lui  l\u2019auteur de cette oeuvre et \u00e7a fait longtemps que cette \u00a0chanson\u00a0est  sortie. Lui, il l\u2019a titr\u00e9e <em>Bonanza<\/em>. Chez moi, la chanson s\u2019appelait <em>Kaniama Kasese.<\/em><\/p>\n<p style=\"text-align: justify;\"><strong>Comptez-vous r\u00e9server une suite judiciaire \u00e0 ce que vous qualifiez de plagiat ?<\/strong><\/p>\n<p style=\"text-align: justify;\">\u00c9videmment, \u00a0\u00e9coutez ces deux chansons  et vous verrez. Il y a beaucoup de mes airs. \u00c7a va faire du bruit. Ce  n\u2019est que le d\u00e9but. \u00c0 mon retour \u00e7a fera beaucoup\u00a0de bruit.<\/p>\n<p style=\"text-align: justify;\"><strong>En attendant les suites de cette affaire, que faites-vous \u00e0 Abu Dhabi\u00a0?<\/strong><\/p>\n<p>Je voudrais, avec l\u2019aide de Dieu\u00a0bien  s\u00fbr, r\u00e9aliser un truc jamais fait chez nous. Je suis en train  d\u2019y\u00a0r\u00e9aliser des clips de mon nouvel album 4 666 4.<\/p>\n<p>\u00a0<\/p>\n<p>Source<\/p>\n<p><a href=\"http:\/\/www.afriquechos.ch\/?p=7235\" title=\"www.afriquechos.ch\">AFRIQUECHOS.CH<\/a><\/p>\n<!-- AddThis Advanced Settings generic via filter on the_content --><!-- AddThis Share Buttons generic via filter on the_content -->","protected":false},"excerpt":{"rendered":"<p>\u00ab\u00a0Dans\u00a0l\u2019album de Koffi, j\u2019ai d\u00e9couvert qu\u2019il a plagi\u00e9 une de mes chansons de l\u2019album Riposte&#8230;.<!-- AddThis Advanced Settings generic via filter on get_the_excerpt --><!-- AddThis Share Buttons generic via filter on get_the_excerpt --><\/p>\n","protected":false},"author":1,"featured_media":100,"comment_status":"open","ping_status":"open","sticky":false,"template":"","format":"standard","meta":[],"categories":[8],"tags":[],"_links":{"self":[{"href":"https:\/\/amagep.co.za\/fr\/wp-json\/wp\/v2\/posts\/677"}],"collection":[{"href":"https:\/\/amagep.co.za\/fr\/wp-json\/wp\/v2\/posts"}],"about":[{"href":"https:\/\/amagep.co.za\/fr\/wp-json\/wp\/v2\/types\/post"}],"author":[{"embeddable":true,"href":"https:\/\/amagep.co.za\/fr\/wp-json\/wp\/v2\/users\/1"}],"replies":[{"embeddable":true,"href":"https:\/\/amagep.co.za\/fr\/wp-json\/wp\/v2\/comments?post=677"}],"version-history":[{"count":0,"href":"https:\/\/amagep.co.za\/fr\/wp-json\/wp\/v2\/posts\/677\/revisions"}],"wp:featuredmedia":[{"embeddable":true,"href":"https:\/\/amagep.co.za\/fr\/wp-json\/wp\/v2\/media\/100"}],"wp:attachment":[{"href":"https:\/\/amagep.co.za\/fr\/wp-json\/wp\/v2\/media?parent=677"}],"wp:term":[{"taxonomy":"category","embeddable":true,"href":"https:\/\/amagep.co.za\/fr\/wp-json\/wp\/v2\/categories?post=677"},{"taxonomy":"post_tag","embeddable":true,"href":"https:\/\/amagep.co.za\/fr\/wp-json\/wp\/v2\/tags?post=677"}],"curies":[{"name":"wp","href":"https:\/\/api.w.org\/{rel}","templated":true}]}}