{"id":674,"date":"2015-09-29T13:49:51","date_gmt":"2015-09-29T13:49:51","guid":{"rendered":"https:\/\/amagep.co.za\/fr\/2015\/09\/29\/jossart-nyoka-longo-mingi-bakoma-bato-na-kati-ya-bato-mpo-na-ngai-jossart\/"},"modified":"2015-09-29T13:49:51","modified_gmt":"2015-09-29T13:49:51","slug":"jossart-nyoka-longo-mingi-bakoma-bato-na-kati-ya-bato-mpo-na-ngai-jossart","status":"publish","type":"post","link":"https:\/\/amagep.co.za\/fr\/jossart-nyoka-longo-mingi-bakoma-bato-na-kati-ya-bato-mpo-na-ngai-jossart\/","title":{"rendered":"Jossart Nyoka Longo : \u00ab Mingi bakoma bato na kati ya bato mpo na ngai Jossart\u201d*"},"content":{"rendered":"<p style=\"text-align: justify;\"><img loading=\"lazy\" class=\" size-full wp-image-551\" src=\"https:\/\/amagep.co.za\/fr\/wp-content\/uploads\/2012\/09\/2007_1230concertzaiko0175-2_640-2_520.jpg\" border=\"0\" width=\"520\" height=\"390\" \/><\/p>\n<p style=\"text-align: justify;\">\u00a0<\/p>\n<p><strong>Jossart Nyoka Longo est avare  des d\u00e9clarations, r\u00e9ticent pour r\u00e9pondre aux m\u00eames questions qui  reviennent encore et encore. Quand il est convaincu d\u2019avoir d\u00e9j\u00e0 dit  l\u2019essentiel, il sugg\u00e8re subrepticement qu\u2019on questionne son travail,  qu\u2019on analyse la sant\u00e9 de son orchestre \u00e0 travers ses \u0153uvres et ses  prestations. AEM a d\u00fb s\u2019armer de patience pour r\u00e9aliser cette interview  \u00e9voqu\u00e9e un an\u00a0 plus t\u00f4t. Ses r\u00e9ponses laissent transpara\u00eetre de la  confiance dans l\u2019avenir, une fiert\u00e9 du parcours r\u00e9alis\u00e9 et notamment  celle d\u2019avoir cr\u00e9\u00e9 et institu\u00e9 un m\u00e9tier nouveau et aujourd\u2019hui  \u00ab\u00a0incontournable\u00a0\u00bb dans la musique\u00a0: les a<em>talaku. <\/em><\/strong><\/p>\n<p>  <!--more-->  <\/p>\n<p><strong><em> <\/em><\/strong><\/p>\n<p>\u00a0<\/p>\n<p>\u00a0<\/p>\n<p style=\"text-align: justify;\">\u00a0<\/p>\n<p style=\"text-align: justify;\"><strong>AFRIQU\u2019\u00c9CHOS MAGAZINE (AEM): Quelles sont vos impressions sur votre premier voyage \u00e0 Luanda apr\u00e8s celui rocambolesque de 2002 ?<\/strong><\/p>\n<p style=\"text-align: justify;\"><strong>JOSSART NYOKA LONGO (JNL):<\/strong> Le dernier voyage \u00e0 Uige s\u2019\u00e9tait effectu\u00e9 par voie terrestre et sans  incident par rapport \u00e0 la tourn\u00e9e de 2002 o\u00f9 nous avions essuy\u00e9 des  tirs. Pour ce voyage actuel, d\u00e8s mon arriv\u00e9e \u00e0 l\u2019a\u00e9roport 4 de Fevereiro  le 7 septembre, la presse \u00e9tait l\u00e0 notamment RNA Canal international et  la T\u00e9l\u00e9vision publique d\u2019Angola. Nous allons jouer trois concerts et  nous avons h\u00e2te d\u2019y \u00eatre : vendredi 11 septembre, en VIP, au Cin\u00e9  Atlantico, samedi 12 septembre au Cin\u00e9 Tropical et dimanche 13 septembre  2015 \u00a0au Jardin do Eden au quartier Kapolo (ce dernier concert a  finalement \u00e9t\u00e9 d\u00e9plac\u00e9 sur l\u2019\u00eele de Mussulo) .<\/p>\n<p style=\"text-align: justify;\">\u00a0<\/p>\n<p style=\"text-align: justify;\"><strong>AEM: Peut-on en savoir un peu plus sur l\u2019album en gestation ?<\/strong><\/p>\n<p style=\"text-align: justify;\"><strong>JNL:<\/strong> Pour le moment, nous sommes en train de r\u00e9p\u00e9ter les chansons qui vont constituer ce prochain album.<\/p>\n<p style=\"text-align: justify;\"><strong>AEM: S\u2019agira-t-il d\u2019un album personnel de Jossart Nyoka ou d\u2019un album du groupe ?<\/strong><\/p>\n<p style=\"text-align: justify;\"><strong>JNL:<\/strong> Je ne comprends  pas ceux qui ont tendance \u00e0 faire la diff\u00e9rence entre Za\u00efko et Jossart.  Dans notre philosophie, Jossart et Za\u00efko ne font qu\u2019un.<\/p>\n<p style=\"text-align: justify;\">\u00a0<\/p>\n<p style=\"text-align: justify;\"><strong>AEM: Qu\u2019en est-il aujourd\u2019hui des recrutements annonc\u00e9s ?<\/strong><\/p>\n<p style=\"text-align: justify;\"><strong>JNL:<\/strong> Le recrutement est  permanent, nous avons commenc\u00e9 depuis l\u2019ann\u00e9e pass\u00e9e, nous avons de  nouvelles recrues et certaines font partie de la d\u00e9l\u00e9gation qui se  trouve en ce moment en Angola et d\u2019autres sont rest\u00e9s \u00e0 Kinshasa parce  qu\u2019ils n\u2019avaient pas de passeports.<\/p>\n<p style=\"text-align: justify;\">\u00a0<\/p>\n<p style=\"text-align: justify;\"><strong>AEM: Za\u00efko Langa Langa bat actuellement le record des tourn\u00e9es au Congo-Brazzaville, comment vous l\u2019expliquez ?<\/strong><\/p>\n<p style=\"text-align: justify;\"><strong>JNL:<\/strong> Cela est sans  doute le r\u00e9sultat du travail que nous sommes en train d\u2019abattre, de ce  que Za\u00efko a fait et de ce que le groupe offre aujourd\u2019hui au public.<\/p>\n<p style=\"text-align: justify;\">\u00a0<\/p>\n<p style=\"text-align: justify;\"><strong>AEM: Par le pass\u00e9, les pays  d\u2019Afrique de l\u2019Est faisaient les yeux doux \u00e0 Za\u00efko Langa Langa. Il  semble que ces derni\u00e8res ann\u00e9es ce ne soit plus le cas\u2026<\/strong><\/p>\n<p style=\"text-align: justify;\"><strong>JNL:<\/strong> C\u2019est  compr\u00e9hensible : notre agenda est tr\u00e8s charg\u00e9 au niveau de la RDC et du  Congo-Brazzaville o\u00f9 nous sommes tr\u00e8s sollicit\u00e9s. N\u2019emp\u00eache, nous sommes  d\u00e9j\u00e0 partis en Zambie, nous avons aussi des demandes pour le Kenya et  la Tanzanie. Aussi, n\u2019e\u00fbt \u00e9t\u00e9 le probl\u00e8me des combattants nous serions  d\u00e9j\u00e0 all\u00e9s en Afrique du Sud.<\/p>\n<p style=\"text-align: justify;\">\u00a0<\/p>\n<p style=\"text-align: justify;\"><strong>AEM:\u00a0Vous avez jou\u00e9 aussi \u00e0 Abidjan\u2026<\/strong><\/p>\n<p style=\"text-align: justify;\"><strong>JNL:<\/strong> Oui, mais moi-m\u00eame  je n\u2019ai pas \u00e9t\u00e9 satisfait de la tourn\u00e9e par rapport \u00e0 l\u2019organisation.  Il faut reconna\u00eetre aussi que ce long silence du groupe sur les m\u00e9dias a  jou\u00e9 \u00e0 notre d\u00e9faveur.<\/p>\n<p style=\"text-align: justify;\">\u00a0<\/p>\n<p style=\"text-align: justify;\"><strong>AEM: Aujourd\u2019hui, quelle serait votre attente vis-\u00e0-vis des fans et des fid\u00e8les de Za\u00efko Langa Langa ?<\/strong><\/p>\n<p style=\"text-align: justify;\"><strong>JNL:<\/strong> Aux fid\u00e8les de  Za\u00efko ce que je peux leur dire c\u2019est avant tout de garder confiance en  leur groupe.\u00a0Pour p\u00e9renniser ce groupe nous avons aussi des jeunes, nous  attendons leur apport par des critiques constructives et des  encouragements surtout aux jeunes qui arrivent aujourd\u2019hui, parce que ce  n\u2019est pas \u00e0 moi tout seul d\u2019inculquer cet esprit de Za\u00efko \u00e0 tous les  nouveaux venus. Les fid\u00e8les de Za\u00efko ont aussi leur part pour pouvoir  parler de temps en temps avec ces jeunes qui arrivent dans Za\u00efko, de  leur raconter l\u2019histoire des anciens de Za\u00efko, de leur conter l\u2019histoire  de Za\u00efko, de leur faire voir la grandeur de ce groupe, pour qu\u2019ils en  soient vraiment conscients. C\u2019est le travail que les fid\u00e8les doivent  faire, le soutien ne peut \u00eatre uniquement financier ou mat\u00e9riel.<\/p>\n<p style=\"text-align: justify;\">\u00a0<\/p>\n<p style=\"text-align: justify;\"><strong>AEM: La date du 7 septembre  renvoie \u00e0 votre naissance il y a 61 ans, mais \u00e9galement \u00e0 votre  production au Z\u00e9nith de Paris en 2002, le passage au Z\u00e9nith, \u00e9tait-ce  une renaissance du groupe et un tournant dans la foul\u00e9e de votre vie  personnelle ?<\/strong><\/p>\n<p style=\"text-align: justify;\"><strong>JNL:<\/strong> Sur le plan  spirituel, c\u2019\u00e9tait une p\u00e9riode de brisement et d\u2019\u00e9puration pour moi et  le groupe, je rendais gr\u00e2ce \u00e0 Dieu pour toutes ces choses, je les ai  accept\u00e9es par la foi. Souviens- toi de mon arrestation et la s\u00e9rie des  maladies dont j\u2019ai \u00e9t\u00e9 victime par la suite jusqu\u2019\u00e0 notre retour au pays  en f\u00e9vrier 2009 ainsi que de cette longue absence au pays. C\u2019est la  renaissance de Za\u00efko Langa Langa depuis que nous sommes rentr\u00e9s \u00e0  Kinshasa. Voil\u00e0 pourquoi nous disons aujourd\u2019hui <em>Za\u00efko Langa Langa, Nouvelle formule<\/em>. Pour que l\u2019or brille, il doit passer par le feu.<\/p>\n<p style=\"text-align: justify;\">\u00a0<\/p>\n<p style=\"text-align: justify;\"><strong>AEM: De tous les chanteurs des  d\u00e9buts de Za\u00efko Langa-Langa, vous \u00eates, avec Papa Wemba, les seuls qui  m\u00e8nent encore une carri\u00e8re stable, peut-on parler de chance, du destin,  du hasard ?Est-ce que c\u2019est cela qui vous rend plus proches encore ?<\/strong><\/p>\n<p style=\"text-align: justify;\"><strong>JNL:<\/strong> Il y a tr\u00e8s  longtemps que je n\u2019utilise plus ces mots, Chance et Hasard. Je dis  seulement que c\u2019est une gr\u00e2ce. Nous sommes tr\u00e8s proches depuis la  cr\u00e9ation de Zaiko, cela ne date pas d\u2019aujourd\u2019hui.<\/p>\n<p style=\"text-align: justify;\">\u00a0<\/p>\n<p style=\"text-align: justify;\"><strong>AEM: De quoi seriez-vous plus fier apr\u00e8s plus de 45 ans de carri\u00e8re ?<\/strong><\/p>\n<p style=\"text-align: justify;\"><strong>JNL:<\/strong> Nous sommes fiers  de nos apports dans la musique congolaise en particulier et africaine en  g\u00e9n\u00e9rale. Surtout que nous avons pu cr\u00e9er des emplois pour toute une  g\u00e9n\u00e9ration avec le ph\u00e9nom\u00e8ne atalaku. Modeste, nous les sommes mais  comme on en parle presque pas, nous devons le clamer haut et fort, c\u2019est  grace \u00e0 nous que *<em>Mingi bakoma bato na kati ya bato mpo na ngai Jossart N\u2019Yoka Longo.<\/em> Qui ne le reconnait pas ? Ici je parle de tous les <em>atalaku<\/em> sans exception m\u00eame si dans certains pays africains on les consid\u00e8re comme des DJ.<\/p>\n<p style=\"text-align: justify;\">\u00a0<\/p>\n<p style=\"text-align: justify;\"><strong>AEM: Vous serait-il d\u00e9j\u00e0 arriv\u00e9 dans des moments difficiles de craindre la fin de votre carri\u00e8re ?<\/strong><\/p>\n<p style=\"text-align: justify;\"><strong>JNL:<\/strong> Non, pas du tout, l\u2019avenir ne m\u2019appartient pas.<\/p>\n<p style=\"text-align: justify;\">\u00a0<\/p>\n<p style=\"text-align: justify;\"><strong>AEM: Votre opus Bande annonce sorti en ao\u00fbt 2011 fait toujours danser, vous attendiez-vous \u00e0 une telle long\u00e9vit\u00e9 ?<\/strong><\/p>\n<p style=\"text-align: justify;\"><strong>JNL:<\/strong> Replongez-vous  dans mes premi\u00e8res interviews dans les diff\u00e9rentes chaines de t\u00e9l\u00e9vision  \u00e0 notre retour \u00e0 Kinshasa, j\u2019avais dit ceci en lingala \u00ab\u00a0<em>Ba musiciens bazali kobina mais na\u00efno Kinshasa ebini te <\/em>\u00bb Traduisez : <em>\u00ab\u00a0Jusque l\u00e0, les musiciens dansent mais ne font pas danser Kinshasa\u00a0\u00bb<\/em>.  Aujourd\u2019hui, ce n\u2019est pas seulement Kinshasa qui est dans la fi\u00e8vre de  Vimba mais c\u2019est partout et de 7 \u00e0 77 ans. Vous avez un exemple avec le  nouveau titre de notre fr\u00e8re Awilo Longomba <em>Enemy solo.<\/em><\/p>\n<p style=\"text-align: justify;\"><em><br \/><\/em><\/p>\n<p style=\"text-align: justify;\"><strong>AEM: Des perspectives ?<\/strong><\/p>\n<p><strong>JNL:<\/strong> Nous en avons beaucoup, vous les saurez avec le temps, si l\u2019\u00c9ternel nous renouvelle son souffle aussi longtemps encore.<\/p>\n<p>\u00a0<\/p>\n<p>\u00ab\u00a0<em>Beaucoup, aujourd\u2019hui dans la musique et dans la vie, ont un m\u00e9tier et une situation gr\u00e2ce \u00e0 moi Jossart\u00a0\u00bb<\/em><\/p>\n<p>\u00a0<\/p>\n<p>Source<\/p>\n<p><a href=\"http:\/\/www.afriquechos.ch\/?p=7480\" title=\"www.afriquechos.ch\">AFRIQUECHOS.CH<\/a><\/p>\n<!-- AddThis Advanced Settings generic via filter on the_content --><!-- AddThis Share Buttons generic via filter on the_content -->","protected":false},"excerpt":{"rendered":"<p>\u00a0 Jossart Nyoka Longo est avare des d\u00e9clarations, r\u00e9ticent pour r\u00e9pondre aux m\u00eames questions qui&#8230;<!-- AddThis Advanced Settings generic via filter on get_the_excerpt --><!-- AddThis Share Buttons generic via filter on get_the_excerpt --><\/p>\n","protected":false},"author":1,"featured_media":551,"comment_status":"open","ping_status":"open","sticky":false,"template":"","format":"standard","meta":[],"categories":[8],"tags":[],"_links":{"self":[{"href":"https:\/\/amagep.co.za\/fr\/wp-json\/wp\/v2\/posts\/674"}],"collection":[{"href":"https:\/\/amagep.co.za\/fr\/wp-json\/wp\/v2\/posts"}],"about":[{"href":"https:\/\/amagep.co.za\/fr\/wp-json\/wp\/v2\/types\/post"}],"author":[{"embeddable":true,"href":"https:\/\/amagep.co.za\/fr\/wp-json\/wp\/v2\/users\/1"}],"replies":[{"embeddable":true,"href":"https:\/\/amagep.co.za\/fr\/wp-json\/wp\/v2\/comments?post=674"}],"version-history":[{"count":0,"href":"https:\/\/amagep.co.za\/fr\/wp-json\/wp\/v2\/posts\/674\/revisions"}],"wp:featuredmedia":[{"embeddable":true,"href":"https:\/\/amagep.co.za\/fr\/wp-json\/wp\/v2\/media\/551"}],"wp:attachment":[{"href":"https:\/\/amagep.co.za\/fr\/wp-json\/wp\/v2\/media?parent=674"}],"wp:term":[{"taxonomy":"category","embeddable":true,"href":"https:\/\/amagep.co.za\/fr\/wp-json\/wp\/v2\/categories?post=674"},{"taxonomy":"post_tag","embeddable":true,"href":"https:\/\/amagep.co.za\/fr\/wp-json\/wp\/v2\/tags?post=674"}],"curies":[{"name":"wp","href":"https:\/\/api.w.org\/{rel}","templated":true}]}}