{"id":673,"date":"2015-07-28T15:55:45","date_gmt":"2015-07-28T15:55:45","guid":{"rendered":"https:\/\/amagep.co.za\/fr\/2015\/07\/28\/amagep-recrute-la-sud-africaine-mbali-ngobese\/"},"modified":"2015-07-28T15:55:45","modified_gmt":"2015-07-28T15:55:45","slug":"amagep-recrute-la-sud-africaine-mbali-ngobese","status":"publish","type":"post","link":"https:\/\/amagep.co.za\/fr\/amagep-recrute-la-sud-africaine-mbali-ngobese\/","title":{"rendered":"Amagep recrute la Sud-africaine Mbali Ngobese"},"content":{"rendered":"<p><img loading=\"lazy\" class=\" size-full wp-image-672\" src=\"https:\/\/amagep.co.za\/fr\/wp-content\/uploads\/2015\/07\/mbali.jpg\" border=\"0\" alt=\"Mbali\" title=\"Mbali\" width=\"500\" height=\"383\" srcset=\"https:\/\/amagep.co.za\/fr\/wp-content\/uploads\/2015\/07\/mbali.jpg 500w, https:\/\/amagep.co.za\/fr\/wp-content\/uploads\/2015\/07\/mbali-300x230.jpg 300w\" sizes=\"(max-width: 500px) 100vw, 500px\" \/><\/p>\n<p>Soucieuse  d\u2019am\u00e9liorer ses capacit\u00e9s, Amagep vient de d\u00e9signer la Sud-africaine  Mbali Ngobese \u00e0 la direction de deux de ses organes :<\/p>\n<p><span style=\"color: #333333; font-family: 'Georgia','serif';\"> <\/span><\/p>\n<p>  <!--more-->  <\/p>\n<p>\u00a0<\/p>\n<p><span style=\"color: #333333; font-family: 'Georgia','serif';\"> la commission  d\u2019\u00e9conomie et finances et la commission des relations publiques. Ses  missions : \u00e9valuer ses besoins financiers, \u00e9laborer son budget annuel,  fixer les contributions de ses membres ; travailler \u00e0 la mobilisation  des fonds, et promouvoir l\u2019image d\u2019AMAGEP (<em>African Marketing Global Empowerment and Projects<\/em>) aupr\u00e8s des partenaires potentiels et du public d\u2019Afrique du Sud, du continent et du monde.<\/span><\/p>\n<p>\u00a0<\/p>\n<p><span style=\"color: #333333; font-family: 'Georgia','serif';\">Source<\/span><\/p>\n<p>\u00a0<\/p>\n<p><span style=\"color: #333333; font-family: 'Georgia','serif';\"><a href=\"http:\/\/www.afriquechos.ch\/?p=7260\" title=\"www.afriquechos.ch\">AFRIQUECHOS.CH<\/a><br \/><\/span><\/p>\n<!-- AddThis Advanced Settings generic via filter on the_content --><!-- AddThis Share Buttons generic via filter on the_content -->","protected":false},"excerpt":{"rendered":"<p>Soucieuse d\u2019am\u00e9liorer ses capacit\u00e9s, Amagep vient de d\u00e9signer la Sud-africaine Mbali Ngobese \u00e0 la direction&#8230;<!-- AddThis Advanced Settings generic via filter on get_the_excerpt --><!-- AddThis Share Buttons generic via filter on get_the_excerpt --><\/p>\n","protected":false},"author":1,"featured_media":672,"comment_status":"open","ping_status":"open","sticky":false,"template":"","format":"standard","meta":[],"categories":[5],"tags":[],"_links":{"self":[{"href":"https:\/\/amagep.co.za\/fr\/wp-json\/wp\/v2\/posts\/673"}],"collection":[{"href":"https:\/\/amagep.co.za\/fr\/wp-json\/wp\/v2\/posts"}],"about":[{"href":"https:\/\/amagep.co.za\/fr\/wp-json\/wp\/v2\/types\/post"}],"author":[{"embeddable":true,"href":"https:\/\/amagep.co.za\/fr\/wp-json\/wp\/v2\/users\/1"}],"replies":[{"embeddable":true,"href":"https:\/\/amagep.co.za\/fr\/wp-json\/wp\/v2\/comments?post=673"}],"version-history":[{"count":0,"href":"https:\/\/amagep.co.za\/fr\/wp-json\/wp\/v2\/posts\/673\/revisions"}],"wp:featuredmedia":[{"embeddable":true,"href":"https:\/\/amagep.co.za\/fr\/wp-json\/wp\/v2\/media\/672"}],"wp:attachment":[{"href":"https:\/\/amagep.co.za\/fr\/wp-json\/wp\/v2\/media?parent=673"}],"wp:term":[{"taxonomy":"category","embeddable":true,"href":"https:\/\/amagep.co.za\/fr\/wp-json\/wp\/v2\/categories?post=673"},{"taxonomy":"post_tag","embeddable":true,"href":"https:\/\/amagep.co.za\/fr\/wp-json\/wp\/v2\/tags?post=673"}],"curies":[{"name":"wp","href":"https:\/\/api.w.org\/{rel}","templated":true}]}}