{"id":661,"date":"2015-06-04T12:03:45","date_gmt":"2015-06-04T12:03:45","guid":{"rendered":"https:\/\/amagep.co.za\/fr\/2015\/06\/04\/rudy-mandio-apres-les-usa-cap-sur-kinshasa\/"},"modified":"2015-06-04T12:03:45","modified_gmt":"2015-06-04T12:03:45","slug":"rudy-mandio-apres-les-usa-cap-sur-kinshasa","status":"publish","type":"post","link":"https:\/\/amagep.co.za\/fr\/rudy-mandio-apres-les-usa-cap-sur-kinshasa\/","title":{"rendered":"Rudy Mandio: Apr\u00e8s les USA, cap sur Kinshasa"},"content":{"rendered":"<p>\u00a0<\/p>\n<p>\u00a0<\/p>\n<p class=\"MsoNormal\"><img loading=\"lazy\" class=\" size-full wp-image-653\" src=\"https:\/\/amagep.co.za\/fr\/wp-content\/uploads\/2015\/03\/rude_and_mary_robinson.jpg\" border=\"0\" width=\"448\" height=\"337\" \/><\/p>\n<p class=\"MsoNormal\"><strong><span style=\"font-family: \">Voici maintenant 10 ans que Rudy Mandio, l\u2019homme qui dit \u00ab<\/span><\/strong><em><strong><span style=\"font-family: \">incarner l\u2019espoir de la jeunesse congolaise dans la gestion des affaires<\/span><\/strong><\/em><strong><span style=\"font-family: \">\u00bb, est pr\u00e9sent sur le front diplomatique en dehors de son pays la RDC. Son action l\u2019a dej\u00e0 men\u00e9 dans de nombreux pays notamment la France, Belgique, Malaisie\u2026 et r\u00e9cemment aux USA.<\/span><\/strong><\/p>\n<p class=\"MsoNormal\">\u00a0<\/p>\n<p>  <!--more-->  <\/p>\n<p> Apr\u00e8s sa derni\u00e8re tourn\u00e9e, qu\u2019il qualifie de \u00abfructueuse\u00bb au pays d\u2019Obama o\u00f9 il a pu rencontrer des personnalit\u00e9s influentes, il a d\u00e9cid\u00e9 de poursuivre sa campagne politique dans son pays d\u2019origine qu\u2019il devait gagner Jeudi 16 avril\u00a0dernier \u00e0 19h30. Ce voyage s\u2019inscrit dans son programme en pr\u00e9vision des prochaines \u00e9ch\u00e9ances \u00e9lectorales\u00a0pour lesquelles\u00a0Rudy Mandio annonce sa participation. Une occasion, selon lui, de briser le pont entre Kinshasa et la diaspora.<\/p>\n<p>\u00a0<\/p>\n<p>SOURCE<\/p>\n<p>\u00a0<\/p>\n<p><a href=\"http:\/\/www.afriquechos.ch\/?p=6571\" title=\"afriquechos.ch\">AFRIQUECHOS.CH<\/a><\/p>\n<!-- AddThis Advanced Settings generic via filter on the_content --><!-- AddThis Share Buttons generic via filter on the_content -->","protected":false},"excerpt":{"rendered":"<p>\u00a0 \u00a0 Voici maintenant 10 ans que Rudy Mandio, l\u2019homme qui dit \u00abincarner l\u2019espoir de&#8230;<!-- AddThis Advanced Settings generic via filter on get_the_excerpt --><!-- AddThis Share Buttons generic via filter on get_the_excerpt --><\/p>\n","protected":false},"author":1,"featured_media":653,"comment_status":"open","ping_status":"open","sticky":false,"template":"","format":"standard","meta":[],"categories":[6],"tags":[],"_links":{"self":[{"href":"https:\/\/amagep.co.za\/fr\/wp-json\/wp\/v2\/posts\/661"}],"collection":[{"href":"https:\/\/amagep.co.za\/fr\/wp-json\/wp\/v2\/posts"}],"about":[{"href":"https:\/\/amagep.co.za\/fr\/wp-json\/wp\/v2\/types\/post"}],"author":[{"embeddable":true,"href":"https:\/\/amagep.co.za\/fr\/wp-json\/wp\/v2\/users\/1"}],"replies":[{"embeddable":true,"href":"https:\/\/amagep.co.za\/fr\/wp-json\/wp\/v2\/comments?post=661"}],"version-history":[{"count":0,"href":"https:\/\/amagep.co.za\/fr\/wp-json\/wp\/v2\/posts\/661\/revisions"}],"wp:featuredmedia":[{"embeddable":true,"href":"https:\/\/amagep.co.za\/fr\/wp-json\/wp\/v2\/media\/653"}],"wp:attachment":[{"href":"https:\/\/amagep.co.za\/fr\/wp-json\/wp\/v2\/media?parent=661"}],"wp:term":[{"taxonomy":"category","embeddable":true,"href":"https:\/\/amagep.co.za\/fr\/wp-json\/wp\/v2\/categories?post=661"},{"taxonomy":"post_tag","embeddable":true,"href":"https:\/\/amagep.co.za\/fr\/wp-json\/wp\/v2\/tags?post=661"}],"curies":[{"name":"wp","href":"https:\/\/api.w.org\/{rel}","templated":true}]}}