{"id":66,"date":"2009-01-23T11:06:45","date_gmt":"2009-01-23T11:06:45","guid":{"rendered":"https:\/\/amagep.co.za\/fr\/2009\/01\/23\/rd-congo-le-chef-rebelle-qarreteq\/"},"modified":"2009-01-23T11:06:45","modified_gmt":"2009-01-23T11:06:45","slug":"rd-congo-le-chef-rebelle-qarreteq","status":"publish","type":"post","link":"https:\/\/amagep.co.za\/fr\/rd-congo-le-chef-rebelle-qarreteq\/","title":{"rendered":"RD Congo, le chef rebelle \u00ab\u00a0arr\u00eat\u00e9\u00a0\u00bb"},"content":{"rendered":"<p style=\"margin: 0cm 0cm 0pt\" class=\"MsoNormal\"><strong><span style=\"color: black; font-family: 'Courier New'\"><font size=\"3\"><img loading=\"lazy\" class=\" size-full wp-image-64\" src=\"https:\/\/amagep.co.za\/fr\/wp-content\/uploads\/2009\/01\/kunda.jpg\" border=\"0\" width=\"226\" height=\"170\" \/>\u00a0<\/font><\/span><\/strong><\/p>\n<p><span style=\"color: black; font-family: 'Courier New'\"><font size=\"3\">Le G\u00e9n Laurent Nkunda, le chef du plus grand groupe des rebelles \u00e0 l&rsquo;Est de la R\u00e9publique D\u00e9mocratique du Congo a \u00e9t\u00e9 ar\u00eat\u00e9, dit l\u2019arm\u00e9e.<\/font><\/span><span style=\"color: black; font-family: 'Courier New'\"><font size=\"3\"> <\/font><\/span><span style=\"color: black; font-family: 'Courier New'\"><font size=\"3\"> <!--more--> <\/p>\n<p>Il a \u00e9t\u00e9 ar\u00eat\u00e9 lorsqu\u2019il fuyait vers le Rwanda, en tentant de r\u00e9sister \u00e0 une conjointe op\u00e9ration militaire rwando-congolaise, selon le commandement de l&rsquo;op\u00e9ration. <span>\u00a0<\/span><\/p>\n<p>Quelques 3500 soldats rwandais sont entr\u00e9s en DR Congo le mardi 20 janvier dernier pour aider les forces du gouvernement \u00e0 d\u00e9sarmer les rebelles hutus rwandais du FDLR. <\/p>\n<p>Le G\u00e9n Nkunda Avait \u00e9t\u00e9 \u00e0 la t\u00eate de la fraction r\u00e9bellion tutsie CNDP. <\/p>\n<p>Il a \u00e9t\u00e9 ar\u00eat\u00e9 vu le tournant du changement rapide de la situation dipl\u00f4matique en Afrique centrale, d\u2019apr\u00e8s Martin Plaut,un analyste de la BBC Afrique. <\/p>\n<p>Le G\u00e9n Nkunda a \u00e9t\u00e9 l&rsquo;alli\u00e9 du Rwanda \u00e0 l&rsquo;Est de la RD Congo &#8211; un Tutsi, il a gard\u00e9 son flanc occidental contre les attaques des forces hutus qui ont fui le Rwanda \u00e0 la suite du genocide de 1994(Voir la carte d\u00e9taill\u00e9e de la zone au bas de la page).<span style=\"color: black; font-family: 'Courier New'\"><br \/><font size=\"3\">Cependant en mi-Novembre, le Rwanda avait chang\u00e9 sa position, en annon\u00e7ant qu&rsquo;il travaillerait en collaboration avec les Congolais pour d\u00e9truire les rebelles hutus. <\/p>\n<p>Malheureusement, le G\u00e9n Nkunda ne s&rsquo;est pas accord\u00e9 \u00e0 la nouvelle alliance pour pr\u00e9server les int\u00e9r\u00eats de son parrain Rwanda (de pouvoir cr\u00e9er le royaume hema-tutsi). Pour cette raison, il est devenu un sujet g\u00eanant aux plans rwandais dans la region, au point qu\u2019il s\u2019est attir\u00e9 ainsi la col\u00e8re de son prot\u00e9g\u00e9 d\u2019autrefois.<\/p>\n<p>Ainsi, la d\u00e9cision prise au d\u00e9but de ce mois par un groupe de hauts grad\u00e9s du G\u00e9n Nkunda de rompre et de collaborer avec les troupes gouvernementales leur a donn\u00e9 leur chance, ajoute notre correspondant. <\/p>\n<p>\u201c<strong>Bonne r\u00e9alisation<\/strong>\u00a0\u00bb <\/p>\n<p>Le chef rebelle a \u00e9t\u00e9 arr\u00eat\u00e9 au Rwanda apr\u00e8s avoir conduit ses troupes \u00e0 son fief dans la ville congolaise de Bunagana. <\/p>\n<p>\u00ab\u00a0L&rsquo;ex-g\u00e9n\u00e9ral Laurent Nkunda a \u00e9t\u00e9 arr\u00eat\u00e9 le jeudi 22 Janvier vers 22H30, alors qu&rsquo;il \u00e9tait en fuite sur le territoire rwandais, apr\u00e8s avoir r\u00e9sist\u00e9 \u00e0 nos troupes \u00e0 Bunagana avec trois bataillons\u00a0\u00bb, nous a confi\u00e9 un officiel Congolo-rwandais. <br \/>Tous ses compagnons rebelles ont \u00e9t\u00e9 oblig\u00e9s \u00e0 se d\u00e9sarmer, disent les rapports. <\/p>\n<p>Un porte-parole du gouvernement congolais, Lambert Mende, a exprim\u00e9 sa satisfaction \u00e0 la BBC en ces termes: <\/p>\n<p>\u00ab\u00a0Je pense que c&rsquo;est une bonne r\u00e9ussite pour la paix et la s\u00e9curit\u00e9 dans cette zone et dans la r\u00e9gion des Grands Lacs\u00bb. <\/p>\n<p>Certaines forces du G\u00e9n Nkunda \u2013 estim\u00e9es peut-\u00eatre \u00e0 2000 personnes- se disent toujours \u00eatre rest\u00e9es fid\u00e8les \u00e0 lui. <\/p>\n<p>La question qui se pose maintenant est celle de savoir si ces forces vont se battre ou si elles rejoindront le nouveau consensus, afin de <span>\u00a0<\/span>s&rsquo;int\u00e9grer dans l&rsquo;arm\u00e9e congolaise, se demandent les correspondants. <\/p>\n<p>Le CNDP avait lanc\u00e9 une grande offensive en ao\u00fbt 2007, qui avait d\u00e9plac\u00e9 plus d&rsquo;un quart de million de personnes dans le Nord-Kivu et a suscit\u00e9 des craintes \u00e0 la fois d&rsquo;une crise humanitaire, et d\u2019une guerre r\u00e9gionale plus large. <\/p>\n<p>Le groupe de d\u00e9fense des droits humains a accus\u00e9 les forces de CNDP, ensemble avec le gouvernement, de nombreux meurtres, de viols et de tortures.<\/font><\/span><font face=\"Times New Roman\" size=\"3\" color=\"#000000\">\u00a0<\/font><\/p>\n<p><\/font><\/span><\/p>\n<p><font face=\"Times New Roman\" size=\"3\" color=\"#000000\">Source\u00a0<\/font><\/p>\n<p>\u00a0<font face=\"Times New Roman\" size=\"3\" color=\"#000000\"><a href=\"http:\/\/news.bbc.co.uk\/2\/hi\/africa\/7846339.stm\" title=\"www.bbc.co.uk\">http:\/\/news.bbc.co.uk\/2\/hi\/africa\/7846339.stm<\/a><\/font>\u00a0\u00a0<\/p>\n<p><img loading=\"lazy\" class=\" size-full wp-image-65\" src=\"https:\/\/amagep.co.za\/fr\/wp-content\/uploads\/2009\/01\/45400077_dr_con_virunga_466_16.gif\" border=\"0\" width=\"400\" height=\"369\" \/>\u00a0<\/p>\n<p>&nbsp;<\/p>\n<!-- AddThis Advanced Settings generic via filter on the_content --><!-- AddThis Share Buttons generic via filter on the_content -->","protected":false},"excerpt":{"rendered":"<p>\u00a0 Le G\u00e9n Laurent Nkunda, le chef du plus grand groupe des rebelles \u00e0 l&rsquo;Est&#8230;<!-- AddThis Advanced Settings generic via filter on get_the_excerpt --><!-- AddThis Share Buttons generic via filter on get_the_excerpt --><\/p>\n","protected":false},"author":1,"featured_media":64,"comment_status":"open","ping_status":"open","sticky":false,"template":"","format":"standard","meta":[],"categories":[6],"tags":[],"_links":{"self":[{"href":"https:\/\/amagep.co.za\/fr\/wp-json\/wp\/v2\/posts\/66"}],"collection":[{"href":"https:\/\/amagep.co.za\/fr\/wp-json\/wp\/v2\/posts"}],"about":[{"href":"https:\/\/amagep.co.za\/fr\/wp-json\/wp\/v2\/types\/post"}],"author":[{"embeddable":true,"href":"https:\/\/amagep.co.za\/fr\/wp-json\/wp\/v2\/users\/1"}],"replies":[{"embeddable":true,"href":"https:\/\/amagep.co.za\/fr\/wp-json\/wp\/v2\/comments?post=66"}],"version-history":[{"count":0,"href":"https:\/\/amagep.co.za\/fr\/wp-json\/wp\/v2\/posts\/66\/revisions"}],"wp:featuredmedia":[{"embeddable":true,"href":"https:\/\/amagep.co.za\/fr\/wp-json\/wp\/v2\/media\/64"}],"wp:attachment":[{"href":"https:\/\/amagep.co.za\/fr\/wp-json\/wp\/v2\/media?parent=66"}],"wp:term":[{"taxonomy":"category","embeddable":true,"href":"https:\/\/amagep.co.za\/fr\/wp-json\/wp\/v2\/categories?post=66"},{"taxonomy":"post_tag","embeddable":true,"href":"https:\/\/amagep.co.za\/fr\/wp-json\/wp\/v2\/tags?post=66"}],"curies":[{"name":"wp","href":"https:\/\/api.w.org\/{rel}","templated":true}]}}