{"id":654,"date":"2015-03-10T12:33:07","date_gmt":"2015-03-10T12:33:07","guid":{"rendered":"https:\/\/amagep.co.za\/fr\/2015\/03\/10\/rudy-mandio-veut-engager-la-diaspora-congolaise-dans-le-changement-democratique-en-rdc\/"},"modified":"2015-03-10T12:33:07","modified_gmt":"2015-03-10T12:33:07","slug":"rudy-mandio-veut-engager-la-diaspora-congolaise-dans-le-changement-democratique-en-rdc","status":"publish","type":"post","link":"https:\/\/amagep.co.za\/fr\/rudy-mandio-veut-engager-la-diaspora-congolaise-dans-le-changement-democratique-en-rdc\/","title":{"rendered":"Rudy Mandio veut engager la diaspora congolaise dans le changement d\u00e9mocratique en RDC"},"content":{"rendered":"<p style=\"text-align: justify;\"><img loading=\"lazy\" class=\" size-full wp-image-653\" src=\"https:\/\/amagep.co.za\/fr\/wp-content\/uploads\/2015\/03\/rude_and_mary_robinson.jpg\" border=\"0\" width=\"448\" height=\"337\" \/><\/p>\n<p><strong>Depuis sa naissance en tant que \u00ab  \u00c9tat Ind\u00e9pendant du Congo\u00a0\u00bb en 1885, la R\u00e9publique D\u00e9mocratique du  Congo est un enjeu international non seulement \u00e0 cause de sa position  g\u00e9ostrat\u00e9gique au coeur de l\u2019Afrique mais aussi de son abondance  exceptionnelle en ressources naturelles, y compris celles qui sont  vitales pour la s\u00e9curit\u00e9 des grandes puissances: l\u2019uranium et le coltan.  Et manifestement pour certaines superpuissances du monde, contr\u00f4ler le  Congo \u00e9quivaudrait \u00e0 contr\u00f4ler toute l\u2019Afrique. <\/strong><\/p>\n<p>  <!--more-->  <\/p>\n<p><strong> <\/strong><\/p>\n<p>\u00a0<\/p>\n<p>\u00a0<\/p>\n<p style=\"text-align: justify;\">\u00a0<\/p>\n<p style=\"text-align: justify;\">Ainsi, pour que ce pays et son peuple se  l\u00e8vent et entrent au club des grandes puissances auquel ils pourraient  postuler, il a r\u00e9ellement besoin des dirigeants au double profil de  nationalistes, ayant \u00e0 c\u0153ur l\u2019int\u00e9r\u00eat de la RDC et de diplomates  aguerris. Rudy Mandio, un jeune activiste de la RDC, ambitionne de  pr\u00e9senter ce profil. L\u2019int\u00e9ress\u00e9 est pr\u00e9sident de la Ligue de la  Jeunesse de la Campagne pour la d\u00e9mocratie et la justice congolaises  (CDJC), un mouvement de soci\u00e9t\u00e9 civile de d\u00e9fense et de promotion de la  d\u00e9mocratie RDC et qui se bat entre autres pour la justice contre les  atrocit\u00e9s massives commises \u00e0 l\u2019est du Congo.<\/p>\n<p style=\"text-align: justify;\">\u00a0<\/p>\n<p style=\"text-align: justify;\">Son action sur le terrain se traduit  notamment par des rencontres fructueuses avec les grands de ce monde,  comme le Dr Nkosazana Dlamini-Zuma, Mme Christine Lagarde et Mlle Mary  Robinson, respectivement pr\u00e9sidente de l\u2019Union africaine, directrice  g\u00e9n\u00e9rale du Fond mon\u00e9taire international, et repr\u00e9sentante du Secr\u00e9taire  g\u00e9n\u00e9ral des Nations unies pour la r\u00e9gion des Grands Lacs. Et ses  efforts diplomatiques sont couronn\u00e9s par son invitation par  le\u00a0D\u00e9partement d\u2019\u00c9tat \u00e0 la r\u00e9union organis\u00e9e \u00e0 Washington DC sur  l\u2019avenir de la RDC avec comme perspective la r\u00e9solution des \u00c9tats Unis  pour la mat\u00e9rialisation de la toute premi\u00e8re alternance d\u00e9mocratique  civilis\u00e9e en RDC. Aux c\u00f4t\u00e9s des leaders de l\u2019opposition congolaise qui  ont \u00e9t\u00e9 les invit\u00e9s de l\u2019administration Obama, il est l\u2019h\u00f4te sp\u00e9cial du  D\u00e9partement d\u2019\u00c9tat.<\/p>\n<p style=\"text-align: justify;\">\u00a0<\/p>\n<p>Rudy Mandio se veut le porte-flambeau du  r\u00f4le de la diaspora comme acteur du changement en RDC. Il s\u2019agit pour  cette diaspora, selon lui, de s\u2019imposer v\u00e9ritablement, de passer de  spectateur passif \u00e0 acteur principal, de franchir une \u00e9tape importante  de la lutte pour le changement en RDC.<\/p>\n<p>\u00a0<\/p>\n<p>Source<\/p>\n<p>\u00a0<\/p>\n<p><a href=\"http:\/\/www.afriquechos.ch\/?p=5148\" title=\"www.afriquechos.ch\">AFRIQUECHOS.CH<\/a><\/p>\n<!-- AddThis Advanced Settings generic via filter on the_content --><!-- AddThis Share Buttons generic via filter on the_content -->","protected":false},"excerpt":{"rendered":"<p>Depuis sa naissance en tant que \u00ab \u00c9tat Ind\u00e9pendant du Congo\u00a0\u00bb en 1885, la R\u00e9publique&#8230;<!-- AddThis Advanced Settings generic via filter on get_the_excerpt --><!-- AddThis Share Buttons generic via filter on get_the_excerpt --><\/p>\n","protected":false},"author":1,"featured_media":653,"comment_status":"open","ping_status":"open","sticky":false,"template":"","format":"standard","meta":[],"categories":[5],"tags":[],"_links":{"self":[{"href":"https:\/\/amagep.co.za\/fr\/wp-json\/wp\/v2\/posts\/654"}],"collection":[{"href":"https:\/\/amagep.co.za\/fr\/wp-json\/wp\/v2\/posts"}],"about":[{"href":"https:\/\/amagep.co.za\/fr\/wp-json\/wp\/v2\/types\/post"}],"author":[{"embeddable":true,"href":"https:\/\/amagep.co.za\/fr\/wp-json\/wp\/v2\/users\/1"}],"replies":[{"embeddable":true,"href":"https:\/\/amagep.co.za\/fr\/wp-json\/wp\/v2\/comments?post=654"}],"version-history":[{"count":0,"href":"https:\/\/amagep.co.za\/fr\/wp-json\/wp\/v2\/posts\/654\/revisions"}],"wp:featuredmedia":[{"embeddable":true,"href":"https:\/\/amagep.co.za\/fr\/wp-json\/wp\/v2\/media\/653"}],"wp:attachment":[{"href":"https:\/\/amagep.co.za\/fr\/wp-json\/wp\/v2\/media?parent=654"}],"wp:term":[{"taxonomy":"category","embeddable":true,"href":"https:\/\/amagep.co.za\/fr\/wp-json\/wp\/v2\/categories?post=654"},{"taxonomy":"post_tag","embeddable":true,"href":"https:\/\/amagep.co.za\/fr\/wp-json\/wp\/v2\/tags?post=654"}],"curies":[{"name":"wp","href":"https:\/\/api.w.org\/{rel}","templated":true}]}}