{"id":636,"date":"2014-05-25T16:54:03","date_gmt":"2014-05-25T16:54:03","guid":{"rendered":"https:\/\/amagep.co.za\/fr\/2014\/05\/25\/le-real-madrid-roi-deurope\/"},"modified":"2014-05-25T16:54:03","modified_gmt":"2014-05-25T16:54:03","slug":"le-real-madrid-roi-deurope","status":"publish","type":"post","link":"https:\/\/amagep.co.za\/fr\/le-real-madrid-roi-deurope\/","title":{"rendered":"Le Real Madrid roi d&rsquo;Europe"},"content":{"rendered":"<p><strong><img loading=\"lazy\" class=\" size-full wp-image-635\" src=\"https:\/\/amagep.co.za\/fr\/wp-content\/uploads\/2014\/05\/real_madrid.jpg\" border=\"0\" alt=\"Real Madrid\" width=\"610\" height=\"400\" \/><\/strong><\/p>\n<p><strong>Le Real Madrid s&rsquo;est impos\u00e9 apr\u00e8s prolongation face \u00e0 l&rsquo;Atl\u00e9tico Madrid, samedi (4-1).<\/strong><\/p>\n<p><em><strong>Faits marquants, statistiques,  anecdotes, vid\u00e9os : revivez la finale de la Ligue des champions 100%  madril\u00e8ne entre le Real et l&rsquo;Atl\u00e9tico, qui a eu lieu samedi soir \u00e0  Lisbonne. <\/strong><\/em><\/p>\n<p>  <!--more-->  <\/p>\n<p><em><strong> <\/strong><\/em><\/p>\n<p>\u00a0<\/p>\n<p>\u00a0<\/p>\n<p><strong style=\"color: red;\">120&rsquo;+3 : C&rsquo;est termin\u00e9 ! <\/strong>Le Real Madrid s&rsquo;impose finalement 4-1 \u00e0 l&rsquo;issue d&rsquo;une finale incroyable sur le plan du suspense. A la 93e minute, les <em>Merengue<\/em> \u00e9taient encore men\u00e9s 1-0&#8230; Il s&rsquo;agit de la 10e victoire en Coupe des  clubs champions ou Ligue des champions pour le club du pr\u00e9sident  Florentino Perez, la fameuse \u00ab\u00a0d\u00e9cima\u00a0\u00bb.<\/p>\n<p><strong>120&rsquo;+2 :<\/strong> La fin de match tourne \u00e0 la foire d&#8217;empoigne sur la pelouse&#8230;<\/p>\n<p><strong>120&prime; :<\/strong> Penalty pour le Real Madrid ! Godin accroche le pied de Ronaldo, qui se  fait justice lui-m\u00eame en prenant Courtois \u00e0 contre-pied. 4-1.<\/p>\n<p>\u00a0<\/p>\n<p>En savoir plus<\/p>\n<p><a href=\"http:\/\/www.europe1.fr\/Sport\/Football\/Articles\/Le-Real-Madrid-roi-d-Europe-2131345\/\" title=\"europe1.fr\">EUROPE1.FR<\/a><\/p>\n<!-- AddThis Advanced Settings generic via filter on the_content --><!-- AddThis Share Buttons generic via filter on the_content -->","protected":false},"excerpt":{"rendered":"<p>Le Real Madrid s&rsquo;est impos\u00e9 apr\u00e8s prolongation face \u00e0 l&rsquo;Atl\u00e9tico Madrid, samedi (4-1). Faits marquants,&#8230;<!-- AddThis Advanced Settings generic via filter on get_the_excerpt --><!-- AddThis Share Buttons generic via filter on get_the_excerpt --><\/p>\n","protected":false},"author":1,"featured_media":635,"comment_status":"open","ping_status":"open","sticky":false,"template":"","format":"standard","meta":[],"categories":[7],"tags":[],"_links":{"self":[{"href":"https:\/\/amagep.co.za\/fr\/wp-json\/wp\/v2\/posts\/636"}],"collection":[{"href":"https:\/\/amagep.co.za\/fr\/wp-json\/wp\/v2\/posts"}],"about":[{"href":"https:\/\/amagep.co.za\/fr\/wp-json\/wp\/v2\/types\/post"}],"author":[{"embeddable":true,"href":"https:\/\/amagep.co.za\/fr\/wp-json\/wp\/v2\/users\/1"}],"replies":[{"embeddable":true,"href":"https:\/\/amagep.co.za\/fr\/wp-json\/wp\/v2\/comments?post=636"}],"version-history":[{"count":0,"href":"https:\/\/amagep.co.za\/fr\/wp-json\/wp\/v2\/posts\/636\/revisions"}],"wp:featuredmedia":[{"embeddable":true,"href":"https:\/\/amagep.co.za\/fr\/wp-json\/wp\/v2\/media\/635"}],"wp:attachment":[{"href":"https:\/\/amagep.co.za\/fr\/wp-json\/wp\/v2\/media?parent=636"}],"wp:term":[{"taxonomy":"category","embeddable":true,"href":"https:\/\/amagep.co.za\/fr\/wp-json\/wp\/v2\/categories?post=636"},{"taxonomy":"post_tag","embeddable":true,"href":"https:\/\/amagep.co.za\/fr\/wp-json\/wp\/v2\/tags?post=636"}],"curies":[{"name":"wp","href":"https:\/\/api.w.org\/{rel}","templated":true}]}}