{"id":634,"date":"2014-05-25T16:05:34","date_gmt":"2014-05-25T16:05:34","guid":{"rendered":"https:\/\/amagep.co.za\/fr\/2014\/05\/25\/afrique-du-sud-zuma-a-prete-serment\/"},"modified":"2014-05-25T16:05:34","modified_gmt":"2014-05-25T16:05:34","slug":"afrique-du-sud-zuma-a-prete-serment","status":"publish","type":"post","link":"https:\/\/amagep.co.za\/fr\/afrique-du-sud-zuma-a-prete-serment\/","title":{"rendered":"Afrique du Sud : Zuma a pr\u00eat\u00e9 serment"},"content":{"rendered":"<p>\u00a0<\/p>\n<p class=\"ingress\"><img loading=\"lazy\" class=\" size-full wp-image-633\" src=\"https:\/\/amagep.co.za\/fr\/wp-content\/uploads\/2014\/05\/jocob_zuma.jpg\" border=\"0\" width=\"505\" height=\"315\" \/><\/p>\n<p class=\"ingress\">Jacob Zuma a pr\u00eat\u00e9 serment ce matin pour son deuxi\u00e8me mandat \u00e0 la t\u00eate de l\u2019Afrique du Sud.<\/p>\n<p>Il a \u00e9t\u00e9 reconduit dans ses fonctions par le Parlement, domin\u00e9 par l\u2019ANC.<\/p>\n<p> Le parti de Jacob Zuma, l\u2019ANC, a remport\u00e9 une victoire importante aux l\u00e9gislatives qui se sont d\u00e9roul\u00e9es le 7 mai.<\/p>\n<p>  <!--more-->  <\/p>\n<p> Plus de 4000 invit\u00e9s dont des chefs d\u2019Etat se sont d\u00e9plac\u00e9s pour assister \u00e0 la c\u00e9r\u00e9monie d\u2019investiture \u00e0 Pretoria.<\/p>\n<p> Les m\u00e9dias sud-africains ont dit que lors de cette inauguration, il s\u2019agissait \u00e9galement de c\u00e9l\u00e9brer Nelson Mandela, mort l\u2019an dernier, et 20 ans de d\u00e9mocratie.<\/p>\n<p> Dans son discours d\u2019inauguration, le pr\u00e9sident a promis de relancer la croissance \u00e9conomique et l\u2019emploi.<\/p>\n<p> M. Zuma devrait annoncer la formation de son cabinet ce dimanche.<\/p>\n<p> Ses choix seront minutieusement observ\u00e9s par les analystes politiques alors que les probl\u00e8mes \u00e9conomiques augmentent et que pr\u00e8s d\u2019un quart de la population est au ch\u00f4mage.<\/p>\n<p> Ses adversaires disent que son premier mandat a \u00e9t\u00e9 marqu\u00e9 par la corruption et de mauvais r\u00e9sultats dans le secteur \u00e9conomique.<\/p>\n<p>\u00a0<\/p>\n<p>\u00a0<\/p>\n<!-- AddThis Advanced Settings generic via filter on the_content --><!-- AddThis Share Buttons generic via filter on the_content -->","protected":false},"excerpt":{"rendered":"<p>\u00a0 Jacob Zuma a pr\u00eat\u00e9 serment ce matin pour son deuxi\u00e8me mandat \u00e0 la t\u00eate&#8230;<!-- AddThis Advanced Settings generic via filter on get_the_excerpt --><!-- AddThis Share Buttons generic via filter on get_the_excerpt --><\/p>\n","protected":false},"author":1,"featured_media":633,"comment_status":"open","ping_status":"open","sticky":false,"template":"","format":"standard","meta":[],"categories":[6],"tags":[],"_links":{"self":[{"href":"https:\/\/amagep.co.za\/fr\/wp-json\/wp\/v2\/posts\/634"}],"collection":[{"href":"https:\/\/amagep.co.za\/fr\/wp-json\/wp\/v2\/posts"}],"about":[{"href":"https:\/\/amagep.co.za\/fr\/wp-json\/wp\/v2\/types\/post"}],"author":[{"embeddable":true,"href":"https:\/\/amagep.co.za\/fr\/wp-json\/wp\/v2\/users\/1"}],"replies":[{"embeddable":true,"href":"https:\/\/amagep.co.za\/fr\/wp-json\/wp\/v2\/comments?post=634"}],"version-history":[{"count":0,"href":"https:\/\/amagep.co.za\/fr\/wp-json\/wp\/v2\/posts\/634\/revisions"}],"wp:featuredmedia":[{"embeddable":true,"href":"https:\/\/amagep.co.za\/fr\/wp-json\/wp\/v2\/media\/633"}],"wp:attachment":[{"href":"https:\/\/amagep.co.za\/fr\/wp-json\/wp\/v2\/media?parent=634"}],"wp:term":[{"taxonomy":"category","embeddable":true,"href":"https:\/\/amagep.co.za\/fr\/wp-json\/wp\/v2\/categories?post=634"},{"taxonomy":"post_tag","embeddable":true,"href":"https:\/\/amagep.co.za\/fr\/wp-json\/wp\/v2\/tags?post=634"}],"curies":[{"name":"wp","href":"https:\/\/api.w.org\/{rel}","templated":true}]}}