{"id":63,"date":"2009-01-22T11:42:22","date_gmt":"2009-01-22T11:42:22","guid":{"rendered":"https:\/\/amagep.co.za\/fr\/2009\/01\/22\/eugide-defer-le-petit-frere-que-la-vie-donna-a-nyoka-longo\/"},"modified":"2009-01-22T11:42:22","modified_gmt":"2009-01-22T11:42:22","slug":"eugide-defer-le-petit-frere-que-la-vie-donna-a-nyoka-longo","status":"publish","type":"post","link":"https:\/\/amagep.co.za\/fr\/eugide-defer-le-petit-frere-que-la-vie-donna-a-nyoka-longo\/","title":{"rendered":"Eugide Defer : Le petit-fr\u00e8re que la vie donna \u00e0 Nyoka Longo"},"content":{"rendered":"<p><img loading=\"lazy\" class=\" size-full wp-image-62\" src=\"https:\/\/amagep.co.za\/fr\/wp-content\/uploads\/2009\/01\/eugide02-2.jpg\" border=\"0\" width=\"450\" height=\"337\" srcset=\"https:\/\/amagep.co.za\/fr\/wp-content\/uploads\/2009\/01\/eugide02-2.jpg 450w, https:\/\/amagep.co.za\/fr\/wp-content\/uploads\/2009\/01\/eugide02-2-300x225.jpg 300w\" sizes=\"(max-width: 450px) 100vw, 450px\" \/> <\/p>\n<table border=\"0\" cellspacing=\"0\" cellpadding=\"0\" width=\"100%\">\n<tbody>\n<tr>\n<td class=\"chapeau\" align=\"left\">\n<p class=\"spip\">&nbsp;<\/p>\n<p class=\"spip\">Pour la premi\u00e8re fois qu\u2019il devait s\u2019exprimer dans Afriqu\u2019Echos Magazine (AEM), Eugide Defer m\u2019avait fix\u00e9 rendez-vous dans un caf\u00e9 malfam\u00e9 de Ch\u00e2teau rouge \u00e0 Paris. Un choix \u00e9loquent pour entretenir le portrait qu\u2019on lui dresse, celui d\u2019\u00ab\u00a0<em class=\"spip\">un gars qui passe sa vie \u00e0 Ch\u00e2teau rouge et dans les nganda<\/em> (bistrots<\/p>\n<p> <!--more--> <\/p>\n<p class=\"spip\">\u00a0congolais) <em class=\"spip\">et celui d\u2019un producteur du ghetto avec toujours ses DVD dans le coffre de sa voiture<\/em>\u00a0\u00bb. Et pourtant, tous les matins, tr\u00e8s t\u00f4t, Eugide Defer sillonne les routes de Paris pour le compte de son entreprise avant de s\u2019enfoncer dans les nuits congolaises de Paris qu\u2019il conna\u00eet effectivement tr\u00e8s bien. La l\u00e9gende voudrait aussi qu\u2019il soit l\u2019entremetteur de Jossart, le gestionnaire de ses conqu\u00eates f\u00e9minines, la v\u00e9rit\u00e9 est heureusement tout autre\u00a0: Il dit de Jossart que c\u2019est le grand-fr\u00e8re que ses parents ne lui ont pas donn\u00e9 et r\u00e9p\u00e8te \u00e0 l\u2019envi. Pendant le long s\u00e9jour du chanteur, le \u00ab\u00a0petit-fr\u00e8re\u00a0\u00bb Eugide a su \u00eatre \u00e0 ses c\u00f4t\u00e9s, disponible, ing\u00e9nieux, combattif parce que pr\u00e9occup\u00e9 en permanence par la dignit\u00e9 et la respectabilit\u00e9 de Nyoka Longo.<\/p>\n<p><\/td>\n<\/tr>\n<tr>\n<td class=\"textmilieu1\" align=\"left\">\n<p class=\"spip\">La voiture <em class=\"spip\">Mercedes<\/em> d\u2019Eugide Defer pourrait rouler sans chauffeur de Paris jusqu\u2019au domicile bruxellois de Nyoka Longo tellement son propri\u00e9taire s\u2019y est rendu tr\u00e8s souvent. Parce que pour lui, \u00ab\u00a0<em class=\"spip\">les nombreuses conversations t\u00e9l\u00e9phoniques qu\u2019ils avaient dans la semaine ne pouvaient remplacer la pr\u00e9sence physique, les moments d\u2019\u00e9change et de partage, face \u00e0 face, les yeux dans les yeux pour refaire le monde, pr\u00e9parer l\u2019avenir, pr\u00e9venir la m\u00e9lancolie qui n\u2019est jamais loin quand la solitude, la monotonie et l\u2019oisivet\u00e9 r\u00f4dent \u2026<\/em>\u00a0\u00bb. Preuve de ce lien tr\u00e8s fort\u00a0: Eugide Defer a d\u00e9j\u00e0 effectu\u00e9 deux voyages \u00e0 Kinshasa pour pr\u00e9parer le terrain.<\/p>\n<p class=\"spip\">Jossart n\u2019a jamais eu de petit-fr\u00e8re et Eugide Defer non plus de grand-fr\u00e8re. L\u2019un et l\u2019autre n\u2019\u00e9taient pas sp\u00e9cialement \u00e0 la recherche de ce fr\u00e8re qui n\u2019est jamais venu, mais quand ils se rencontrent, leurs relations donnent l\u2019impression de combler un vide, un manque chez l\u2019autre. \u00c0 tel point qu\u2019Eugide jouit d\u2019une libert\u00e9 de jugement et de ton dont tr\u00e8s peu usent dans l\u2019entourage de Za\u00efko Langa Langa. Quand ce groupe a jou\u00e9 derni\u00e8rement un concert moyen \u00e0 Marignan \u00e0 Bruxelles ou devant des chaises vides \u00e0 Aachen en Allemagne, il le rapporta avec franchise \u00e0 Afriqu\u2019Echos Magazine (AEM). Et quand cet orchestre a jou\u00e9 pour la deuxi\u00e8me fois en plein air \u00e0 Heysel au \u00ab\u00a0Terrain\u00a0\u00bb et que Lolo Wameso, un fan historique, s\u2019enthousiasme dans AEM sous le titre\u00a0: \u00ab\u00a0<a class=\"spip_out\" href=\"http:\/\/www.afriquechos.ch\/spip.php?article3480\"><u><font color=\"#0000ff\">Jossart a-t-il mang\u00e9 du lion\u00a0?<\/font><\/u><\/a>\u00a0\u00bb, Defer m\u2019appela au t\u00e9l\u00e9phone agac\u00e9 de voir son orchestre brader son prestige avec ces concerts au rabais selon lui\u00a0: \u00ab\u00a0<em class=\"spip\"> Il faut que Jossart arr\u00eate avec \u00e7a, c\u2019est ridicule, \u00e7a n\u2019est pas de son rang. Une fois \u00e7a va, deux fois, trois fois non\u00a0! En plus communiquer sur cela c\u2019est contreproductif au moment o\u00f9 tout le monde attend son retour \u00e0 Kinshasa. Attention de ne pas lasser le public, attention de ne pas faire partie des meubles \u00e0 Bruxelles\u00a0!<\/em>\u00a0\u00bb.<\/p>\n<p class=\"spip\">Cette libert\u00e9 d\u2019opinion et de ton d\u2019Eugide Defer a maintes fois froiss\u00e9 quelques musiciens de Za\u00efko aux chevilles un peu enfl\u00e9es lorsqu\u2019il a eu le sentiment qu\u2019ils manquaient d\u2019\u00e9gards \u00e0 l\u2019institution qu\u2019est cet orchestre ou qu\u2019ils affichaient un comportement irrespectueux envers Nyoka Longo. Et cela m\u00eame si ce dernier ne jouit pas d\u2019une amiti\u00e9 exclusive de sa part, car s\u2019il a \u00e9t\u00e9 immortalis\u00e9 dans des chansons, il l\u2019a \u00e9t\u00e9 par Meridjo, Adamo Ekula et Lola Mwana. Des chansons qui ont consacr\u00e9, pour ainsi dire, un investissement sans rel\u00e2che dans la vie et la carri\u00e8re de certains musiciens. Mais son r\u00f4le aupr\u00e8s de Jossart est souvent sujet de controverses et de beaucoup de suspicion. Quand les choix artistiques et manag\u00e9riaux de ce dernier sont tr\u00e8s discutables, certains sortent les Scud\u00a0: \u00ab\u00a0<em class=\"spip\"> Pas \u00e9tonnant avec l\u2019entourage qu\u2019il a\u2026 Qu\u2019est ce qu\u2019Eugide peut lui conseiller d\u2019innovant, de s\u00e9rieux\u00a0?<\/em>\u00a0\u00bb. Le genre de remarques dont l\u2019int\u00e9ress\u00e9 ne se formalise pas\u00a0: \u00ab\u00a0<em class=\"spip\"> Seuls le prestige et le bien-\u00eatre de Jossart ainsi que le rayonnement de Za\u00efko m\u2019int\u00e9ressent, les gens peuvent toujours parler<\/em>\u00a0\u00bb. Je l\u2019ai v\u00e9rifi\u00e9 \u00e0 mon grand \u00e9tonnement\u00a0: l\u2019image qu\u2019il donne ou la l\u00e9gende qu\u2019on lui b\u00e2tit ne pr\u00e9occupent pas Eugide Defer, mais uniquement le bonheur et les soucis partag\u00e9s avec ceux qui lui sont chers\u00a0: sa femme, ses enfants, sa famille dont semblent faire partie pour la vie\u00a0: Jossart Nyoka Longo et Za\u00efko Langa Langa.<\/p>\n<\/td>\n<\/tr>\n<\/tbody>\n<\/table>\n<p>Source<\/p>\n<p><a href=\"http:\/\/www.afriquechos.ch\/spip.php?article3478\" title=\"www.afriquechos.ch\">http:\/\/www.afriquechos.ch\/spip.php?article3478<\/a><\/p>\n<!-- AddThis Advanced Settings generic via filter on the_content --><!-- AddThis Share Buttons generic via filter on the_content -->","protected":false},"excerpt":{"rendered":"<p>&nbsp; Pour la premi\u00e8re fois qu\u2019il devait s\u2019exprimer dans Afriqu\u2019Echos Magazine (AEM), Eugide Defer m\u2019avait&#8230;<!-- AddThis Advanced Settings generic via filter on get_the_excerpt --><!-- AddThis Share Buttons generic via filter on get_the_excerpt --><\/p>\n","protected":false},"author":1,"featured_media":62,"comment_status":"open","ping_status":"open","sticky":false,"template":"","format":"standard","meta":[],"categories":[8],"tags":[],"_links":{"self":[{"href":"https:\/\/amagep.co.za\/fr\/wp-json\/wp\/v2\/posts\/63"}],"collection":[{"href":"https:\/\/amagep.co.za\/fr\/wp-json\/wp\/v2\/posts"}],"about":[{"href":"https:\/\/amagep.co.za\/fr\/wp-json\/wp\/v2\/types\/post"}],"author":[{"embeddable":true,"href":"https:\/\/amagep.co.za\/fr\/wp-json\/wp\/v2\/users\/1"}],"replies":[{"embeddable":true,"href":"https:\/\/amagep.co.za\/fr\/wp-json\/wp\/v2\/comments?post=63"}],"version-history":[{"count":0,"href":"https:\/\/amagep.co.za\/fr\/wp-json\/wp\/v2\/posts\/63\/revisions"}],"wp:featuredmedia":[{"embeddable":true,"href":"https:\/\/amagep.co.za\/fr\/wp-json\/wp\/v2\/media\/62"}],"wp:attachment":[{"href":"https:\/\/amagep.co.za\/fr\/wp-json\/wp\/v2\/media?parent=63"}],"wp:term":[{"taxonomy":"category","embeddable":true,"href":"https:\/\/amagep.co.za\/fr\/wp-json\/wp\/v2\/categories?post=63"},{"taxonomy":"post_tag","embeddable":true,"href":"https:\/\/amagep.co.za\/fr\/wp-json\/wp\/v2\/tags?post=63"}],"curies":[{"name":"wp","href":"https:\/\/api.w.org\/{rel}","templated":true}]}}