{"id":611,"date":"2013-11-25T13:37:45","date_gmt":"2013-11-25T13:37:45","guid":{"rendered":"https:\/\/amagep.co.za\/fr\/2013\/11\/25\/liberte-et-christocratie\/"},"modified":"2013-11-25T13:37:45","modified_gmt":"2013-11-25T13:37:45","slug":"liberte-et-christocratie","status":"publish","type":"post","link":"https:\/\/amagep.co.za\/fr\/liberte-et-christocratie\/","title":{"rendered":"LIBERTE ET CHRISTOCRATIE"},"content":{"rendered":"<p><img loading=\"lazy\" class=\" size-full wp-image-610\" src=\"https:\/\/amagep.co.za\/fr\/wp-content\/uploads\/2013\/11\/noah_benadam.jpg\" border=\"0\" width=\"480\" height=\"522\" srcset=\"https:\/\/amagep.co.za\/fr\/wp-content\/uploads\/2013\/11\/noah_benadam.jpg 480w, https:\/\/amagep.co.za\/fr\/wp-content\/uploads\/2013\/11\/noah_benadam-276x300.jpg 276w\" sizes=\"(max-width: 480px) 100vw, 480px\" \/><\/p>\n<p>\u00a0<\/p>\n<p><span style=\"mso-ansi-language: FR;\" lang=\"FR\">La mondialisation est une direction irreversible du monde present. Elle a transform\u00e9 le mode en un \u2018gros village\u2019 en augmentant l\u2019\u00e9changeculturel grace au d\u00e9veloppementtechnologique, particuli\u00e8rementdans le transport et la communication. Cependant, ced\u00e9veloppement ne peut pas escamoter le fait que la globalisation, \u00e0 cause de son caract\u00e8re liberal, est incapable de r\u00e9pondre au d\u00e9fimajeuracuel du d\u00e9veloppement durable: la conciliation de la croissance\u00e9conomique avec la justice sociale et la protection de l\u2019environnement contre la pollution. Ayantengendr\u00e9 des disparit\u00e9s \u00e9conomiques et sociales \u00e0 l\u2019\u00e9chellemondiale, et faisant face impuissant au fl\u00e9au apocalyptique du r\u00e9chauffementclimatique, ceph\u00e9nom\u00e8neest la cause principalede la mont\u00e9e des courants anti-syst\u00e9miquesmondiaux, telsque le mouvement anti-mondialisation grandissant de la soci\u00e9t\u00e9 civile et le stup\u00e9fiant terrorisme islamiste. <\/span><\/p>\n<p>  <!--more-->  <\/p>\n<p>\u00a0<\/p>\n<p>\u00a0<\/p>\n<p class=\"MsoNormal\" style=\"text-align: justify; text-justify: inter-ideograph;\"><span style=\"mso-ansi-language: FR;\" lang=\"FR\">La d\u00e9sorientation du cours normal de la mondialisation repose sur le fait que celle-ci a d\u00e9g\u00e9n\u00e9r\u00e9 en un type liberal qui a propag\u00e9 une fausse notion de libert\u00e9 comme droit absolu \u00e0 tout faire. L\u2019auteur dans les lignes qui suivent ajuste le cours de ce ph\u00e9nom\u00e8ne d\u00e9cisif en ramenant l\u2019humanit\u00e9 \u00e0 sa position naturelle\u2014celle d\u2019une libert\u00e9 brid\u00e9e\u2014sur base de la th\u00e9orie de la relativit\u00e9 general d\u2019Albert Einstein. La notion de la libert\u00e9 brid\u00e9e est exprim\u00e9e en relativit\u00e9 generale \u00e0 travers trois principes suivants: (1) l\u2019espace-temps est courb\u00e9; (2) la courbure de l\u2019espace-temps est cr\u00e9\u00e9e par l\u2019\u00e9nergie de charge \u00e0 l\u2019int\u00e9rieur de l\u2019espace-temps; et (3) la mouvement inertial est un mouvement g\u00e9odesique. <\/span><\/p>\n<p class=\"MsoNormal\" style=\"text-align: justify; text-justify: inter-ideograph;\">\u00a0<\/p>\n<p class=\"MsoNormal\" style=\"text-align: justify; text-justify: inter-ideograph;\"><span style=\"mso-ansi-language: FR;\" lang=\"FR\">Ces principes du syst\u00e8me de l\u2019univers physique sont transpos\u00e9s dans le syst\u00e8me correspondant syst\u00e8me de la communaut\u00e9 politique\u2014invent\u00e9 autour du concepte de la Christocratie par le conf\u00e9rencier dans sa dissertation en vue de l\u2019obtention en 1996 d\u2019une licence en philosophie \u00e0 l\u2019ISPL-Universit\u00e9 Chr\u00e9tienne Cardinal Malula, \u00e0 Kinshasa, RDC\u2014en balayant ainsi les syst\u00e8mes politiques inappropri\u00e9s de la d\u00e9mocratie lib\u00e9rale et de la d\u00e9mocratie socialiste.<\/span><\/p>\n<p class=\"MsoNormal\" style=\"text-align: justify; text-justify: inter-ideograph;\"><span style=\"mso-ansi-language: FR;\" lang=\"FR\"> <\/span><\/p>\n<p class=\"MsoNormal\" style=\"text-align: justify; text-justify: inter-ideograph;\">\u00a0<\/p>\n<p class=\"MsoNormal\" style=\"text-align: justify; text-justify: inter-ideograph;\"><span style=\"mso-ansi-language: FR;\" lang=\"FR\">La soci\u00e9t\u00e9 christocratique, \u00e0 l\u2019instar de l\u2019espace-temps, est courb\u00e9e, et chaque personne se meut librement \u00e0 l\u2019int\u00e9rieur de son orbite (courbure). Ceci peut \u00eatre r\u00e9alis\u00e9 si la persdpective suivante est accpt\u00e9e comme la v\u00e9ridique en sciences sociales\u00a0: la vision du monde christocratique, le pl\u00e9r\u00f4misme. Pour ce dernier, le Christ J\u00e9sus, le Logos r\u00e9v\u00e9l\u00e9 de Dieu et le principe syst\u00e9mique central, est l\u2019\u00e9nergie de charge qui cr\u00e9e les courbures dans la soci\u00e9t\u00e9 afin que les individus se meuvent l\u00e0-dedans autour de lui. Ainsi le citoyen de l\u2019Etat christocratique a un mouvement inertial, c-\u00e0-d une identit\u00e9 unique et inali\u00e9nable et fait du potentiel inn\u00e9 et acquis, ainsi que de la passion qui le pousse vers son accomplissement. Pourtant son mouvement inertial est g\u00e9od\u00e9sique\u00a0: la trajectoire menant vers son accomplissement, au lieu d\u2019\u00eatre direct, bien pav\u00e9e comme une autoroute pour les automobilistes, est rocailleuse, \u00e9maill\u00e9e de courbures, conform\u00e9ment avec la loi de l\u2019autosacrifice symbolis\u00e9e par la croix du Calvaire. En cons\u00e9quence, dans le monde christocratique, et gr\u00e2ce \u00e0 la loi de l\u2019amour-\u00e9nergie, la mondialisation atteint son perfection v\u00e9ritable. <\/span><\/p>\n<p class=\"MsoListParagraph\" style=\"text-align: justify; text-justify: inter-ideograph; text-indent: -.25in; mso-list: l0 level1 lfo1;\"><span style=\"mso-bidi-font-family: Calibri;\" lang=\"EN-ZA\"><span style=\"mso-list: Ignore;\"> <\/span><\/span><span lang=\"EN-ZA\">INI <\/span><\/p>\n<p class=\"MsoListParagraph\" style=\"text-align: justify; text-justify: inter-ideograph; text-indent: -.25in; mso-list: l0 level1 lfo1;\"><span lang=\"EN-ZA\"> Introduction <br \/><\/span><\/p>\n<p class=\"MsoNormal\" style=\"text-align: justify; text-justify: inter-ideograph;\"><span style=\"mso-ansi-language: FR;\" lang=\"FR\">Pour paraphraser Pierre Teilhard de Chardin, l\u2019humanit\u00e9 est entr\u00e9e dans la phase finale de la compression sur la terre depuis le si\u00e8cle pass\u00e9, \u00e9tant conditionn\u00e9e par la dimension sph\u00e9rique de notre plan\u00e8te et de l\u2019univers en g\u00e9n\u00e9ral. Ainsi le courant de la totalisation (ou mondialisation) a commenc\u00e9, m\u00eame si beaucoup de lib\u00e9raux d\u2019enfuir leurs t\u00eates dans le sable comme des autruches devant cette r\u00e9alit\u00e9. Ceci a entrain\u00e9 le choc des civilisations et la crise cons\u00e9cutive \u00e0 l\u2019int\u00e9rieur de chacune des cultures concern\u00e9es. A titre illustratif, la totalisation a engendr\u00e9 la collision du lib\u00e9ralisme avec l\u2019Islamisme, qui se disputent l\u2019h\u00e9g\u00e9monie mondiale, \u00e0 l\u2019exemple de la vague de protestations dans le monde musulman suite \u00e0 la publication en 2006 des caricatures danoises d\u00e9peignant de mani\u00e8re d\u00e9rogatoire le Proph\u00e8te Mahomet. Dans le monde lib\u00e9ral, bon nombre de gens avaient pens\u00e9 qu\u2019il \u00e9tait juste que le journal danois publie les caritures parce que cela est conforme \u00e0 la libert\u00e9 d\u2019opinion et de presse, tandis que avaient consid\u00e9r\u00e9 la n\u00e9cessit\u00e9 de tracer les lines de la libert\u00e9. Dans le monde musulman, pendant que des foules inondaient les rues en d\u00e9fiant violemment l\u2019Ouest, quelques intellectuels avaient cru que les Etats islamiques despotiques sont plus insultant au Proph\u00e8te et aux musulmans que les caricatures, et que ces derni\u00e8res sont pertinentes dans la mesure o\u00f9 elles soul\u00e8vent le besoin de d\u00e9mocratie et de libert\u00e9 dans ce coin du globe. Bref, les caricatures danoises r\u00e9v\u00e9l\u00e8nt la certitude de la mondialisation et simultan\u00e9ment expos\u00e8rent l\u2019\u00e9chec du type lib\u00e9ral pr\u00e9sent, juste comme c\u2019est le cas avec le type socialiste, de gagner et de fusionner les esprits et les coeurs.<\/span><\/p>\n<p class=\"MsoNormal\" style=\"text-align: justify; text-justify: inter-ideograph;\"><span style=\"mso-ansi-language: FR;\" lang=\"FR\"> <\/span><\/p>\n<p class=\"MsoNormal\" style=\"text-align: justify; text-justify: inter-ideograph;\">\u00a0<\/p>\n<p class=\"MsoNormal\" style=\"text-align: justify; text-justify: inter-ideograph;\"><span style=\"mso-ansi-language: FR;\" lang=\"FR\">L\u2019objet de mon intervention est de situer la d\u00e9sorientation du cours normal de la mondialisation dans son type lib\u00e9ral, qui est d\u00e9vi\u00e9 et qui a propag\u00e9 une fausse notion de la libert\u00e9 comme droit absolu de tout faire. Je compte ajuster le cours de ph\u00e9nom\u00e8ne d\u00e9cisif en ramenant l\u2019humanit\u00e9 dans sa position naturelle\u2014celle de la libert\u00e9 brid\u00e9e\u2014sur base de la th\u00e9orie de la relativit\u00e9 g\u00e9n\u00e9rale. La soci\u00e9t\u00e9 \u00e9quilibr\u00e9e est hyper-Einsteinienne, c-\u00e0-d sa conception \u00e9tend la physique d\u2019Einstein en incluant la spiritualit\u00e9 chr\u00e9tienne de Teilhard de Chardin\u2014le tout se basant sur l\u2019assomption que les lois qui gouvernent l\u2019univers physique sont identiques \u00e0 celles qui gouvernent l\u2019univers psychique et spirituel, \u00e9tant donn\u00e9 l\u2019union et l\u2019intraction du corps, de l\u2019\u00e2me et de l\u2019esprit dans la constitution du microcosme, l\u2019Homme. <\/span>C\u2019est cela la soci\u00e9t\u00e9 christocratique.<\/p>\n<p class=\"MsoNormal\" style=\"text-align: justify; text-justify: inter-ideograph;\">\u00a0<\/p>\n<p class=\"MsoNormal\" style=\"text-align: justify; text-justify: inter-ideograph;\"><span style=\"mso-ansi-language: FR;\" lang=\"FR\">Cet essaie est articul\u00e9 en trois points, qui consistent \u00e0\u00a0: (1) pr\u00e9senter une br\u00e8ve critique du lib\u00e9ralisme et sa notion de la libert\u00e9\u00a0; (2) d\u00e9finir les principes de la relativit\u00e9 g\u00e9n\u00e9rale d\u2019Einstein, notamment ceux qui concernent mon th\u00e8me, en \u00e9vitant les d\u00e9veloppements math\u00e9matiques sur lesquelles je suis un profane\u00a0; et (3) transposer, par consid\u00e9rations philosophiques, ces principes au domaine psycho-spirituel, et de l\u00e0 \u00e0 signifier quelques pricipes fondamentaux de la politique christocratique. Ceci me conduit \u00e0 la conclusionque la vraie mondialisation atteint son accomplissent en christocratie.<\/span><\/p>\n<p class=\"MsoNormal\" style=\"text-align: justify; text-justify: inter-ideograph;\"><span style=\"mso-ansi-language: FR;\" lang=\"FR\"> <\/span><\/p>\n<p class=\"MsoNormal\" style=\"mso-margin-top-alt: auto; mso-margin-bottom-alt: auto; mso-outline-level: 2;\">\u00a0<\/p>\n<p class=\"MsoListParagraphCxSpFirst\" style=\"text-align: justify; text-justify: inter-ideograph; text-indent: -.25in; mso-list: l0 level1 lfo1;\"><span style=\"mso-bidi-font-family: Calibri;\" lang=\"EN-ZA\"><span style=\"mso-list: Ignore;\">2.<span style=\"font: 7.0pt \"> <\/span><\/span><\/span><span lang=\"EN-ZA\">UNE CRITIQUE DU LIBERALISME<\/span><\/p>\n<p class=\"MsoListParagraphCxSpMiddle\" style=\"margin-left: 0in; mso-add-space: auto; text-align: justify; text-justify: inter-ideograph;\"><span lang=\"EN-ZA\"> <\/span><\/p>\n<p class=\"MsoListParagraphCxSpMiddle\" style=\"margin-left: 0in; mso-add-space: auto; text-align: justify; text-justify: inter-ideograph;\"><span style=\"mso-ansi-language: FR;\" lang=\"FR\">Le lib\u00e9ralisme est la philosophie selon laquelle la libert\u00e9 ou le pouvoir de tout faire est la plus haute valeur et constitue l\u2019essence de la personne. John Locke, le penseur paradigmatique du lib\u00e9ralisme, d\u00e9finissant la libert\u00e9 comme la substance de l\u2019humanit\u00e9, argumente que les humains sont naturellement dans \u00ab\u00a0un Etat de Libert\u00e9 absolue d\u2019ordonner les Actions&#8230;\u00e0 leur guise&#8230;sans demander la permission ni d\u00e9pendre de la Volont\u00e9 de qui que ce soit\u00a0\u00bb<span style=\"mso-spacerun: yes;\"> <\/span>(http:\/\/plato.stanford.edu\/entries\/liberalism\/). L\u2019id\u00e9e fondamentale qui soutend cette assomption est que la libert\u00e9 est illimit\u00e9e, \u00e0 moins que toute tentative de tracer lui les lignes par le gouvernement est justifi\u00e9e. Les philosophes lib\u00e9raux ont bas\u00e9 cette justification sur des fondements divers.<span style=\"mso-spacerun: yes;\"> <\/span>J\u2019en mettrai en v\u00e9dette ici trois, qui sont consid\u00e9r\u00e9s comme les dominants sur presque toutes les nations lib\u00e9rales. <\/span><\/p>\n<p class=\"MsoListParagraphCxSpMiddle\" style=\"margin-left: 0in; mso-add-space: auto; text-align: justify; text-justify: inter-ideograph;\"><span style=\"mso-ansi-language: FR;\" lang=\"FR\"> <\/span><\/p>\n<p class=\"MsoListParagraphCxSpMiddle\" style=\"margin-left: 0in; mso-add-space: auto; text-align: justify; text-justify: inter-ideograph;\">\u00a0<\/p>\n<p class=\"MsoListParagraphCxSpMiddle\" style=\"margin-left: 0in; mso-add-space: auto; text-align: justify; text-justify: inter-ideograph;\"><span style=\"mso-ansi-language: FR;\" lang=\"FR\">Premi\u00e8rement, <em style=\"mso-bidi-font-style: normal;\">le principe du dommage<\/em> : la libert\u00e9 peut \u00eatre constrainte si et seulement si son d\u00e9tenteur l\u2019exerce de mani\u00e8re \u00e0 faire du tort \u00e0 autrui. John Stuart Mill ergote that \u00ab\u00a0le seul but pour lequel le pouvoir peut \u00eatre de mani\u00e8re juste exerc\u00e9 sur tout membre de la communaut\u00e9 civilis\u00e9e, contre sa volont\u00e9, est de pr\u00e9venir le tort \u00e0 autrui&#8230;En cette partie qui ne concerne que lui-m\u00eame, son ind\u00e9pendance est, de droit, absolue. Sur lui-m\u00eame, sur son propre corps et \u00e2me, l\u2019individu est souverain\u00a0\u00bb (Louis Pojman 2009\u00a0:99).<\/span><\/p>\n<p class=\"MsoListParagraphCxSpMiddle\" style=\"margin-left: 0in; mso-add-space: auto; text-align: justify; text-justify: inter-ideograph;\">\u00a0<\/p>\n<p class=\"MsoListParagraphCxSpMiddle\" style=\"margin-left: 0in; mso-add-space: auto; text-align: justify; text-justify: inter-ideograph;\"><span style=\"mso-ansi-language: FR;\" lang=\"FR\">Deuxi\u00e8mement, <em style=\"mso-bidi-font-style: normal;\">l\u2019id\u00e9al de la libert\u00e9 comme autonomie<\/em> : il se r\u00e9f\u00e8re \u00e0 l\u2019uniquit\u00e9 de la personne, \u00e0 son \u00eatre une fin en soi, comme le proclame Kant. Le n\u00e9o-H\u00e9g\u00e9lien britannique Thomas Green est juste quand il ajoute que la libert\u00e9 comme autonomie implique qu\u2019on est auto-orient\u00e9, se projetant inconditionnellement \u00e0 ses propres buts de long terme, et qu\u2019on ne les sacrifie pas sur l\u2019autel des compulsions asservissantes ou des plaisirs de court terme (http:\/\/plato.stanford.edu\/entries\/liberlism\/). Parmi les compulsions qui maintiennent captifs les humains l\u2019on peut citer l\u2019alcolisme, toutes sortes d\u2019addiction (exemple, celles li\u00e9es \u00e0 la drogue, aus rapports sexuels, \u00e0 la pornographie, au perfectionisme esth\u00e9tique, etc.), l\u2019homosexualit\u00e9, et le culte de l\u2019argent. De plus, les lib\u00e9raux attachent \u00e0 l\u2019id\u00e9al de la libert\u00e9 comme autonomie le droit de propri\u00e9t\u00e9 priv\u00e9e et d\u2019entreprise, ainsi que l\u2019assomption du march\u00e9 comme le fondement de la soci\u00e9t\u00e9. <\/span><\/p>\n<p class=\"MsoListParagraphCxSpMiddle\" style=\"margin-left: 0in; mso-add-space: auto; text-align: justify; text-justify: inter-ideograph;\">\u00a0<\/p>\n<p class=\"MsoListParagraphCxSpMiddle\" style=\"margin-left: 0in; mso-add-space: auto; text-align: justify; text-justify: inter-ideograph;\"><span style=\"mso-ansi-language: FR;\" lang=\"FR\">Troisi\u00e8mement, <em style=\"mso-bidi-font-style: normal;\">la th\u00e9orie du contat social <\/em>: inaugur\u00e9e par Thomas Hobbes et couronn\u00e9e par John Rawls, et ayant comme point de d\u00e9part la croyance en la libert\u00e9 naturelle et l\u2019\u00e9qualit\u00e9 naturelle des humains, elle insiste sur la n\u00e9cessit\u00e9 de les promouvoir en limitant la libert\u00e9 \u00e0 l\u2019int\u00e9rieur d\u2019une table des principes sur lesquels se sont accord\u00e9s tous les membres de la soci\u00e9t\u00e9 dans l\u2019\u00e9tat de nature (la position originelle) afin d\u2019\u00e9viter la r\u00e9duction \u00e0 l\u2019esclavage des uns par les autres. De l\u00e0 Rawls \u00e9tablit son premier principe de justice\u00a0: \u00ab\u00a0Chaque personne doit avoir un droit \u00e9gal au syst\u00e8me le plus extensif aux libert\u00e9s fondamentales \u00e9gales compatibles avec le syst\u00e8me similaire pour tous\u00a0\u00bb (http:\/\/plato.stanford.edu\/entries\/liberalism\/). <\/span><\/p>\n<p class=\"MsoListParagraphCxSpMiddle\" style=\"margin-left: 0in; mso-add-space: auto; text-align: justify; text-justify: inter-ideograph;\"><span style=\"mso-ansi-language: FR;\" lang=\"FR\"> <\/span><\/p>\n<p class=\"MsoListParagraphCxSpMiddle\" style=\"margin-left: 0in; mso-add-space: auto; text-align: justify; text-justify: inter-ideograph;\">\u00a0<\/p>\n<p class=\"MsoListParagraphCxSpMiddle\" style=\"margin-left: 0in; mso-add-space: auto; text-align: justify; text-justify: inter-ideograph;\"><span style=\"mso-ansi-language: FR;\" lang=\"FR\">En d\u00e9pit de ces trois fondements des contraintes \u00e0 la libert\u00e9, les soci\u00e9t\u00e9s lib\u00e9rales \u00e0 travers la plan\u00e8te ont \u00e9chou\u00e9 d\u2019atteindre le but de la libert\u00e9 pour tous. La raison de cet \u00e9chec r\u00e9side dans l\u2019infirmit\u00e9 des contraintes ci-haut mentionn\u00e9es.<\/span><\/p>\n<p class=\"MsoListParagraphCxSpMiddle\" style=\"margin-left: 0in; mso-add-space: auto; text-align: justify; text-justify: inter-ideograph;\">\u00a0<\/p>\n<p class=\"MsoListParagraphCxSpMiddle\" style=\"margin-left: 0in; mso-add-space: auto; text-align: justify; text-justify: inter-ideograph;\"><span style=\"mso-ansi-language: FR;\" lang=\"FR\">Le principe du dommage est handicap\u00e9 puisqu\u2019il \u00e9tablit \u00e0 tort qu\u2019il y a une place o\u00f9 les actes de quelqu\u2019un ne peuvent causer du tort \u00e0 autrui\u00a0: son corps et \u00e2me solitaires. En d\u2019autres termes, un microcosme solitaire est un lieu de la souveraine humaine.\u00a0Le probl\u00e8me est que, dans la mesure o\u00f9 \u00ab\u00a0aucun homme n\u2019est une \u00eele\u00a0\u00bb, comme le souligne \u00e0 juste titre Joel Feinberg (Louis Pojman, ibid), il n\u2019y a aucune action qui ait lieu quelque part et sans affecter les autres, positivement ou n\u00e9gativement. Une personne financi\u00e8rement ind\u00e9pendante, qui d\u00e9ciderait de vivre en hermitage dans le d\u00e9sert en prenant plaisir en tout moment dans l\u2019alcoolisme, causerait du tort au moins \u00e0 tout celui qui l\u2019aime ou qui a investi beaucoup de moyens pour elle d\u2019atteindre son haut standard financier\u00a0: parents, amis et l\u2019Etat qui a garanti son \u00e9ducation et s\u00e9curit\u00e9.<\/span><\/p>\n<p class=\"MsoListParagraphCxSpMiddle\" style=\"margin-left: 0in; mso-add-space: auto; text-align: justify; text-justify: inter-ideograph;\"><span style=\"mso-ansi-language: FR;\" lang=\"FR\"> <\/span><\/p>\n<p class=\"MsoListParagraphCxSpMiddle\" style=\"margin-left: 0in; mso-add-space: auto; text-align: justify; text-justify: inter-ideograph;\">\u00a0<\/p>\n<p class=\"MsoListParagraphCxSpMiddle\" style=\"margin-left: 0in; mso-add-space: auto; text-align: justify; text-justify: inter-ideograph;\"><span style=\"mso-ansi-language: FR;\" lang=\"FR\">L\u2019id\u00e9al de la libert\u00e9 comme autonomie de Green, \u00e9tant une r\u00e9flexion de la t\u00e9l\u00e9ologie de Kant, bien qu\u2019\u00e9tant digne de louange, n\u2019est pas distinctement lib\u00e9r\u00e9 de la prison mat\u00e9rialiste du march\u00e9 et du consumerisme \u00e9tablis par son co-lib\u00e9ral Adam Smith et ses disciples. Autrement dit, l\u2019humain, tel que con\u00e7u par Green, est tiraill\u00e9 entre la pression des buts sublimes \u00e0 atteindre \u00e0 long terme et la p\u00e9santeur des solicitations de ses d\u00e9sirs animaux infinis, qui sont incessamment excit\u00e9s \u00e0 travers le marketing des biens et des services offerts par la soci\u00e9t\u00e9 capitaliste. Malheureusement, les d\u00e9sirs animaux pr\u00e9valent sur les buts sublimes dans l\u2019\u00e2me humaine, juste comme il est plus facile d\u2019atteindre la base d\u2019une montagne en la descendant que le sommet en l\u2019escaladant.<\/span><\/p>\n<p class=\"MsoListParagraphCxSpMiddle\" style=\"margin-left: 0in; mso-add-space: auto; text-align: justify; text-justify: inter-ideograph;\"><span style=\"mso-ansi-language: FR;\" lang=\"FR\"> <\/span><\/p>\n<p class=\"MsoListParagraphCxSpMiddle\" style=\"margin-left: 0in; mso-add-space: auto; text-align: justify; text-justify: inter-ideograph;\">\u00a0<\/p>\n<p class=\"MsoListParagraphCxSpMiddle\" style=\"margin-left: 0in; mso-add-space: auto; text-align: justify; text-justify: inter-ideograph;\"><span style=\"mso-ansi-language: FR;\" lang=\"FR\">Le contrat social de l\u2019Etat lib\u00e9ral est d\u00e9ficient pour deux raisons. D\u2019un c\u00f4t\u00e9, ses principes ne sont pas moralement contaignants, c-\u00e0-d il manque un consensus moral. Ceci conduit \u00e0 la fragmentation de la soci\u00e9t\u00e9, \u00e9tant donn\u00e9 la multiplicit\u00e9 des conceptions, souvent contradictoires, du bien de la part des entit\u00e9s communautaires, cartels d\u2019int\u00e9r\u00eats, et des individus. Pour emprunter le m\u00e9taphore d\u2019Alaisdair MacIntyre, la soci\u00e9t\u00e9 lib\u00e9rale est une \u00ab\u00a0collection d\u2019\u00e9trangers, chacun poursuivant ses propres int\u00e9r\u00eats sous minimales contraintes\u00a0\u00bb<span style=\"mso-spacerun: yes;\"> <\/span>(Louis Pojman 2002\u00a0:403). En cons\u00e9quence est engendr\u00e9un conflit social permanent aussi longtemps que des int\u00e9r\u00eats diff\u00e9rents et oppos\u00e9s se heurtent en leur qu\u00eate d\u2019h\u00e9g\u00e9monie\u00a0; et l\u2019incapacit\u00e9 de les harmoniser emm\u00e8ne l\u00a0\u2018Etat, notamment le pouvoir judiciaire, \u00e0 l\u2019arbitraire. <span style=\"mso-spacerun: yes;\"> <\/span>(Ibid, pp. 403-404). Et de l\u2019autre cot\u00e9, le contat social (loi fondamentale) ne peut pas faire un homme vertueux, c-\u00e0-d respectueux de la libert\u00e9 et des droits du prochain.<\/span><\/p>\n<p class=\"MsoListParagraphCxSpMiddle\" style=\"margin-left: 0in; mso-add-space: auto; text-align: justify; text-justify: inter-ideograph;\"><span style=\"mso-ansi-language: FR;\" lang=\"FR\"> <\/span><\/p>\n<p class=\"MsoListParagraphCxSpMiddle\" style=\"margin-left: 0in; mso-add-space: auto; text-align: justify; text-justify: inter-ideograph;\">\u00a0<\/p>\n<p class=\"MsoListParagraphCxSpMiddle\" style=\"margin-left: 0in; mso-add-space: auto; text-align: justify; text-justify: inter-ideograph;\"><span style=\"mso-ansi-language: FR;\" lang=\"FR\">La libert\u00e9 comme la valeur supr\u00eame de la soci\u00e9t\u00e9 lib\u00e9rale n\u2019est pas go\u00fbt\u00e9e par tous car l\u2019organisation de l\u2019Etat lib\u00e9ral n\u2019est pas conforme aux principes qui dirigent l\u2019univers physique. J\u2019analyserai trois de ces principes v\u00e9rifi\u00e9s par Einstein dans sa th\u00e9ories de la relativit\u00e9g\u00e9n\u00e9rale.<\/span><\/p>\n<p class=\"MsoListParagraphCxSpMiddle\" style=\"margin-left: 0in; mso-add-space: auto; text-align: justify; text-justify: inter-ideograph;\"><span style=\"mso-ansi-language: FR;\" lang=\"FR\"><br \/><\/span><\/p>\n<p class=\"MsoListParagraphCxSpMiddle\" style=\"margin-left: 0in; mso-add-space: auto; text-align: justify; text-justify: inter-ideograph;\"><span style=\"mso-ansi-language: FR;\" lang=\"FR\"> <\/span><\/p>\n<p class=\"MsoListParagraphCxSpMiddle\" style=\"margin-left: 0in; mso-add-space: auto; text-align: justify; text-justify: inter-ideograph;\"><span style=\"font-family: \"> <\/span><\/p>\n<p class=\"MsoListParagraphCxSpMiddle\" style=\"text-align: justify; text-justify: inter-ideograph; text-indent: -.25in; mso-list: l0 level1 lfo1;\"><span style=\"mso-bidi-font-family: Calibri; mso-ansi-language: FR;\" lang=\"FR\"><span style=\"mso-list: Ignore;\">3.<span style=\"font: 7.0pt \"> <\/span><\/span><\/span><span style=\"mso-ansi-language: FR;\" lang=\"FR\">PRINCIPES DE LA RELATIVITE GENERALE D\u2019EINSTEIN<\/span><\/p>\n<p class=\"MsoListParagraphCxSpMiddle\" style=\"margin-left: 0in; mso-add-space: auto; text-align: justify; text-justify: inter-ideograph;\">\u00a0<\/p>\n<p class=\"MsoListParagraphCxSpMiddle\" style=\"margin-left: 0in; mso-add-space: auto; text-align: justify; text-justify: inter-ideograph;\"><span style=\"mso-ansi-language: FR;\" lang=\"FR\">Premi\u00e8rement, <em style=\"mso-bidi-font-style: normal;\">l\u2019espace-temps est courbe<\/em>. En relativit\u00e9 g\u00e9n\u00e9rale, qui est la th\u00e9orie g\u00e9om\u00e9trique de la gravitation d\u2019Einstein, reigne la g\u00e9om\u00e9trique qui est en contraste avec la g\u00e9om\u00e9trie euclidienne. La diff\u00e9rence entre les deux g\u00e9om\u00e9tries est la suivante\u00a0: consid\u00e8re deux lignes dans un plan \u00e0 deux dimensions (une surface s\u2019\u00e9tendant du nord au sud et de l\u2019est \u00e0 l\u2019ouest), qui sont tous les deux perpendiculaires \u00e0 une troisi\u00e8me ligne. En g\u00e9om\u00e9trie euclidienne, les deux lignes sont parall\u00e8les et demeurent \u00e0 une distance constante\u00a0; tandis que dans la g\u00e9om\u00e9trie elliptique, les lignes courbent l\u2019une vers l\u2019autre et \u00e9ventuellement intersectent\u00a0; ainsi<span style=\"mso-spacerun: yes;\"> <\/span>aucunes lignes parall\u00e8les existent en g\u00e9om\u00e9trie elliptique (<a href=\"http:\/\/en.wikipedia.org\/wiki\/Non-Euclidean_geometry\">http:\/\/en.wikipedia.org\/wiki\/Non-Euclidean_geometry<\/a>, 11 March 2006) . En d\u2019autres termes., selon Einstein, n\u2019impote o\u00f9 la mati\u00e8re est pr\u00e9sente dans l\u2019univers, l\u2019espace est elliptiquement courb\u00e9 ou sph\u00e9rique (non-euclidien), pendant que n\u2019importe o\u00f9 elle est absente, l\u2019espace est plat, c-\u00e0-d euclidien. Ceci nous emm\u00e8ne au deuxi\u00e8me principe. <\/span><\/p>\n<p class=\"MsoListParagraphCxSpLast\" style=\"margin-left: 0in; mso-add-space: auto; text-align: justify; text-justify: inter-ideograph;\">\u00a0<\/p>\n<p class=\"MsoListParagraphCxSpLast\" style=\"margin-left: 0in; mso-add-space: auto; text-align: justify; text-justify: inter-ideograph;\"><span style=\"mso-ansi-language: FR;\" lang=\"FR\">Deuxi\u00e8mement, <em style=\"mso-bidi-font-style: normal;\">la courbure de l\u2019espace-temps est cr\u00e9\u00e9e par l\u2019\u00e9nergie de charge \u00e0 l\u2019int\u00e9rieur de l\u2019espace-temps<\/em>. Un objet massif lourd (\u00e9nergie massive ou \u00e9nergie de charge) courbe l\u2019univers dans son voisinage, et l\u2019objet massif l\u00e9ger se meut librement dans ce piste courb\u00e9 de l\u2019espace-temps. Ainsi donc, en relativit\u00e9 g\u00e9n\u00e9rale, les objets massifs ne communiquent pas une force sur d\u2019autres objets massifs, comme \u00e7a \u00e9t\u00e9 l\u2019hypoth\u00e8se de Newton qui expliqua la gravit\u00e9 au moyen de l\u2019id\u00e9e d\u2019action \u00e0 distance. Plut\u00f4t d\u2019autres objets massifs r\u00e9pondent \u00e0 la mani\u00e8re dont les premiers objets massifs courbent l\u2019espace-temps. Par exemple, une balle roulante plac\u00e9e sur un trampolin produira une trace dans le trampolin\u00a0; et<span style=\"mso-spacerun: yes;\"> <\/span>un objet l\u00e9ger tel que le ping-pong s\u2019acc\u00e9l\u00e9ra vers la balle roulante dans la mani\u00e8re \u00e0 \u00eatre guid\u00e9 par la trace, c\u2019est-\u00e0-dire en r\u00e9pondant \u00e0 la trace plut\u00f4t qu\u2019\u00e0 la balle roulante, il sera en train d\u2019orbiter autour de cette derni\u00e8re. Ceci est de m\u00eame que la terre orbitant autour du soleil ou la lune et les autres satellites artificiels orbitant la terre, ou l\u2019\u00e9lectron orbitant autour du noyau atomique (en.wikipedia.org\/wiki\/General_relativity).<\/span><\/p>\n<p class=\"MsoNormal\" style=\"text-align: justify; text-justify: inter-ideograph;\">\u00a0<\/p>\n<p class=\"MsoNormal\" style=\"text-align: justify; text-justify: inter-ideograph;\"><span style=\"mso-ansi-language: FR;\" lang=\"FR\">Troisi\u00e8mement, <em style=\"mso-bidi-font-style: normal;\">le mouvement inertiel est un mouvement g\u00e9od\u00e9sique<\/em>. Le mouvement inertiel signifie la v\u00e9locit\u00e9 constante d\u2019un objet. Ceci peut \u00eatre illustr\u00e9 par le mouvement rotationnel de la terre.Isaac Newton le codifia dans sa premi\u00e8re loi du Mouvement\u00a0: \u00ab\u00a0A moins qu\u2019une force d\u00e9s\u00e9quilibr\u00e9e agit sur lui, un objet maintiendra une v\u00e9locit\u00e9 constante\u00a0\u00bb (http:\/\/en.wikipedia.org\/wiki\/Inertia). La r\u00e9volution amen\u00e9e par la relativit\u00e9 g\u00e9n\u00e9rale d\u2019Einstein a affect\u00e9 cette loi classique du mouvement. En relativit\u00e9 g\u00e9n\u00e9rale, la v\u00e9locit\u00e9 constante d\u2019un objet ne peut pas \u00eatre modifi\u00e9e par une force puisque la gravit\u00e9 n\u2019est pas effectu\u00e9e par cette derni\u00e8re. Bien au contraire, la gravit\u00e9 \u00e9tant la courbure de l\u2019espace-temps par la mati\u00e8re, l\u2019objet d\u00e9vie simplement dans son cours \u00e0\u00a0l\u2019int\u00e9rieur de la piste courbe (ligne g\u00e9od\u00e9sique) trac\u00e9e par l\u2019\u00e9nergie de charge dans l\u2019espace courbe. D\u2019o\u00f9 ce mouvement est g\u00e9od\u00e9sique, c-\u00e0-d le particule qu\u2019il anime suit une ligne g\u00e9od\u00e9sique\u2014qui n\u2019est pas droite mais plut\u00f4t incessamment d\u00e9vi\u00e9e en une s\u00e9rie de deux points, de mani\u00e8re m\u00eame \u00e0 serpenter\u2014dans un espace courbe. Math\u00e9matiquement, ceci est d\u00e9montr\u00e9 dans l\u2019\u00e9quation de la d\u00e9viation g\u00e9od\u00e9sique (<a href=\"http:\/\/vishnu.mth.uct.ac.za\/omei\/gr\/chap6\/node11.html\">http:\/\/vishnu.mth.uct.ac.za\/omei\/gr\/chap6\/node11.html<\/a>) .<\/span><\/p>\n<p class=\"MsoNormal\" style=\"text-align: justify; text-justify: inter-ideograph;\"><span style=\"mso-ansi-language: FR;\" lang=\"FR\"> <\/span><\/p>\n<p class=\"MsoNormal\" style=\"text-align: justify; text-justify: inter-ideograph;\">\u00a0<\/p>\n<p class=\"MsoNormal\" style=\"text-align: justify; text-justify: inter-ideograph;\"><span style=\"mso-ansi-language: FR;\" lang=\"FR\">Ces lois de l\u2019univers physique peuvent-elles s\u2019appliquer \u00e0 la communaut\u00e9 politique\u00a0? <\/span><\/p>\n<p class=\"MsoNormal\" style=\"text-align: justify; text-justify: inter-ideograph;\"><span style=\"mso-ansi-language: FR;\" lang=\"FR\"> <\/span><\/p>\n<p class=\"MsoNormal\" style=\"text-align: justify; text-justify: inter-ideograph;\">\u00a0<\/p>\n<p class=\"MsoListParagraphCxSpFirst\" style=\"text-align: justify; text-justify: inter-ideograph; text-indent: -.25in; mso-list: l0 level1 lfo1;\"><span style=\"mso-bidi-font-family: Calibri; mso-ansi-language: FR;\" lang=\"FR\"><span style=\"mso-list: Ignore;\">4.<span style=\"font: 7.0pt \"> <\/span><\/span><\/span><span style=\"mso-ansi-language: FR;\" lang=\"FR\">LE SYSTEME CHRISTOCRATIQUE COMME L\u2019EQUILIBRE SOCIETAL HYPER-EINSTEINIEN<\/span><\/p>\n<p class=\"MsoListParagraphCxSpMiddle\" style=\"margin-left: 0in; mso-add-space: auto; text-align: justify; text-justify: inter-ideograph;\"><span style=\"mso-ansi-language: FR;\" lang=\"FR\">Dans la perspective de la psychologie politique, je soutiens que tous les principes de l\u2019univers physique ci-haut expliqu\u00e9s sont transposables \u00e0 une entit\u00e9 politique organis\u00e9e en christocratique. Je le d\u00e9montrerai en trois postulats qui sont les suivants\u00a0: &#8211; la Noosph\u00e8re est courbe\u00a0; &#8211; J\u00e9sus Christ ach\u00e8ve la Noosph\u00e8re dans le Pl\u00e9r\u00f4me\u00a0; et \u2013 l\u2019humain atteint la libert\u00e9 en christocratie.<\/span><\/p>\n<p class=\"MsoListParagraphCxSpMiddle\" style=\"margin-left: 0in; mso-add-space: auto; text-align: justify; text-justify: inter-ideograph;\">\u00a0<\/p>\n<p class=\"MsoListParagraphCxSpMiddle\" style=\"margin-left: 0in; mso-add-space: auto; text-align: justify; text-justify: inter-ideograph;\"><span style=\"mso-ansi-language: FR;\" lang=\"FR\">Premi\u00e8rement, <em style=\"mso-bidi-font-style: normal;\">la Noosph\u00e8re est courbe<\/em>. Par la Noosph\u00e8re\u2014un concept invent\u00e9 par le philosophe fran\u00e7ais Pierre Teilhard de Chardin et utilis\u00e9 dans beaucoup de ses \u00e9crits, dot le Ph\u00e9nom\u00e8ne Humain\u2014je veut dire la couche sph\u00e9ricale de l\u2019humanit\u00e9 pensante qui couvre la surface de la terre\u2014en bref, la soci\u00e9t\u00e9 humaine. Ses traits sont le progr\u00e8s et la complexit\u00e9 de la science et de la technologie, et le r\u00f4le essentiel de l\u2019id\u00e9ologie (l\u2019\u00e2me sociale) dans la conqu\u00e8te et dans la cimentation des coeurs et des \u00e2mes des membres de la communaut\u00e9. Elle est courbe parce que, \u00e9tant donn\u00e9 la sph\u00e9ricit\u00e9 de la terre, elle est engag\u00e9e depuis la premi\u00e8re Guerre mondiale dans sa seconde phase de socialisation\u00a0: la totalisation ou la compression (la premi\u00e8re phase de socialisation est l\u2019expansion, voire <em style=\"mso-bidi-font-style: normal;\">La Place de l\u2019Homme dans la Nature <\/em>de Teilhard de Chardin). Cependant, les ondes de la compression ont lieu en opprimant et en brisant les humains comme effet des id\u00e9ologies inappropri\u00e9es telles que le nazisme, le fascisme, le communisme, le lib\u00e9ralisme, l\u2019Islamisme et l\u2019ethnicisme. La mont\u00e9e de ces id\u00e9ologies ont en effet engendr\u00e9 les tensions diverses, incluant la Guerre froide, les attentats terroristes islamistes du 11 septembre 2001 sur le sol des Etats-Unis, la guerre d\u2019Iraq, les constestations anti-mondialisation, les deux Guerres du Congo, et d\u2019autres guerres civiles in Afrique. En cons\u00e9quence, la Noosph\u00e8re en compression a besoin d\u2019un Soleil, un noyau ou un principe personnel de synth\u00e8se. <\/span><\/p>\n<p class=\"MsoListParagraphCxSpMiddle\" style=\"margin-left: 0in; mso-add-space: auto; text-align: justify; text-justify: inter-ideograph;\">\u00a0<\/p>\n<p class=\"MsoListParagraphCxSpMiddle\" style=\"margin-left: 0in; mso-add-space: auto; text-align: justify; text-justify: inter-ideograph;\"><span style=\"mso-ansi-language: FR;\" lang=\"FR\">Deuxi\u00e8mement, <em style=\"mso-bidi-font-style: normal;\">J\u00e9sus Christ ach\u00e8ve la Noosph\u00e8re dans le Pl\u00e9r\u00f4me<\/em>. J\u00e9sus Christ est le Soleil spirituel du syst\u00e8me politique de l\u2019humanit\u00e9 pensante. En tant que l\u2019\u00e9nergie de masse ou l\u2019\u00e9nergie de charge spirituelle, Il est en train de courber l\u2019espace-temps, physiquement et aussi bien que spirituellement, dans son voisinage (les espaces c\u00e9lestes sont son si\u00e8ge), afin que chacun se meuve<em style=\"mso-bidi-font-style: normal;\"> librement <\/em>dans son propre orbite trac\u00e9 par ledit Soleil spirituel. (Sur la qualit\u00e9 du Soleil de l\u2019humanit\u00e9 attribu\u00e9e au Christ (<em style=\"mso-bidi-font-style: normal;\">Anatol\u00e8<\/em>), voire Malachie IV\u00a0:2 et Luc I\u00a0:78). De cet \u00e9v\u00e9n\u00e9ment se levera un monde nouveau, le Pl\u00e9r\u00f4me (Teilhard de Chardin, P., <em style=\"mso-bidi-font-style: normal;\">Activation of<\/em> <em style=\"mso-bidi-font-style: normal;\">Energy<\/em>, New York\u00a0: Harvest Book Publishers, 1975, p.155). Celui-ci comprend quatre couches suivantes\u00a0: (1) la couche diivine (christique)\u00a0; (2) la couche humaine\u00a0; (3) la couche cosmique\u00a0; et (4) la couche ang\u00e9lique.<\/span><\/p>\n<p class=\"MsoListParagraphCxSpMiddle\" style=\"margin-left: 0in; mso-add-space: auto; text-align: justify; text-justify: inter-ideograph;\">\u00a0<\/p>\n<p class=\"MsoListParagraphCxSpMiddle\" style=\"margin-left: 0in; mso-add-space: auto; text-align: justify; text-justify: inter-ideograph;\"><span style=\"mso-ansi-language: FR;\" lang=\"FR\">La couche christique est la Christosph\u00e8re, c-\u00e0-d la sh\u00e8re du Christ, le Logos r\u00e9v\u00e9l\u00e9 de Dieu et le centre de l\u2019univers. Le Christ, bien qu\u2019\u00e9tant l\u2019image du Dieu Transcendant, est est aussi immanent, marri\u00e9 \u00e0 l\u2019humanit\u00e9 et au cosmos afin de les rendre participants \u00e0 la divinit\u00e9. La couche humaine est la Noosph\u00e8re (voire l\u2019explication au-dessus) dont chaque individu\u2014ayant sa propre autonomie ou centre fait de pens\u00e9e, passion et sensibilit\u00e9\u2014est reli\u00e9 au Christ personnellement (en vue de recevoir de Lui l\u2019\u00e9tincelle divine qui puisse l\u2019aider \u00e0 ateindre son accomplissement) et corporellement (en union d\u2019amour-\u00e9nergie avec les autres, tous ensemble devenant ainsi l\u2019Eglise, son Epouse\u00a0; ainsi Dieu sera \u00ab\u00a0tout en tout\u00a0\u00bb) (Corinthiens XV\u00a0:13). La couche cosmique (la Biosph\u00e8re) comprend le reste des esp\u00e8ces qui sont attach\u00e9es \u00e0 l\u2019humanit\u00e9 et la demeure de Dieu avec cette derni\u00e8re. La couche ang\u00e9lique (\u00e0 laquelle je colle le concept de pneumatikosph\u00e8re) comprend tous les esprits, y compris les bons, qui sont au service de Dieu et de son peuple, et des mauvais, qui sont oppos\u00e9s \u00e0 l\u2019av\u00e8nement du christ J\u00e9sus et de son eglise et de leur domination totale sur l\u2019univers, et qui, jusqu\u2019alors, gouvernent les nations du monde au moyen des id\u00e9ologies impies, telles que celles ci-haut \u00e9voqu\u00e9es\u00a0: le communisme, le fascisme, le lib\u00e9ralisme, l\u2019imp\u00e9rialisme, l\u2019animisme, et les choses semblables. Leur sort, dans le monde pl\u00e9r\u00f4miste, est une neutralisation compl\u00e8te et une mort certaine par la seule confrontation pacifique des visions politiques et des t\u00e9moignages vivants entre les Christocrates au pouvoir et l\u2019opposition antichrist.<\/span><\/p>\n<p class=\"MsoListParagraphCxSpMiddle\" style=\"margin-left: 0in; mso-add-space: auto; text-align: justify; text-justify: inter-ideograph;\">\u00a0<\/p>\n<p class=\"MsoListParagraphCxSpMiddle\" style=\"margin-left: 0in; mso-add-space: auto; text-align: justify; text-justify: inter-ideograph;\"><span style=\"mso-ansi-language: EN-US;\">Troisi\u00e8mement, <em style=\"mso-bidi-font-style: normal;\">l\u2019humain atteint la libert\u00e9 en christocratie<\/em>. <\/span><span lang=\"EN-ZA\">Il y a deux mots grecs dans le terme christocratie\u00a0:<em style=\"mso-bidi-font-style: normal;\"> kristos<\/em> (Christ, l\u2019oint) et <em style=\"mso-bidi-font-style: normal;\">kratos<\/em> (pouvoir, gouvernement)\u00a0; ainsi, il signifie le pouvoir du Christ. Techniquement, je le d\u00e9finit comme <em style=\"mso-bidi-font-style: normal;\">le gouvernement de J\u00e9sus Christ, la Prole de Dieu, sur les nations \u00e0 travers ses saints.<\/em> Elle organise les nations au moyen d\u2019un syst\u00e8me juridique \u00e9manant du pl\u00e9r\u00f4misme, qui est la weltanshauung du monde nouveau. Le syst\u00e8me juridique pl\u00e9r\u00f4miste, en effet, esttrichotomique\u00a0, c-\u00e0-d il comprend trois sortes de droit qui sont les suivantes\u00a0: le droit divin, qui est r\u00e9v\u00e9l\u00e9 dans les Saintes Ecritures, \u00e9voluant autour des enseignements et des actes de notre Seigneur J\u00e9sus Christ, accompli par la puissance du saint Esprit, et r\u00e9capitul\u00e9 dans le commandement suivant\u00a0: \u00ab\u00a0Tu aimeras Yahweh ton Dieu de tout ton coeur, et de toute ton \u00e2me, et de tout ton esprit\u00a0; et tu aimeras to prochain comme toi-m\u00eame\u00a0\u00bb (Luke X\u00a0: 27). <\/span><span style=\"mso-ansi-language: FR;\" lang=\"FR\">A cette loi sont r\u00e9f\u00e9r\u00e9es, et en dehors d\u2019elle ne peut subsister, <em style=\"mso-bidi-font-style: normal;\">le droit positif<\/em>, qui \u00e9mane de la d\u00e9lib\u00e9ration rationnelle du peuple ou de leurs repr\u00e9sentants sur des d\u00e9fis sans pr\u00e9c\u00e9dent sur l\u2019\u00e9chiquier politique national et international dans des cadres tels le Parlement, et <em style=\"mso-bidi-font-style: normal;\">le droit naturel<\/em>, qui est inn\u00e9 et est dict\u00e9 par la conscience en chaque \u00eatre humain, et organise l\u2019univers physique d\u00e9couvert par Einstein.<\/span><\/p>\n<p class=\"MsoListParagraphCxSpMiddle\" style=\"margin-left: 0in; mso-add-space: auto; text-align: justify; text-justify: inter-ideograph;\">\u00a0<\/p>\n<p class=\"MsoListParagraphCxSpMiddle\" style=\"margin-left: 0in; mso-add-space: auto; text-align: justify; text-justify: inter-ideograph;\"><span style=\"mso-ansi-language: FR;\" lang=\"FR\">Ainsi, la personne humaine atteint la libert\u00e9 en christocratie parce que, au lieu d\u2019\u00eatre un Homo eoconomicus (le consommateur) \u00e9tabli par le lib\u00e9ralisme, ou un <em style=\"mso-bidi-font-style: normal;\">Homo faber<\/em> (le travailleur) d\u00e9fendu par le communisme, le droit divin fait d\u2019elle un <em style=\"mso-bidi-font-style: normal;\">Homo religiosus<\/em> (l\u2019adorateur). La possibilit\u00e9 de devenir libre en \u00e9tant adorateur est maximale, pour deux raisons. D\u2019un cot\u00e9, l\u2019on sait distinguer certainement le bon du mauvais dans la mesure o\u00f9 les valeurs sont clairement et distinctement \u00e9tablies par la Parole de Dieu. Et l\u2019un des buts de l\u2019Etat christocratique est la promotion des valeurs divines et l\u2019\u00e9radication des vices, en vue de ramener l\u2019humanit\u00e9 et le cosmos \u00e0 la soumission totake \u00e0 Dieu. Il n\u2019y a plus ainsi de confusion comme dans le lib\u00e9ralisme qui manque de consensus moral. De l\u2019autre cot\u00e9, en communiquant avec Dieu par la foi en J\u00e9sus Christ comme Seigneur et sauveur personnel, l\u2019adorateur Lui abandonne son humanit\u00e9 (sensibilit\u00e9, possession, intelligence, raisonnement et volont\u00e9) et il est lib\u00e9r\u00e9 de la p\u00e9santeur de la commission du mal contre lui-m\u00eame et les autres. \u00ab\u00a0Il n\u2019y a pas de plus grand amour que de donner sa vie pour ses amis\u00a0\u00bb, dit J\u00e9sus (Jean XV\u00a0: 13).<span style=\"mso-spacerun: yes;\"> <\/span>Dieu, en retour, par sa gr\u00e2ce, donne \u00e0 l\u2019adorateur la vie \u00e9ternelle et l\u2019\u00e9tincelle de sa divinit\u00e9, qui lui transf\u00e8re le pouvoir de demeurer juste (ob\u00e9issant la loi) et d\u2019accomplir des merveilles au-del\u00e0 de sa capacit\u00e9 naturelle. <\/span><\/p>\n<p class=\"MsoListParagraphCxSpMiddle\" style=\"margin-left: 0in; mso-add-space: auto; text-align: justify; text-justify: inter-ideograph;\">\u00a0<\/p>\n<p class=\"MsoListParagraphCxSpMiddle\" style=\"margin-left: 0in; mso-add-space: auto; text-align: justify; text-justify: inter-ideograph;\"><span style=\"mso-ansi-language: FR;\" lang=\"FR\">La r\u00e9nonciation de son humanit\u00e9 au Tr\u00e8s Haut est loi naturelle comprise dans la relativit\u00e9 g\u00e9n\u00e9rale d\u2019Einstein et fait du christianisme la foi appropri\u00e9e avec laquelle \u00e9manciper le monde du chaos actuelle. Comme mentionn\u00e9 plus haut, en courbant l\u2019espace-temps, le Soleil a trac\u00e9 des lignes g\u00e9od\u00e9siques (des trajectoires ou orbites) \u00e0 l\u2019int\u00e9rieur desquelles la terre et d\u2019autres plan\u00e8tes se meuvent. Un autre point est que cette trajectoire n\u2019est pas droite, mais plut\u00f4t elle est caract\u00e9ris\u00e9e par une s\u00e9rie de courbures ou de m\u00e9andres par lesquelles la terre passe. En outre, cette derni\u00e8re investit son \u00e9nergie et la perd constamment conform\u00e9ment \u00e0 la loi de l\u2019entropie pour que vivent les esp\u00e8ces qui l\u2019habitent. En cons\u00e9quence, notre \u00ab\u00a0m\u00e8re\u00a0\u00bb la terre r\u00e9v\u00e8le comme mod\u00e8le une loi que seul le christianisme observe\u00a0: l\u2019auto-sacrifice, accept\u00e9 dans le calme et de tout coeur, pour le salut des vies des autres. Saint Paul \u00e9crit\u00a0: \u00ab\u00a0<em style=\"mso-bidi-font-style: normal;\">[J\u00e9sus-Christ], existant en forme de Dieu, n\u2019a point regard\u00e9 comme une proie \u00e0 arracher d\u2019\u00eatre \u00e9gal avec Dieu, mais s\u2019est d\u00e9pouill\u00e9 lui-m\u00eame, en prenant une forme de serviteur, en devenant semblable aux hommes\u00a0; et ayant paru comme un simple homme, il s\u2019est humili\u00e9 lui-m\u00eame, se rendant ob\u00e9issant jusqu\u2019\u00e0 la mort, m\u00eame jusqu\u2019\u00e0 la mort de la croix. C\u2019est pourquoi aussi Dieu l\u2019a souverainement \u00e9lev\u00e9, et lui a donn\u00e9 le nom qui est au-dessus de tout nom<\/em>&#8230;\u00a0\u00bb (Epitre aux Philippiens II\u00a0: 6-9). Le meme esprit d\u2019ob\u00e9issance \u00e0 Dieu et de d\u2019auto-sacrifice pour les autres est mis en v\u00e9dette par J\u00e9sus lorsqu\u2019il dit ceci au futur leader de son Eglise\u00a0: \u00ab\u00a0<em style=\"mso-bidi-font-style: normal;\">En v\u00e9rit\u00e9, en v\u00e9rit\u00e9, je te le dis, [\u00e0 toi Pierre] quand tu \u00e9tais plus jeune, tu te ceignais toi-m\u00eame, et tu allais o\u00f9 tu voulais\u00a0; mais quand tu seras vieux, tu \u00e9tendras tes mains, et un autre te ceindra, et te m\u00e8nera o\u00f9 tu ne voudras pas <\/em>\u00bb (Jean XXI\u00a0: 18). C\u2019est seulement dans et par cet esprit que la libert\u00e9 et la mondialisation \u00e9quilibr\u00e9e seront achev\u00e9es.<\/span><\/p>\n<p class=\"MsoListParagraphCxSpMiddle\" style=\"margin-left: 0in; mso-add-space: auto; text-align: justify; text-justify: inter-ideograph;\"><span style=\"mso-ansi-language: FR;\" lang=\"FR\"><br \/><\/span><\/p>\n<p class=\"MsoListParagraphCxSpMiddle\" style=\"margin-left: 0in; mso-add-space: auto; text-align: justify; text-justify: inter-ideograph;\"><span style=\"font-family: \"> <\/span><\/p>\n<p class=\"MsoListParagraphCxSpLast\" style=\"text-align: justify; text-justify: inter-ideograph; text-indent: -.25in; mso-list: l0 level1 lfo1;\"><span style=\"mso-bidi-font-family: Calibri;\" lang=\"EN-ZA\"><span style=\"mso-list: Ignore;\">5.<span style=\"font: 7.0pt \"> <\/span><\/span><\/span><span lang=\"EN-ZA\">CONCLUSION<span style=\"mso-spacerun: yes;\"> <\/span><\/span><\/p>\n<p class=\"MsoNormal\" style=\"text-align: justify; text-justify: inter-ideograph;\">\u00a0<\/p>\n<p class=\"MsoNormal\" style=\"text-align: justify; text-justify: inter-ideograph;\"><span style=\"mso-ansi-language: FR;\" lang=\"FR\">L\u2019Arm\u00e9e Chritocratique de la Septi\u00e8me Trompette, qui la commission lan\u00e7\u00e9e par le Seigneur J\u00e9sus depuis le mois dernier, s\u2019active \u00e0 conduire l\u2019Eglise chr\u00e9tienne vers le renversement du pouvoir de Satan sur les nations et l\u2019\u00e9ventuelle organisation de ces derni\u00e8res au moyen du projet christocratique de mani\u00e8re \u00e0 \u00e9tablir le Royaume de Dieu sur la terre. Pour atteindre ce but, le projet sera entrepris, entre autres, avec le d\u00e9veloppement d\u2019un ensemble d\u2019id\u00e9es bas\u00e9es sur la Bible, y compris\u00a0:<\/span><\/p>\n<p class=\"MsoNormal\" style=\"text-align: justify; text-justify: inter-ideograph;\"><span style=\"mso-ansi-language: FR;\" lang=\"FR\"><br \/><\/span><\/p>\n<p class=\"MsoNormal\" style=\"text-align: justify; text-justify: inter-ideograph;\"><span style=\"mso-ansi-language: FR;\" lang=\"FR\">(1) Dans l\u2019ar\u00e8ne sociale\u00a0: la primaut\u00e9 de la gr\u00e2ce de Dieu sur la loi et le march\u00e9 comme le principe fondamental de la soci\u00e9t\u00e9. En d\u2019autres termes, la christocratie est l\u2019\u00e9tat de la gr\u00e2ce et la loi et le march\u00e9 sont au service de la gr\u00e2ce jusqu\u2019\u00e0 ce qu\u2019ils disparaissent.<\/span><\/p>\n<p class=\"MsoNormal\" style=\"text-align: justify; text-justify: inter-ideograph;\"><span style=\"mso-ansi-language: FR;\" lang=\"FR\">(2) En politique\u00a0: la pl\u00e9nitude de la d\u00e9mocratie en christocratie, c-\u00e0-d l\u2019accomplissement des valeurs r\u00eav\u00e9es et conquises par la d\u00e9mocratie mais que cette derni\u00e8re ne peut pas parfaitement achever\u00a0: les droits de l\u2019homme, les libert\u00e9s civiles, l\u2019\u00e9qualit\u00e9 sous la loi, la bonne gouvernance, etc., dans le cadre de l\u2019Eglise-Etat-Nation.<\/span><\/p>\n<p class=\"MsoNormal\" style=\"text-align: justify; text-justify: inter-ideograph;\"><span style=\"mso-ansi-language: FR;\" lang=\"FR\"><br \/><\/span><\/p>\n<p class=\"MsoNormal\" style=\"text-align: justify; text-justify: inter-ideograph;\"><span style=\"mso-ansi-language: FR;\" lang=\"FR\">(3) En \u00e9conomie\u00a0: la disparition graduelle de l\u2019\u00e9conomie par l\u2019application des pricipes ci-dessous\u00a0: &#8211; la pl\u00e9r\u00f4misation des moyens de production et d\u2019\u00e9change\u00a0; &#8211; la sublimation du moteur de l\u2019\u00e9conomie capitaliste\u00a0: le profit et la concurrence\u00a0; &#8211; la sanctification du circuit macro\u00e9conomique, de la plannification \u00e0 la consommation en passant par la gestion technique du travail, la production, la r\u00e9partition du fructus, et la commercialisation\u00a0; &#8211; la d\u00e9concentration du capital par l\u2019investissement et la redistribution continus de la plus-value, en vue d\u2019\u00e9viter la sp\u00e9culation\u00a0; et<\/span><\/p>\n<p class=\"MsoNormal\" style=\"text-align: justify; text-justify: inter-ideograph;\"><span style=\"mso-ansi-language: FR;\" lang=\"FR\"><br \/><\/span><\/p>\n<p class=\"MsoNormal\" style=\"text-align: justify; text-justify: inter-ideograph;\"><span style=\"mso-ansi-language: FR;\" lang=\"FR\">(4) En relations internationales\u00a0: la cr\u00e9ation de la Conf\u00e9d\u00e9ration des Etats christocratiques, qui r\u00e9alisera les nobles objectifs suivants\u00a0: la fin de l\u2019imp\u00e9rialisme, la fraternit\u00e9 entre les peuples, l\u2019\u00e9radication des fronti\u00e8res internationales et la mat\u00e9rialisation de l\u2019\u00e9quilibre g\u00e9opolitique.<\/span><\/p>\n<p class=\"MsoNormal\" style=\"text-align: justify; text-justify: inter-ideograph;\"><span style=\"mso-ansi-language: FR;\" lang=\"FR\"><br \/><\/span><\/p>\n<p class=\"MsoNormal\" style=\"text-align: justify; text-justify: inter-ideograph;\"><span style=\"mso-ansi-language: FR;\" lang=\"FR\"> <\/span><span style=\"mso-ansi-language: FR;\" lang=\"FR\">En somme, la libert\u00e9 et l\u2019\u00e9qualit\u00e9 sont les deux valeurs exalt\u00e9es mais non achev\u00e9es respectivement par la d\u00e9mocratie lib\u00e9rale et la d\u00e9mocratie dirig\u00e9e. Cet \u00e9chec est la cause centrale des tensions aux temps pr\u00e9sents au niveau individuel, familiel, national et international. Et elles trouvent leur accomplissement dans la fraternit\u00e9 zmen\u00e9e par la christocratie\u00a0; et ceci est la condition sine qua non pour ramener l\u2019esp\u00e8ce humaine et le cosmos dans le juste chemin de la mondialisation et de go\u00fbter \u00e0 la paix et \u00e0 la justice v\u00e9ritables sur la terre. Certainement, \u00e9tant donn\u00e9 que les id\u00e9ologies politiques survivantes sont moribondes, puisqu\u2019elles ont atteint le sommet des contradictions et tensions irr\u00e9parables, et elles ont \u00e9t\u00e9 incapables de construire un monde meilleur pour tous, l\u2019av\u00e8nement de la christocratie est irr\u00e9versible et peut \u00eatre per\u00e7u dans le futur tr\u00e8s proche.<\/span><\/p>\n<p class=\"MsoNormal\" style=\"text-align: justify; text-justify: inter-ideograph;\"><span style=\"mso-ansi-language: FR;\" lang=\"FR\"><br \/><\/span><\/p>\n<p class=\"MsoNormal\" style=\"text-align: justify; text-justify: inter-ideograph;\"><span style=\"mso-ansi-language: FR;\" lang=\"FR\"> <\/span><\/p>\n<p class=\"MsoNormal\" style=\"text-align: justify; text-justify: inter-ideograph;\"><span style=\"mso-ansi-language: FR;\" lang=\"FR\">Conf\u00e9rence pronon\u00e7\u00e9e le samedi 15 novembre 2013, au si\u00e8ge de l\u2019Arm\u00e9e Christocratique de la Septi\u00e8me Trompette, \u00e0 Johannesbourg, RSA.<\/span><\/p>\n<p class=\"MsoNormal\" style=\"text-align: justify; text-justify: inter-ideograph;\"><span style=\"mso-ansi-language: FR;\" lang=\"FR\">MARECHAL NOAH BEN ADAM<\/span><\/p>\n<p class=\"MsoNormal\" style=\"text-align: justify; text-justify: inter-ideograph;\"><span style=\"mso-ansi-language: FR;\" lang=\"FR\">Fondateur et commandant-en chef de l\u2019Arm\u00e9e Christocratique de la Septi\u00e8me Trompette<\/span><\/p>\n<p class=\"MsoNormal\" style=\"text-align: justify; text-justify: inter-ideograph;\"><span style=\"mso-ansi-language: FR;\" lang=\"FR\">G\u00e9niteur de l\u2019id\u00e9e de la christocratie.<\/span><\/p>\n<p class=\"MsoNormal\" style=\"text-align: justify; text-justify: inter-ideograph;\"><span style=\"mso-ansi-language: FR;\" lang=\"FR\"> <\/span><\/p>\n<p>\u00a0<\/p>\n<!-- AddThis Advanced Settings generic via filter on the_content --><!-- AddThis Share Buttons generic via filter on the_content -->","protected":false},"excerpt":{"rendered":"<p>\u00a0 La mondialisation est une direction irreversible du monde present. Elle a transform\u00e9 le mode&#8230;<!-- AddThis Advanced Settings generic via filter on get_the_excerpt --><!-- AddThis Share Buttons generic via filter on get_the_excerpt --><\/p>\n","protected":false},"author":1,"featured_media":610,"comment_status":"open","ping_status":"open","sticky":false,"template":"","format":"standard","meta":[],"categories":[5],"tags":[],"_links":{"self":[{"href":"https:\/\/amagep.co.za\/fr\/wp-json\/wp\/v2\/posts\/611"}],"collection":[{"href":"https:\/\/amagep.co.za\/fr\/wp-json\/wp\/v2\/posts"}],"about":[{"href":"https:\/\/amagep.co.za\/fr\/wp-json\/wp\/v2\/types\/post"}],"author":[{"embeddable":true,"href":"https:\/\/amagep.co.za\/fr\/wp-json\/wp\/v2\/users\/1"}],"replies":[{"embeddable":true,"href":"https:\/\/amagep.co.za\/fr\/wp-json\/wp\/v2\/comments?post=611"}],"version-history":[{"count":0,"href":"https:\/\/amagep.co.za\/fr\/wp-json\/wp\/v2\/posts\/611\/revisions"}],"wp:featuredmedia":[{"embeddable":true,"href":"https:\/\/amagep.co.za\/fr\/wp-json\/wp\/v2\/media\/610"}],"wp:attachment":[{"href":"https:\/\/amagep.co.za\/fr\/wp-json\/wp\/v2\/media?parent=611"}],"wp:term":[{"taxonomy":"category","embeddable":true,"href":"https:\/\/amagep.co.za\/fr\/wp-json\/wp\/v2\/categories?post=611"},{"taxonomy":"post_tag","embeddable":true,"href":"https:\/\/amagep.co.za\/fr\/wp-json\/wp\/v2\/tags?post=611"}],"curies":[{"name":"wp","href":"https:\/\/api.w.org\/{rel}","templated":true}]}}