{"id":606,"date":"2013-10-24T12:01:41","date_gmt":"2013-10-24T12:01:41","guid":{"rendered":"https:\/\/amagep.co.za\/fr\/2013\/10\/24\/jossaart-muanza-un-journaliste-base-en-suisse-et-regnant-au-cur-du-reseau-de-nouvelles-africaines\/"},"modified":"2013-10-24T12:01:41","modified_gmt":"2013-10-24T12:01:41","slug":"jossaart-muanza-un-journaliste-base-en-suisse-et-regnant-au-cur-du-reseau-de-nouvelles-africaines","status":"publish","type":"post","link":"https:\/\/amagep.co.za\/fr\/jossaart-muanza-un-journaliste-base-en-suisse-et-regnant-au-cur-du-reseau-de-nouvelles-africaines\/","title":{"rendered":"Jossart Muanza: un journaliste bas\u00e9 en Suisse et r\u00e9gnant au c\u0153ur du r\u00e9seau de nouvelles africaines"},"content":{"rendered":"<p><span style=\"mso-ansi-language: FR;\" lang=\"FR\"><img loading=\"lazy\" class=\" size-full wp-image-605\" src=\"https:\/\/amagep.co.za\/fr\/wp-content\/uploads\/2013\/10\/mr_jossart_muanza.jpg\" border=\"0\" width=\"433\" height=\"567\" srcset=\"https:\/\/amagep.co.za\/fr\/wp-content\/uploads\/2013\/10\/mr_jossart_muanza.jpg 433w, https:\/\/amagep.co.za\/fr\/wp-content\/uploads\/2013\/10\/mr_jossart_muanza-229x300.jpg 229w\" sizes=\"(max-width: 433px) 100vw, 433px\" \/><\/span><\/p>\n<p><span style=\"mso-ansi-language: FR;\" lang=\"FR\">A partir de la Suisse Jossart Muanza dirige <a href=\"http:\/\/afriquechos.ch\" target=\"_blank\">afriquechos.ch<\/a>, un site web dont l\u2019objectif est de servir de pont entre les expatri\u00e9s \u00e0 travers le monde entier. <\/span><span style=\"mso-ansi-language: FR;\" lang=\"FR\">Il  vit un pied en Europe un autre en Afrique. Il avait fallu passer quinze  ans d\u2019exil pour que Jossart Muanza puisse revoir l\u2019Angola, sa terre  natale, en 2000. Pourtant ce pays, qui a \u00e9t\u00e9 d\u00e9chir\u00e9 par une guerre  civile pendant deux d\u00e9cennies et demi, devait encore languir pour deux  ann\u00e9es de plus dans le m\u00eame conflit fratricide qui l\u2019avait forc\u00e9 de  trouver refuge en Suisse en 1985.<\/span><\/p>\n<p>  <!--more-->  <\/p>\n<p><span style=\"mso-ansi-language: FR;\" lang=\"FR\">\u00ab\u00a0Etant expatri\u00e9, l\u2019on ne r\u00e9alise toujours pas que le pays que l\u2019on a quitt\u00e9 \u00e9volue. L\u2019on garde une image statique, qui ne correspond plus du tout \u00e0 la r\u00e9alit\u00e9\u00a0\u00bb, dit-il avec avec un enthousiasme qui, depuis lors, le motive incessament de faire de va-et-viens entre Ecublens et Luanda, et, plus important m\u00eame, de favoriser l\u2019exchange entre cultures. <\/span><\/p>\n<p style=\"text-align: justify;\"><span style=\"mso-ansi-language: FR;\" lang=\"FR\">La motrice qui soutend son intarissable engagement est la passion d\u2019adoucir le poids de l\u2019exil endur\u00e9 par ses compatriotes. Peu apr\u00e8s son arriv\u00e9e en Suisse, l\u2019ancien technicien et journaliste de la Radio nation angolaise r\u00e9ussit \u00e0 animer une \u00e9mission associative \u00e0 la Radio Acidule en vue d\u00e8s lors de jeter les ponts culturels\u2014ce justement qu\u2019il continue \u00e0 faire depuis 2000 avec Afriqu\u2019Echos. Son magazine interculturel, publi\u00e9 en trois premi\u00e8res ann\u00e9es de son existence sur du papier refroidi, est devenu aujourd\u2019hui une r\u00e9f\u00e9rence non seulement pour la diaspora \u00e0 l\u2019\u00e9chelle mondiale, mais aussi pour ceux demeurant en Afrique. <\/span><\/p>\n<p style=\"text-align: justify;\"><span style=\"mso-ansi-language: FR;\" lang=\"FR\">Du Congo au togo, du S\u00e9n\u00e9gal au Nig\u00e9ria, des Etats-Unis au Canada, ou de la France \u00e0 la Belgique, l\u2019on estime de 4000 \u00e0 22000 internautes\u2014int\u00e9ress\u00e9s aux nouvelles sportives, politiques ou culturelles\u2014qui chaque jour lisent les titres \u00e0 la une publi\u00e9s par <a href=\"http:\/\/afriquechos.ch\" target=\"_blank\">afriquechos.ch<\/a>. \u00ab\u00a0Il\u2019y a une crise: tr\u00e8s peu de journaux ici [en Europe] font le reportage de divers aspects de notre continent.<\/span><\/p>\n<p style=\"text-align: justify;\"><span style=\"mso-ansi-language: FR;\" lang=\"FR\"> Le site permet aussi de\u2019appr\u00e9hender l\u2019actualit\u00e9 d\u2019Europe avec nos lunettes africaines\u00a0\u00bb, explique Jossart Muanza, qui est \u00e9paul\u00e9 par une \u00e9quipe de quinze correspondants, professionnels de media et volontaires. Informer, en plus du reportage de la vie quotidienne des exil\u00e9s, fait partie de la vision d\u2019Afriqu\u2019Echos.<\/span><\/p>\n<p style=\"text-align: justify;\"><span style=\"mso-ansi-language: FR;\" lang=\"FR\"> \u00ab\u00a0Notre devoir est de sensibiliser nos compatriotes sur les questions relatives \u00e0 la migration et \u00e0 l\u2019int\u00e9gration\u00a0\u00bb, ajoute l\u2019\u00e9diteur-en-chef, fier de d\u00e9couvrir qu\u2019il est cit\u00e9 par des coll\u00e8gues journalistes oeuvrant dans les plus grands quotidiens d\u2019Africa, ainsi que d\u2019\u00eatre assur\u00e9 qu\u2019il ne vit pas enferm\u00e9 dans une tour d\u2019ivoire. <\/span><\/p>\n<p>\u00a0<\/p>\n<!-- AddThis Advanced Settings generic via filter on the_content --><!-- AddThis Share Buttons generic via filter on the_content -->","protected":false},"excerpt":{"rendered":"<p>A partir de la Suisse Jossart Muanza dirige afriquechos.ch, un site web dont l\u2019objectif est&#8230;<!-- AddThis Advanced Settings generic via filter on get_the_excerpt --><!-- AddThis Share Buttons generic via filter on get_the_excerpt --><\/p>\n","protected":false},"author":1,"featured_media":605,"comment_status":"open","ping_status":"open","sticky":false,"template":"","format":"standard","meta":[],"categories":[5],"tags":[],"_links":{"self":[{"href":"https:\/\/amagep.co.za\/fr\/wp-json\/wp\/v2\/posts\/606"}],"collection":[{"href":"https:\/\/amagep.co.za\/fr\/wp-json\/wp\/v2\/posts"}],"about":[{"href":"https:\/\/amagep.co.za\/fr\/wp-json\/wp\/v2\/types\/post"}],"author":[{"embeddable":true,"href":"https:\/\/amagep.co.za\/fr\/wp-json\/wp\/v2\/users\/1"}],"replies":[{"embeddable":true,"href":"https:\/\/amagep.co.za\/fr\/wp-json\/wp\/v2\/comments?post=606"}],"version-history":[{"count":0,"href":"https:\/\/amagep.co.za\/fr\/wp-json\/wp\/v2\/posts\/606\/revisions"}],"wp:featuredmedia":[{"embeddable":true,"href":"https:\/\/amagep.co.za\/fr\/wp-json\/wp\/v2\/media\/605"}],"wp:attachment":[{"href":"https:\/\/amagep.co.za\/fr\/wp-json\/wp\/v2\/media?parent=606"}],"wp:term":[{"taxonomy":"category","embeddable":true,"href":"https:\/\/amagep.co.za\/fr\/wp-json\/wp\/v2\/categories?post=606"},{"taxonomy":"post_tag","embeddable":true,"href":"https:\/\/amagep.co.za\/fr\/wp-json\/wp\/v2\/tags?post=606"}],"curies":[{"name":"wp","href":"https:\/\/api.w.org\/{rel}","templated":true}]}}