{"id":602,"date":"2013-09-18T11:47:33","date_gmt":"2013-09-18T11:47:33","guid":{"rendered":"https:\/\/amagep.co.za\/fr\/2013\/09\/18\/de-la-musique-mondaine-a-la-pastorale-la-vie-rebondissante-de-francois-makolin-mbazulu\/"},"modified":"2013-09-18T11:47:33","modified_gmt":"2013-09-18T11:47:33","slug":"de-la-musique-mondaine-a-la-pastorale-la-vie-rebondissante-de-francois-makolin-mbazulu","status":"publish","type":"post","link":"https:\/\/amagep.co.za\/fr\/de-la-musique-mondaine-a-la-pastorale-la-vie-rebondissante-de-francois-makolin-mbazulu\/","title":{"rendered":"De la musique mondaine \u00e0 la pastorale : la vie r\u00e9bondissante de Fran\u00e7ois Makolin Mbazulu"},"content":{"rendered":"<p>Mari\u00e9 et P\u00e8re de deux enfants, le fr\u00e8re Fran\u00e7ois Makolin Mbanzulu Zolana vit actuellement \u00e0 D\u00fbren, une ville situ\u00e9e au nord-est de l\u00b4Allemagne non loin de la Belgique. Ayant \u00e9volu\u00e9 \u00a0pendant dix-huit ans \u00a0dans la vie chr\u00e9tienne, le fr\u00e8re Makolin a \u00e9t\u00e9 consacr\u00e9 Pasteur \u00a0le 15 Juin 2013, devant plusieurs hommes de Dieu et la s\u0153ur Mireille Basirwa la chanteuse gospel du groupe GAEL.<\/p>\n<p>  <!--more-->  <\/p>\n<p>\u00a0<\/p>\n<p>L\u00b4\u00e9motion \u00e9tait dans toute la salle quand il a lu sa parole d\u00b4engagement en tant que Pasteur et Serviteur de Dieu. La c\u00e9r\u00e9monie de la cons\u00e9cration ou l\u00b4ordination a eu lieu en Belgique (Scailquin 1210Bruxelles) dans son \u00e9glise locale l\u00b4Assembl\u00e9e \u00a0Plein Evangile. Elle \u00e9tait pr\u00e9sid\u00e9e par le chef de l\u2019assembl\u00e9e, l\u2019 Ap\u00f4tre Nestor Kamwanga.<\/p>\n<p>\u00a0<\/p>\n<p>Pour la petite histoire, le Pasteur Fran\u00e7ois Makolin Mbanzulu Zolana avant de recevoir\u00a0<span style=\"line-height: 1.3em;\">J\u00e9sus-Christ comme Seigneur et sauveur a pratiqu\u00e9 la musique de divertissement au sein d\u00b4un groupe des jeunes dans la ville de Matadi, en RD Congo, avec Fafa de Molokai, le d\u00e9funt Schekedan, Cartouche, Djo Nolo et autres avant d\u00b4int\u00e9grer, une fois arriv\u00e9 \u00e0 Kinshasa, le Stukas de Lita Bembo et Victoria Eleison de Emeneya. En 1987, soit six mois \u00a0apr\u00e8s son int\u00e9gration dans Victoria Eleison, il effectua plusieurs \u00a0voyages dans des pays europ\u00e9ens, mais suites aux d\u00e9ceptions relationnelles rencontr\u00e9es au sein de sa carri\u00e8re musicale, il d\u00e9cida de rester en Europe en 1987 pour \u00e9voluer en solo.<\/span><\/p>\n<p><span style=\"line-height: 1.3em;\"><br \/><\/span><\/p>\n<p>Etant l\u00b4un des chanteurs t\u00e9nors phares de l\u00b4\u00e9poque, des offres d\u00b4emplois vont lui tomber de part et d\u00b4autre. Il sera alors contact\u00e9 au m\u00eame moment par \u00a0Koffi Olomide (Quartier Latin), Nyoka Longo(Zaiko Langa Langa) et Papa Wemba (Viva la Musica). Mais \u00a0le destin va le pousser \u00a0de rester en Europe et plus tard d\u2019abandonner la musique de divertissement\u2026Pendant ce temps, il va \u00a0d\u00e9cider de \u00a0vivre dans l\u00b4isolement dans la ville de Dortmund et il fera la \u00a0rencontre d\u00b4un serviteur de Dieu, qui va lui apporter la bonne nouvelle de J\u00e9sus-Christ.<\/p>\n<p>\u00a0<\/p>\n<p>Depuis dix-huit ans, le fr\u00e8re Fran\u00e7ois Makolin Mbanzulu Zolana a fait le choix de rester dans les pieds des hommes de Dieu pour mieux grandir dans la foi, et en 2002 il sortit un album gospel intitule\u00b4 Gloire soit rendu \u00e0 Dieu, dont vous pouvez suivre un clip sur ce lien<\/p>\n<p><a href=\"http:\/\/www.youtube.com\/watch?v=X0WwBP58DVo&amp;hd=1\" target=\"_blank\" style=\"color: #1155cc; font-family: arial, sans-serif; font-size: 13px; line-height: normal;\"><span lang=\"FR\">http:\/\/www.youtube.com\/watch?v=X0WwBP58DVo&amp;hd=1<\/span><\/a><span style=\"color: #222222; font-family: arial, sans-serif; font-size: 13px; line-height: normal;\" lang=\"FR\">.<\/span><\/p>\n<p><span style=\"color: #222222; font-family: arial, sans-serif; font-size: 13px; line-height: normal;\" lang=\"FR\"><br \/><\/span><\/p>\n<p><span style=\"line-height: normal; color: #222222; font-family: arial, sans-serif; font-size: small;\">Un petit t\u00e9moignage<\/span><\/p>\n<p><span style=\"line-height: normal; color: #222222; font-family: arial, sans-serif; font-size: small;\"><br \/><\/span><\/p>\n<p><span style=\"color: #222222; font-family: arial, sans-serif; font-size: small; line-height: normal;\">\u00b4\u00b4Depuis mon enfance ma d\u00e9funte m\u00e8re n\u00b4avait \u00a0cess\u00e9 de proph\u00e9tiser sur mon minist\u00e8re pastorale, \u00a0je lui disais que je suis une star ; dans la famille je suis le plus c\u00e9l\u00e8bre et \u00a0je d\u00e9fends l\u00b4honneur de notre clan. Mais aujourd\u00b4hui c\u00b4est chose faite, et je suis au service du Seigneur J\u00e9sus-Christ !<\/span><\/p>\n<p><span style=\"color: #222222; font-family: arial, sans-serif; font-size: small; line-height: normal;\"><br \/><\/span><\/p>\n<p><span style=\"line-height: normal; color: #222222; font-family: arial, sans-serif; font-size: small;\">Je profite aussi de l\u00b4occasion pour informer aux internautes qui ont eu l\u00b4occasion de me lire, que Dieu a plac\u00e9 deux chemins devant nous, la vie et la mort, il nous conseille de choisir la vie pour vivre \u00e9ternellement. \u00a0J\u00e9sus-Christ revient bient\u00f4t et l\u2019on vit beaucoup des signes avant son av\u00e8nement, commeil Il l\u00b4a d\u00e9clar\u00e9. Revenons au Seigneur de gloire ; venez chanter pour lui et pas pour le monde et des choses qui ne produisent rien, car au ciel nous allons continuer avec cette merveilleuse vie qui est l\u00b4adoration de notre Seigneur J\u00e9sus-Christ !\u00b4\u00b4<\/span><\/p>\n<p><span style=\"line-height: normal; color: #222222; font-family: arial, sans-serif; font-size: small;\"><br \/><\/span><\/p>\n<address><span style=\"line-height: normal; color: #222222; font-family: arial, sans-serif; font-size: small;\">{youtube}X0WwBP58DVo{\/youtube}<\/span><\/address>\n<!-- AddThis Advanced Settings generic via filter on the_content --><!-- AddThis Share Buttons generic via filter on the_content -->","protected":false},"excerpt":{"rendered":"<p>Mari\u00e9 et P\u00e8re de deux enfants, le fr\u00e8re Fran\u00e7ois Makolin Mbanzulu Zolana vit actuellement \u00e0&#8230;<!-- AddThis Advanced Settings generic via filter on get_the_excerpt --><!-- AddThis Share Buttons generic via filter on get_the_excerpt --><\/p>\n","protected":false},"author":1,"featured_media":0,"comment_status":"open","ping_status":"open","sticky":false,"template":"","format":"standard","meta":[],"categories":[9],"tags":[],"_links":{"self":[{"href":"https:\/\/amagep.co.za\/fr\/wp-json\/wp\/v2\/posts\/602"}],"collection":[{"href":"https:\/\/amagep.co.za\/fr\/wp-json\/wp\/v2\/posts"}],"about":[{"href":"https:\/\/amagep.co.za\/fr\/wp-json\/wp\/v2\/types\/post"}],"author":[{"embeddable":true,"href":"https:\/\/amagep.co.za\/fr\/wp-json\/wp\/v2\/users\/1"}],"replies":[{"embeddable":true,"href":"https:\/\/amagep.co.za\/fr\/wp-json\/wp\/v2\/comments?post=602"}],"version-history":[{"count":0,"href":"https:\/\/amagep.co.za\/fr\/wp-json\/wp\/v2\/posts\/602\/revisions"}],"wp:attachment":[{"href":"https:\/\/amagep.co.za\/fr\/wp-json\/wp\/v2\/media?parent=602"}],"wp:term":[{"taxonomy":"category","embeddable":true,"href":"https:\/\/amagep.co.za\/fr\/wp-json\/wp\/v2\/categories?post=602"},{"taxonomy":"post_tag","embeddable":true,"href":"https:\/\/amagep.co.za\/fr\/wp-json\/wp\/v2\/tags?post=602"}],"curies":[{"name":"wp","href":"https:\/\/api.w.org\/{rel}","templated":true}]}}