{"id":599,"date":"2013-09-04T12:22:45","date_gmt":"2013-09-04T12:22:45","guid":{"rendered":"https:\/\/amagep.co.za\/fr\/2013\/09\/04\/vital-kamerhe-a-subjugue-la-diaspora-congolaise-dafrique-du-sud\/"},"modified":"2013-09-04T12:22:45","modified_gmt":"2013-09-04T12:22:45","slug":"vital-kamerhe-a-subjugue-la-diaspora-congolaise-dafrique-du-sud","status":"publish","type":"post","link":"https:\/\/amagep.co.za\/fr\/vital-kamerhe-a-subjugue-la-diaspora-congolaise-dafrique-du-sud\/","title":{"rendered":"Vital Kamerhe a subjugu\u00e9 la diaspora congolaise d&rsquo;Afrique du Sud"},"content":{"rendered":"<p style=\"text-align: center;\">{jcomments on}<img loading=\"lazy\" class=\" size-full wp-image-598\" src=\"https:\/\/amagep.co.za\/fr\/wp-content\/uploads\/2013\/09\/unc.jpg\" border=\"0\" width=\"503\" height=\"358\" srcset=\"https:\/\/amagep.co.za\/fr\/wp-content\/uploads\/2013\/09\/unc.jpg 503w, https:\/\/amagep.co.za\/fr\/wp-content\/uploads\/2013\/09\/unc-300x214.jpg 300w\" sizes=\"(max-width: 503px) 100vw, 503px\" \/><\/p>\n<p>Kamerhe, le pr\u00e9sident du parti Union pour la Nation Congolaise (UNC) a anim\u00e9 une conf\u00e9rence, le vendredi 30 ao\u00fbt dernier au Golden Gate Guesthouse, \u00e0 Johannesburg, sur la situation politique en R\u00e9publique D\u00e9mocratique du Congo notamment la crise qu\u2019elle traverse et qu\u2019il attribue aux \u00ab \u00a0erreurs aussi bien de la Communaut\u00e9 internationale, entre autres la d\u00e9cision d\u2019\u00e9riger les camps des r\u00e9fugi\u00e9s rwandais au Kivu, non loin de la fronti\u00e8re avec le Rwanda, et l\u2019accommodation avec la cohabitation des civils avec les miliciens Interhamue, que des gouvernements successifs de la RDC depuis le point de d\u00e9part de la trag\u00e9die congolaise : le g\u00e9nocide rwandais de 1994. \u00bb<\/p>\n<p>\u00a0<\/p>\n<p>  <!--more-->  <\/p>\n<p>\u00a0<\/p>\n<p>Vital Kamerhe a explicit\u00e9 ce point de vue en rappelant que \u00ab \u00a0le pr\u00e9sident Mobutu, esp\u00e9rait utiliser la question des r\u00e9fugi\u00e9s rwandais pour retourner sur la sc\u00e8ne politique internationale. Plus tard, son successeur Laurent-D\u00e9sir\u00e9 Kabila prendra une d\u00e9cision courageuse mais pr\u00e9cipit\u00e9e de se d\u00e9barrasser de ses alli\u00e9s rwandais et ougandais le 27 juillet 1998, et ces derniers contre-attaqu\u00e8rent avec la cr\u00e9ation des rebellions contre son r\u00e9gime, plongeant ainsi le pays dans la guerre la plus meurtri\u00e8re depuis la deuxi\u00e8me guerre mondiale. Joseph Kabila, qui a succ\u00e9d\u00e9 \u00e0 son p\u00e8re assassin\u00e9, accepta de participer au Dialogue intercongolais de Sun City et, cons\u00e9cutivement, au gouvernement d\u2019union national (sch\u00e9ma 1+4) le 1er avril 2003. Malheureusement, ayant acquis la l\u00e9gitimit\u00e9 suite \u00e0 l\u2019\u00e9lection de 2006, il s\u2019emballa dans une d\u00e9rive dictatoriale : lutte arm\u00e9e contre Jean-Pierre Bemba en pleine capitale Kinshasa, massacre des adeptes de Bundu dia Kongo, assassinat du grand activiste des droits de l\u2019homme, Floribert Chebeya, emprisonnement arbitraire des opposants, les contrats chinois sign\u00e9s de mani\u00e8re non-transparente, sans consulter le Parlement, etc. \u00bb<\/p>\n<p>\u00a0<\/p>\n<p>Concernant la crise actuelle, l\u2019ancien pr\u00e9sident de l\u2019Assembl\u00e9e nationale la consid\u00e8re, dans sa phase actuelle, comme \u00ab une crise de l\u00e9gitimit\u00e9 du r\u00e9gime de Kinshasa \u00bb apr\u00e8s les \u00e9lections de 2011 qu\u2019il juge \u00ab b\u00e2cl\u00e9es et non-transparentes \u00bb, une crise selon lui \u00ab \u00a0exacerb\u00e9e par la d\u00e9termination du Rwanda de maintenir le chaos \u00e0 l\u2019est du Congo pour des int\u00e9r\u00eats mal\u00e9fiques inavou\u00e9s \u00bb.<\/p>\n<p>\u00a0<\/p>\n<p>Pour r\u00e9soudre cette crise, l\u2019Accord d\u2019Addis Abeba, conclu sous l\u2019\u00e9gide des Nations Unies et de l\u2019Union Africaine, avait pr\u00e9conis\u00e9 un dialogue inter-congolais. R\u00e9sultat : le pr\u00e9sident Kabila a convoqu\u00e9 les concertations nationales pour le 4 septembre 2013 : \u00ab l\u2019\u2019UNC ne prendra pas part auxdites concertations \u00e0 cause des dispositions suspectes prises par le pouvoir organisateur : la nomination par le Chef de l\u2019\u00c9tat des membres du pr\u00e9sidium des Concertations sans discussion pr\u00e9alable avec l\u2019opposition et aussi parce que le terme \u00ab concertations \u00bb sous-entend une harmonisation de vues entre deux ou plusieurs parties d\u2019accord sur les questions de fond, tandis que le terme \u00ab dialogue \u00bb repris dans l\u2019accord implique un conflit entre les parties \u00bb. Et d\u2019ajouter que les r\u00e9solutions des concertations ne seront ni souveraines, ex\u00e9cutoires et opposables \u00e0 tous\u2014offrant ainsi au Pr\u00e9sident Kabila le loisir de les utiliser \u00e0 son gr\u00e9, pour le meilleur ou pour le pire. La suite ?<\/p>\n<p>\u00a0<\/p>\n<p>Quant \u00e0 la guerre de l\u2019est de la RDC, Kamerhe propose une coop\u00e9ration qui \u00ab permettrait au Congo d\u2019exploiter les ressources localis\u00e9es \u00e0 ses fronti\u00e8res en joint-venture avec ses onze voisins, et de partager son potentiel scandaleusement immense avec l\u2019Afrique et le reste du monde \u00bb. \u00ab Il y a plus \u00e0 gagner avec le Congo en temps de paix que pendant la guerre \u00bb, a-t-il insist\u00e9.<\/p>\n<p>\u00a0<\/p>\n<p>Cette rencontre \u00e9tait une initiative des organisations de la soci\u00e9t\u00e9 civile congolaise au pays de Nelson Mandela, en l\u2019occurrence le Mouvement Congo Paradis (un mouvement citoyen et spirituel de revendication des droits humains, civils et politiques de la Nation de la RDC), CongoRenaissance \u00ab un mouvement associatif des intellectuels congolais soucieux du d\u00e9collage du Congo \u00bb et AMAGEP (une ONG \u00e0 multiple t\u00e2ches, telles que le marketing, l\u2019analyse politique et culturelle, les droits de l\u2019homme et la lutte contre la pauvret\u00e9 et le SIDA).<\/p>\n<p style=\"text-align: center;\">{youtubejw}-bp4KkN8Jm4{\/youtubejw}<\/p>\n<!-- AddThis Advanced Settings generic via filter on the_content --><!-- AddThis Share Buttons generic via filter on the_content -->","protected":false},"excerpt":{"rendered":"<p>{jcomments on} Kamerhe, le pr\u00e9sident du parti Union pour la Nation Congolaise (UNC) a anim\u00e9&#8230;<!-- AddThis Advanced Settings generic via filter on get_the_excerpt --><!-- AddThis Share Buttons generic via filter on get_the_excerpt --><\/p>\n","protected":false},"author":1,"featured_media":598,"comment_status":"open","ping_status":"open","sticky":false,"template":"","format":"standard","meta":[],"categories":[6],"tags":[],"_links":{"self":[{"href":"https:\/\/amagep.co.za\/fr\/wp-json\/wp\/v2\/posts\/599"}],"collection":[{"href":"https:\/\/amagep.co.za\/fr\/wp-json\/wp\/v2\/posts"}],"about":[{"href":"https:\/\/amagep.co.za\/fr\/wp-json\/wp\/v2\/types\/post"}],"author":[{"embeddable":true,"href":"https:\/\/amagep.co.za\/fr\/wp-json\/wp\/v2\/users\/1"}],"replies":[{"embeddable":true,"href":"https:\/\/amagep.co.za\/fr\/wp-json\/wp\/v2\/comments?post=599"}],"version-history":[{"count":0,"href":"https:\/\/amagep.co.za\/fr\/wp-json\/wp\/v2\/posts\/599\/revisions"}],"wp:featuredmedia":[{"embeddable":true,"href":"https:\/\/amagep.co.za\/fr\/wp-json\/wp\/v2\/media\/598"}],"wp:attachment":[{"href":"https:\/\/amagep.co.za\/fr\/wp-json\/wp\/v2\/media?parent=599"}],"wp:term":[{"taxonomy":"category","embeddable":true,"href":"https:\/\/amagep.co.za\/fr\/wp-json\/wp\/v2\/categories?post=599"},{"taxonomy":"post_tag","embeddable":true,"href":"https:\/\/amagep.co.za\/fr\/wp-json\/wp\/v2\/tags?post=599"}],"curies":[{"name":"wp","href":"https:\/\/api.w.org\/{rel}","templated":true}]}}