{"id":587,"date":"2013-06-13T15:53:49","date_gmt":"2013-06-13T15:53:49","guid":{"rendered":"https:\/\/amagep.co.za\/fr\/2013\/06\/13\/junior-vangu-soffre-le-management-dune-jeune-chanteuse-pour-son-anniversaire\/"},"modified":"2013-06-13T15:53:49","modified_gmt":"2013-06-13T15:53:49","slug":"junior-vangu-soffre-le-management-dune-jeune-chanteuse-pour-son-anniversaire","status":"publish","type":"post","link":"https:\/\/amagep.co.za\/fr\/junior-vangu-soffre-le-management-dune-jeune-chanteuse-pour-son-anniversaire\/","title":{"rendered":"Junior Vangu s\u2019offre le management d\u2019une jeune chanteuse pour son anniversaire"},"content":{"rendered":"<p style=\"text-align: center;\"><img loading=\"lazy\" class=\" size-full wp-image-586\" src=\"https:\/\/amagep.co.za\/fr\/wp-content\/uploads\/2013\/06\/jvc_awards.jpg\" border=\"0\" alt=\"Junior Vangu\" width=\"499\" height=\"572\" srcset=\"https:\/\/amagep.co.za\/fr\/wp-content\/uploads\/2013\/06\/jvc_awards.jpg 499w, https:\/\/amagep.co.za\/fr\/wp-content\/uploads\/2013\/06\/jvc_awards-262x300.jpg 262w\" sizes=\"(max-width: 499px) 100vw, 499px\" \/><\/p>\n<p><span style=\"line-height: 1.3em;\">\u00c0 l\u2019occasion de son anniversaire, Junior Vangu avait r\u00eav\u00e9 d\u2019une grande soir\u00e9e en hommage aux hommes des m\u00e9dias de la diaspora congolaise \u00e0 Londres, finalement c\u2019est l\u2019encadrement d\u2019une vedette en herbe qu\u2019il s\u2019est offert.<\/span><\/p>\n<p>  <!--more-->  <\/p>\n<p class=\"MsoNormal\">Malgr\u00e9 la d\u00e9fection de plusieurs femmes et hommes des m\u00e9dias, des artistes congolais du Royaume Uni ont soign\u00e9 leurs images par des prestations unanimement salu\u00e9es avec un triomphe sans \u00e9gal \u00e0 l\u2019applaudim\u00e8tre de Cheryl Isako une fillette de 7 ans.<\/p>\n<p class=\"MsoNormal\">Avec aplomb et une forme d\u2019assurance doubl\u00e9e d\u2019insouciance, la jeune vedette a exhib\u00e9 de mani\u00e8re superbe la danse Shakalewa. Au grand \u00e9merveillement de Junior Vangu Champignon qui prit le micro pour annoncer qu\u2019il allait encadrer cette carri\u00e8re naissante. Autres musiciens pr\u00e9sents \u00e0 ce congolese cultural media awards du samedi 25 mai \u00e0 Londres \/Blackhorse-Walthamstow : Smokey 9.2.7.8, Celli Dynasty et B\u00e9b\u00e9 Vegas Tuthakamun.<\/p>\n<p class=\"MsoNormal\">Source<\/p>\n<p class=\"MsoNormal\"><a href=\"http:\/\/www.afriquechos.ch\/spip.php?article5905\" title=\"www.afriquechos.ch\">AFRIQUECHOS.CH <\/a><\/p>\n<!-- AddThis Advanced Settings generic via filter on the_content --><!-- AddThis Share Buttons generic via filter on the_content -->","protected":false},"excerpt":{"rendered":"<p>\u00c0 l\u2019occasion de son anniversaire, Junior Vangu avait r\u00eav\u00e9 d\u2019une grande soir\u00e9e en hommage aux&#8230;<!-- AddThis Advanced Settings generic via filter on get_the_excerpt --><!-- AddThis Share Buttons generic via filter on get_the_excerpt --><\/p>\n","protected":false},"author":1,"featured_media":585,"comment_status":"open","ping_status":"open","sticky":false,"template":"","format":"standard","meta":[],"categories":[5],"tags":[],"_links":{"self":[{"href":"https:\/\/amagep.co.za\/fr\/wp-json\/wp\/v2\/posts\/587"}],"collection":[{"href":"https:\/\/amagep.co.za\/fr\/wp-json\/wp\/v2\/posts"}],"about":[{"href":"https:\/\/amagep.co.za\/fr\/wp-json\/wp\/v2\/types\/post"}],"author":[{"embeddable":true,"href":"https:\/\/amagep.co.za\/fr\/wp-json\/wp\/v2\/users\/1"}],"replies":[{"embeddable":true,"href":"https:\/\/amagep.co.za\/fr\/wp-json\/wp\/v2\/comments?post=587"}],"version-history":[{"count":0,"href":"https:\/\/amagep.co.za\/fr\/wp-json\/wp\/v2\/posts\/587\/revisions"}],"wp:featuredmedia":[{"embeddable":true,"href":"https:\/\/amagep.co.za\/fr\/wp-json\/wp\/v2\/media\/585"}],"wp:attachment":[{"href":"https:\/\/amagep.co.za\/fr\/wp-json\/wp\/v2\/media?parent=587"}],"wp:term":[{"taxonomy":"category","embeddable":true,"href":"https:\/\/amagep.co.za\/fr\/wp-json\/wp\/v2\/categories?post=587"},{"taxonomy":"post_tag","embeddable":true,"href":"https:\/\/amagep.co.za\/fr\/wp-json\/wp\/v2\/tags?post=587"}],"curies":[{"name":"wp","href":"https:\/\/api.w.org\/{rel}","templated":true}]}}