{"id":584,"date":"2013-06-08T15:16:38","date_gmt":"2013-06-08T15:16:38","guid":{"rendered":"https:\/\/amagep.co.za\/fr\/2013\/06\/08\/la-signification-de-paques-dans-la-vie-chretienne-2\/"},"modified":"2013-06-08T15:16:38","modified_gmt":"2013-06-08T15:16:38","slug":"la-signification-de-paques-dans-la-vie-chretienne-2","status":"publish","type":"post","link":"https:\/\/amagep.co.za\/fr\/la-signification-de-paques-dans-la-vie-chretienne-2\/","title":{"rendered":"LA SIGNIFICATION DE PAQUES DANS LA VIE CHRETIENNE"},"content":{"rendered":"<p class=\"MsoNormal\"><img loading=\"lazy\" class=\" size-full wp-image-583\" src=\"https:\/\/amagep.co.za\/fr\/wp-content\/uploads\/2013\/06\/jossy_vangu.jpg\" border=\"0\" alt=\"Jossy Vangu\" title=\"Jossy Vangu\" width=\"403\" height=\"403\" srcset=\"https:\/\/amagep.co.za\/fr\/wp-content\/uploads\/2013\/06\/jossy_vangu.jpg 403w, https:\/\/amagep.co.za\/fr\/wp-content\/uploads\/2013\/06\/jossy_vangu-150x150.jpg 150w, https:\/\/amagep.co.za\/fr\/wp-content\/uploads\/2013\/06\/jossy_vangu-300x300.jpg 300w, https:\/\/amagep.co.za\/fr\/wp-content\/uploads\/2013\/06\/jossy_vangu-100x100.jpg 100w\" sizes=\"(max-width: 403px) 100vw, 403px\" \/><\/p>\n<p class=\"MsoNormal\">Il y a plus de deux mois le monde chr\u00e9tien c\u00e9l\u00e9brait le plus grand \u00e9v\u00e9nement de la spiritualit\u00e9 chr\u00e9tienne\u00a0: la r\u00e9surrection de notre Seigneur et Sauveur J\u00e9sus-Christ. En effet, \u00e0 l\u2019occasion de cette festivit\u00e9, le monde chr\u00e9tien comm\u00e9more la victoire du Dieu r\u00e9dempteur sur le p\u00e9ch\u00e9 et la mort, ainsi que la reconciliation de Dieu avec l\u2019humanit\u00e9 en retablissant la relation, que nos premiers parents avaient bris\u00e9e suite au p\u00e9ch\u00e9, entre Dieu et l\u2019Homme.<\/p>\n<p>  <!--more-->  <\/p>\n<p class=\"MsoNormal\">C\u2019est pourquoi moi, Jossy VANGU, habitant le quartier r\u00e9sidentiel Salongo-Sud, No. B3j 608, commune de Lemba, \u00e0 Kinshasa, RDC, j\u2019ai le privil\u00e8ge de rapporter cette festivit\u00e9 de P\u00e2ques telle qu\u2019elle s\u2019\u00e9tait d\u00e9roul\u00e9e dans notre paroisse de Salongo, qui, de surcro\u00eet, porte le nom de La R\u00e9surrection. Plus d\u2019un se demanderait pourquoi rendre compte de cet \u00e9v\u00e9nement apr\u00e8s deux mois.<\/p>\n<p class=\"MsoNormal\">\u00a0<\/p>\n<p class=\"MsoNormal\" style=\"text-align: justify\"><span> C\u2019est parce que la c\u00e9l\u00e9bration pascale de cette ann\u00e9e a eu un impact si puissant dans ma vie que son \u00e9cho m\u2019accompagne tous les jours\u00a0en me rappelant\u00a0: \u00ab\u00a0Jossy, tu a \u00e9t\u00e9 rachet\u00e9 par le sang de J\u00e9sus vers\u00e9 sur la croix\u00a0; et par sa mort et sa r\u00e9surrection, Dieu le P\u00e8re t\u2019a lib\u00e9r\u00e9 de l\u2019esclavage du p\u00e9ch\u00e9 et de la mort, et t\u2019a rev\u00eatu du droit d\u2019\u00eatre son enfant\u00a0\u00bb.<\/span><\/p>\n<p class=\"MsoNormal\" style=\"text-align: justify\"><span><br \/><\/span><\/p>\n<p class=\"MsoNormal\" style=\"text-align: justify\"><span>La f\u00eate de P\u00e2ques est constitu\u00e9e de trois grands jours aussi appel\u00e9s le \u00ab\u00a0Tridum pascal\u00a0\u00bb. Ils sont les suivants\u00a0: le Jeudi saint, le Vendredi saint et le Samedi saint. Ces derniers sont couronn\u00e9s par le grand jour de la r\u00e9surrection, qui est tomb\u00e9 le dimanche.<\/span><\/p>\n<p class=\"MsoNormal\" style=\"text-align: justify\"><span><br \/><\/span><\/p>\n<p class=\"MsoNormal\" style=\"text-align: justify\"><span>1. Le Jeudi Saint\u00a0: c\u2019est le jour o\u00f9 J\u00e9sus institua deux sacrements qui sont l\u2019Eucharistie et et l\u2019Ordre.<\/span><\/p>\n<p class=\"MsoNormal\" style=\"text-align: justify\"><span>a. Le sacrement de l\u2019Eucharistie signifie la pr\u00e9sence permanente du Seigneur J\u00e9sus au milieu de son Eglise \u00e0 travers son identification avec le pain (comme son corps) et le vin (comme son sang)\u00a0: \u00ab\u00a0Ceci est mon corps, qui est donn\u00e9 pour vous&#8230;Cette coupe est la nouvelle allience en mon sang, qui est r\u00e9pandu pour vous\u00a0\u00bb (Luc 22\u00a0:19-20). Ainsi, en mangeant de ce pain et en buvant de ce vin, chaque baptis\u00e9 communie au corps et au sang de J\u00e9sus.<\/span><\/p>\n<p class=\"MsoNormal\" style=\"text-align: justify\"><span><br \/><\/span><\/p>\n<p class=\"MsoNormal\" style=\"text-align: justify\"><span>b. Le sacrement de l\u2019Ordre signifie le service divin perp\u00e9tuel institu\u00e9 par J\u00e9sus et qui s\u2019identifie au sacerdoce de la Nouvelle Alliance et scell\u00e9 en ces termes\u00a0: \u00ab\u00a0Faites ceci en memoire de moi\u00a0\u00bb (Luc 22\u00a0:19). Il s\u2019identifie \u00e9galement \u00e0 l\u2019\u00e9piscopat, qui est l\u2019office des \u00e9v<\/span><span style=\"font-family: Sylfaen, serif\">\u00eaques qui consiste \u00e0 diriger l\u2019Eglise de J\u00e9sus<span> <\/span>Christ et \u00e0 veiller \u00e0 ce que l\u2019\u00e9vangile du Christ soit proclam\u00e9 dans sa pl\u00e9nitude.<\/span><\/p>\n<p class=\"MsoNormal\" style=\"text-align: justify\"><span style=\"font-family: Sylfaen, serif\"><br \/><\/span><\/p>\n<p class=\"MsoNormal\" style=\"text-align: justify\"><span style=\"font-family: Sylfaen, serif\">En plus, l\u2019un des gestes les plus marquants du Jeudi saint fut le lavement des pieds des disciples par J\u00e9sus le Ma\u00eetre avant de les introduire au repas pascal. La plus grande l\u00e9\u00e7on donn\u00e9e par J\u00e9sus dans ce geste est \u00e9minemment politique\u00a0: tout celui qui occupe une position d\u2019autorit\u00e9 doit servir et non se servir\u00a0; il doit se faire le dernier de tous au lieu de dominer les autres. Ainsi dit-il\u00a0: \u00ab\u00a0Vous savez que les chefs des nations les tyrannisent, et que les grands les asservissent. Il n\u2019en sera pas de m\u00eame au milieu de vous. <\/span><\/p>\n<p class=\"MsoNormal\" style=\"text-align: justify\"><span style=\"font-family: Sylfaen, serif\"><br \/><\/span><\/p>\n<p class=\"MsoNormal\" style=\"text-align: justify\"><span style=\"font-family: Sylfaen, serif\">Mais quiconque veut \u00eatre grand parmi vous, qu\u2019il soit votre esclave. C\u2019est ainsi que le Fils de l\u2019homme est venu, non pour \u00eatre servi, mais pour servir et donner sa vie comme la ran\u00e7on de plusieurs\u00a0\u00bb (Matthieu 20\u00a0:25-28). La c\u00e9r\u00e9monie fut men\u00e9e <span> <\/span>par l\u2019officiant du jour, Monsieur l\u2019Abb\u00e9 Stanislas Kalanda, cur\u00e9 de notre paroisse. Jouant le r\u00f4le de J\u00e9sus, il lava les pieds de quelques paroissiens comme disciples, y compris mon grand-p\u00e8re bien-aim\u00e9, Jean-Louis Willy Vangu, devenu l\u2019ap\u00f4tre Jean.<\/span><\/p>\n<p class=\"MsoNormal\" style=\"text-align: justify\"><span style=\"font-family: Sylfaen, serif\"><br \/><\/span><\/p>\n<p class=\"MsoNormal\" style=\"text-align: justify\"><span style=\"font-family: Sylfaen, serif\">2. Le Vendredi Saint\u00a0: c\u2019est le jour o\u00f9 les chr\u00e9tiens comm\u00e9morent la passion et la mort de notre Seigneur J\u00e9sus Christ sur la croix, \u00e0 Golgotha. C\u2019\u00e9tait sous le gouverneur romain, Ponce Pilate, et le roi H\u00e9rode. Il est domin\u00e9 par le chemin de croix, que nous m\u00e9dit\u00e2mes \u00e0 travers les rues de Salongo, notre quartier. A travers le chemin de croix, nous nous souvenons de la condition donn\u00e9e par J\u00e9sus pour \u00eatre son disciple et aller au Ciel\u00a0: nous devons toujours porter notre croix, c\u2019est-\u00e0-dire crucifier notre chair avec ses passions et ses convoitises.<\/span><\/p>\n<p class=\"MsoNormal\" style=\"text-align: justify\"><span style=\"font-family: Sylfaen, serif\"><br \/><\/span><\/p>\n<p class=\"MsoNormal\" style=\"text-align: justify\"><span style=\"font-family: Sylfaen, serif\">3. Le Samedi Saint\u00a0: J\u00e9sus descendit dans le s\u00e9jour des morts pour r\u00e9veiller les justes qui s\u2019endormaient dans l\u2019attente de la r\u00e9surrection et les entra\u00eener dans sa cohorte triomphale vers le Paradis. C\u2019est la veill\u00e9e pascale, l\u2019attente de la lib\u00e9ration spirituelle de l\u2019humanit\u00e9.<\/span><\/p>\n<p class=\"MsoNormal\" style=\"text-align: justify\"><span style=\"font-family: Sylfaen, serif\"><br \/><\/span><\/p>\n<p class=\"MsoNormal\" style=\"text-align: justify\"><span style=\"font-family: Sylfaen, serif\">4. Le Dimanche\u00a0: c\u2019est P\u00e2ques. J\u00e9sus est rescussit\u00e9 d\u2019entre les morts, neutralisant ainsi le pouvoir du p\u00e9ch\u00e9 et de la mort et guarantissant la vie \u00e9ternelle \u00e0 tout celui qui croit en son nom. En somme, la r\u00e9surrection de notre Seigneur J\u00e9sus Christ est le fondement de la foi chr\u00e9tienne. A cette occasion, notre Paroisse de la R\u00e9surrection fut honor\u00e9e par la pr\u00e9sence de Monseigneur Timoth\u00e9e Budika, qui fut le principal c\u00e9l\u00e9brant de la messe.<\/span><\/p>\n<p class=\"MsoNormal\" style=\"text-align: justify\"><span style=\"font-family: Sylfaen, serif\"><br \/><\/span><\/p>\n<p class=\"MsoNormal\" style=\"text-align: justify\"><span style=\"font-family: Sylfaen, serif\">En conclusion, p\u00e2ques donne tout le sens \u00e0 la vie de la personne humaine et \u00e0 la marche des nations. Il nous rappelle que J\u00e9sus Christ est toujours pr\u00e9sent au milieu de son peuple, son Eglise\u00a0; qu\u2019il est \u00e0 la porte du coeur de tout un chacun, pr\u00eat \u00e0 lui accorder le salut \u00e9ternel s\u2019il l\u2019ouvre \u00e0 Lui en croyant en son nom\u00a0; qu\u2019Il est la solution aux fl\u00e9aux qui frappent les nations, si leurs dirigeants le re\u00e7oivent comme leur Seigneur et Sauveur (d\u2019o\u00f9 son titre de Roi des rois)\u00a0; et que le dessein divin ultime est la restauration de l\u2019univers en son sang.<\/span><\/p>\n<p class=\"MsoNormal\" style=\"text-align: justify\"><span style=\"font-family: Sylfaen, serif\"><br \/><\/span><\/p>\n<p class=\"MsoNormal\" style=\"text-align: justify\">{fcomment}<\/p>\n<!-- AddThis Advanced Settings generic via filter on the_content --><!-- AddThis Share Buttons generic via filter on the_content -->","protected":false},"excerpt":{"rendered":"<p>Il y a plus de deux mois le monde chr\u00e9tien c\u00e9l\u00e9brait le plus grand \u00e9v\u00e9nement&#8230;<!-- AddThis Advanced Settings generic via filter on get_the_excerpt --><!-- AddThis Share Buttons generic via filter on get_the_excerpt --><\/p>\n","protected":false},"author":1,"featured_media":583,"comment_status":"open","ping_status":"open","sticky":false,"template":"","format":"standard","meta":[],"categories":[9],"tags":[],"_links":{"self":[{"href":"https:\/\/amagep.co.za\/fr\/wp-json\/wp\/v2\/posts\/584"}],"collection":[{"href":"https:\/\/amagep.co.za\/fr\/wp-json\/wp\/v2\/posts"}],"about":[{"href":"https:\/\/amagep.co.za\/fr\/wp-json\/wp\/v2\/types\/post"}],"author":[{"embeddable":true,"href":"https:\/\/amagep.co.za\/fr\/wp-json\/wp\/v2\/users\/1"}],"replies":[{"embeddable":true,"href":"https:\/\/amagep.co.za\/fr\/wp-json\/wp\/v2\/comments?post=584"}],"version-history":[{"count":0,"href":"https:\/\/amagep.co.za\/fr\/wp-json\/wp\/v2\/posts\/584\/revisions"}],"wp:featuredmedia":[{"embeddable":true,"href":"https:\/\/amagep.co.za\/fr\/wp-json\/wp\/v2\/media\/583"}],"wp:attachment":[{"href":"https:\/\/amagep.co.za\/fr\/wp-json\/wp\/v2\/media?parent=584"}],"wp:term":[{"taxonomy":"category","embeddable":true,"href":"https:\/\/amagep.co.za\/fr\/wp-json\/wp\/v2\/categories?post=584"},{"taxonomy":"post_tag","embeddable":true,"href":"https:\/\/amagep.co.za\/fr\/wp-json\/wp\/v2\/tags?post=584"}],"curies":[{"name":"wp","href":"https:\/\/api.w.org\/{rel}","templated":true}]}}